{"id":65059,"date":"2023-11-26T08:23:41","date_gmt":"2023-11-26T07:23:41","guid":{"rendered":"https:\/\/miradordeatarfe.es\/?p=65059"},"modified":"2023-11-22T13:38:30","modified_gmt":"2023-11-22T12:38:30","slug":"un-estudio-apunta-a-que-a-finales-de-esta-decada-mas-de-tres-cuartas-partes-de-la-energia-limpia-instalada-sera-solar-y-eolica","status":"publish","type":"post","link":"https:\/\/miradordeatarfe.es\/?p=65059","title":{"rendered":"Un estudio apunta a que a finales de esta d\u00e9cada, m\u00e1s de tres cuartas partes de la energ\u00eda limpia instalada ser\u00e1 solar y e\u00f3lica"},"content":{"rendered":"<div class=\"ad ad-giga ad-giga-1\">\u00a0<\/div>\n<article class=\"a _g _g-lg _g-o\">\n<header class=\"a_e _g _g-xs\">\n<div class=\"a_e_txt _df\">\n<h1 class=\"a_t\">Los gobiernos contemplan duplicar las renovables en 2030, pero se necesita triplicarlas para combatir la crisis clim\u00e1tica<\/h1>\n<\/div>\n<\/header>\n<div class=\"a_c clearfix\" data-dtm-region=\"articulo_cuerpo\">\n<p class=\"\" style=\"text-align: justify;\">Triplicar la capacidad de energ\u00eda renovable esta d\u00e9cada \u2014es decir, pasar de los 3.400 gigavatios (GW) de 2022 a los 11.000 en 2030\u2014 se ha convertido en <a href=\"https:\/\/www.reuters.com\/sustainability\/g20-agrees-pursue-tripling-renewables-capacity-stop-short-major-goals-2023-09-09\/\" target=\"_blank\" rel=\"noopener\" data-link-track-dtm=\"\" data-mrf-link=\"https:\/\/www.reuters.com\/sustainability\/g20-agrees-pursue-tripling-renewables-capacity-stop-short-major-goals-2023-09-09\/\">un mantra de la lucha internacional contra el cambio clim\u00e1tico<\/a>. Lograr ese objetivo est\u00e1 al alcance de la humanidad, seg\u00fan muestra un an\u00e1lisis del centro de estudios especializado en cambio clim\u00e1tico y energ\u00eda Ember. Este grupo de expertos asegura que en estos momentos, los planes nacionales que tienen los gobiernos de 57 pa\u00edses \u2014que acumulan en su conjunto el 90% del sector energ\u00e9tico mundial\u2014 ya conducir\u00e1n a que en 2030 se haya duplicado la instalaci\u00f3n de renovable, al alcanzarse los 7.300 GW. \u201cM\u00e1s de tres cuartas partes de la capacidad renovable en 2030 provendr\u00e1n de la energ\u00eda solar y e\u00f3lica\u201d, a\u00f1ade. El resto mayoritariamente ser\u00e1 energ\u00eda hidroel\u00e9ctrica, que no est\u00e1 creciendo ni mucho menos al mismo ritmo que las tecnolog\u00edas que se alimentan del viento y el sol para producir electricidad, cuyos costes se han desplomado.<\/p>\n<p class=\"\" style=\"text-align: justify;\">Desde que la Agencia Internacional de la Energ\u00eda (AIE) y la Agencia Internacional de las Energ\u00edas Renovables (Irena) fijaron esa meta como una de las medidas que se deben tomar para poder cumplir con el <a href=\"https:\/\/elpais.com\/internacional\/2015\/12\/12\/actualidad\/1449910910_209267.html\" target=\"_blank\" rel=\"noopener\" data-link-track-dtm=\"\" data-mrf-link=\"https:\/\/elpais.com\/internacional\/2015\/12\/12\/actualidad\/1449910910_209267.html\">Acuerdo de Par\u00eds<\/a>, el objetivo de triplicar la potencia instalada de energ\u00eda limpia en el mundo se ha ido asumiendo en la agenda internacional. As\u00ed ocurri\u00f3 en <a href=\"https:\/\/www.reuters.com\/sustainability\/g20-agrees-pursue-tripling-renewables-capacity-stop-short-major-goals-2023-09-09\/\" target=\"_blank\" rel=\"noopener\" data-link-track-dtm=\"\" data-mrf-link=\"https:\/\/www.reuters.com\/sustainability\/g20-agrees-pursue-tripling-renewables-capacity-stop-short-major-goals-2023-09-09\/\">la reuni\u00f3n del G-20 en la India en septiembre<\/a> o en <a href=\"https:\/\/elpais.com\/clima-y-medio-ambiente\/2023-10-02\/triplicar-las-renovables-en-2030-se-convierte-en-el-mantra-de-la-lucha-climatica-internacional.html\" target=\"_blank\" rel=\"noopener\" data-link-track-dtm=\"\" data-mrf-link=\"https:\/\/elpais.com\/clima-y-medio-ambiente\/2023-10-02\/triplicar-las-renovables-en-2030-se-convierte-en-el-mantra-de-la-lucha-climatica-internacional.html\">la minicumbre de energ\u00eda y clima que Espa\u00f1a acogi\u00f3 en octubre<\/a>. China y Estados Unidos tambi\u00e9n <a href=\"https:\/\/elpais.com\/clima-y-medio-ambiente\/2023-11-15\/china-y-ee-uu-se-comprometen-a-acelerar-las-renovables-para-reemplazar-a-los-combustibles-fosiles.html\" target=\"_blank\" rel=\"noopener\" data-link-track-dtm=\"\" data-mrf-link=\"https:\/\/elpais.com\/clima-y-medio-ambiente\/2023-11-15\/china-y-ee-uu-se-comprometen-a-acelerar-las-renovables-para-reemplazar-a-los-combustibles-fosiles.html\">se comprometieron la semana pasada a que impulsar\u00e1n ese objetivo en la cumbre del clima anual<\/a>, la COP28, que comienza en Dub\u00e1i el d\u00eda 30 y que durar\u00e1 hasta el 12 de diciembre.<\/p>\n<p class=\"\" style=\"text-align: justify;\">El an\u00e1lisis concluye que es perfectamente posible cumplir el objetivo global de triplicar la energ\u00eda renovable mundial, lo que no significa que cada pa\u00eds deba triplicar su potencia, porque no es lo mismo cuando se parte de cero que cuando un sistema ya tiene una fuerte implantaci\u00f3n de e\u00f3lica y solar. En cualquier caso, los 11.000 GW de energ\u00eda verde est\u00e1n al alcance de las naciones en estos momentos.<\/p>\n<p class=\"\" style=\"text-align: justify;\">Para ello, Ember se\u00f1ala que el mundo necesita aumentar el despliegue de energ\u00edas renovables en un 17% cada a\u00f1o durante lo que queda de d\u00e9cada. \u201cEl mundo ya alcanz\u00f3 esta tasa de crecimiento anual durante el per\u00edodo comprendido entre 2016 y 2023\u2033, resalta el estudio. Pero los analistas creen que existe todav\u00eda un desacople entre los planes nacionales y la velocidad que est\u00e1 adquiriendo el sector. \u201cLos gobiernos deben aumentar sus ambiciones y establecer objetivos que reflejen el verdadero ritmo de crecimiento del mercado de las energ\u00edas renovables en sus respectivos pa\u00edses\u201d, explican. Porque \u201cel actual auge de las energ\u00edas renovables ya est\u00e1 superando el crecimiento previsto por los gobiernos\u201d.<\/p>\n<p class=\"\" style=\"text-align: justify;\">Este grupo de expertos se\u00f1ala a un grupo de 10 pa\u00edses que ya tienen objetivos que triplican su capacidad para 2022, entre los que est\u00e1n India y Arabia Saud\u00ed. El informe sit\u00faa a Espa\u00f1a entre el grupo de 12 pa\u00edses que llevan ahora un ritmo de implantaci\u00f3n de renovables que, de mantenerse, los llevar\u00e1 a superar c\u00f3modamente el objetivo que se han fijado para 2030. Y se se\u00f1ala directamente a cuatro pa\u00edses que pueden perfectamente intensificar sus objetivos: Australia, Jap\u00f3n, Corea del Sur y Emiratos \u00c1rabes Unidos.<\/p>\n<p class=\"\" style=\"text-align: justify;\">Precisamente, Emiratos \u00c1rabes Unidos es el anfitri\u00f3n de la cumbre del clima de este a\u00f1o, adem\u00e1s de ser uno de los grandes productores y financiadores de combustibles f\u00f3siles. Y esa es la otra clave de esta historia de la transici\u00f3n hacia un mundo libre de emisiones de gases de efecto invernadero.<\/p>\n<p class=\"\" style=\"text-align: justify;\">Para cumplir con el Acuerdo de Par\u00eds y dejar <a href=\"https:\/\/elpais.com\/clima-y-medio-ambiente\/2023-05-17\/el-cambio-climatico-y-el-nino-elevaran-hasta-limites-desconocidos-la-temperatura-global-advierte-la-onu.html\" target=\"_blank\" rel=\"noopener\" data-link-track-dtm=\"\" data-mrf-link=\"https:\/\/elpais.com\/clima-y-medio-ambiente\/2023-05-17\/el-cambio-climatico-y-el-nino-elevaran-hasta-limites-desconocidos-la-temperatura-global-advierte-la-onu.html\">el calentamiento global dentro de los l\u00edmites lo m\u00e1s seguros posible<\/a>, no basta solo con triplicar la potencia renovable en el mundo. Hace falta tambi\u00e9n, seg\u00fan la AIE, duplicar la eficiencia, es decir, reducir el uso de la energ\u00eda. Y, como ha recordado este lunes el secretario general de la ONU, Ant\u00f3nio Guterres, se debe trazar \u201cun rumbo para acabar con los combustibles f\u00f3siles\u201d, es decir, el carb\u00f3n, el petr\u00f3leo y el gas natural.<\/p>\n<p class=\"\" style=\"text-align: justify;\">Guterres ha recalcado que, para cumplir con Par\u00eds, se necesita \u201carrancar la ra\u00edz envenenada de la crisis clim\u00e1tica: <a href=\"https:\/\/elpais.com\/clima-y-medio-ambiente\/2023-11-14\/dejar-los-combustibles-fosiles-mejora-la-salud-las-muertes-por-la-contaminacion-de-particulas-han-caido-un-16-desde-2005.html\" target=\"_blank\" rel=\"noopener\" data-link-track-dtm=\"\" data-mrf-link=\"https:\/\/elpais.com\/clima-y-medio-ambiente\/2023-11-14\/dejar-los-combustibles-fosiles-mejora-la-salud-las-muertes-por-la-contaminacion-de-particulas-han-caido-un-16-desde-2005.html\">los combustibles f\u00f3siles<\/a>\u201d. Sin embargo, un reciente informe apadrinado por la ONU advert\u00eda de que los pa\u00edses productores de combustibles f\u00f3siles contemplan todav\u00eda seguir aumentando la producci\u00f3n de carb\u00f3n, petr\u00f3leo y gas natural en las pr\u00f3ximas d\u00e9cadas. Si se hacen realidad esas proyecciones, ser\u00e1 imposible cumplir con el Acuerdo de Par\u00eds, que tiene como principal objetivo que el incremento de la temperatura no sobrepase los dos grados Celsius respecto a los niveles preindustriales y, en la medida de lo posible, los 1,5.<\/p>\n<header class=\"a_e _g _g-xs\">\n<div class=\"a_e_txt _df\">\n<div class=\"a_md_txt\">\n<div class=\"a_md_a\" data-dtm-region=\"articulo_firma\"><a class=\"a_md_a_n\" title=\"Ver todas las noticias de Manuel Planelles\" href=\"https:\/\/elpais.com\/autor\/manuel-planelles\/#?rel=author_top\" data-mrf-link=\"https:\/\/elpais.com\/autor\/manuel-planelles\/\"><strong>Manuel Planelles<\/strong><\/a><\/div>\n<\/div>\n<\/div>\n<div class=\"a_e_m\">\n<figure class=\"a_m a_m-h \"><figcaption class=\"a_m_p\">FOTO: Aerogeneradores y paneles solares fotovoltaicos en la provincia china de Guizhou.<span class=\"a_m_m\">Future Publishing (Future Publishing via Getty Imag)<\/span><\/figcaption><\/figure>\n<\/div>\n<\/header>\n<div class=\"a_md _g _g-xs \">\n<div class=\"a_md_txt\">\n<div class=\"a_md_a\" data-dtm-region=\"articulo_firma\">https:\/\/elpais.com\/clima-y-medio-ambiente\/2023-11-21\/los-gobiernos-contemplan-duplicar-las-renovables-en-2030-pero-se-necesita-triplicarlas-para-combatir-la-crisis-climatica.html<\/div>\n<div class=\"a_md_f\">\u00a0<\/div>\n<div class=\"w_rs\" data-dtm-region=\"articulo_botonera-social\">\n<div class=\"w_rs_i\">\u00a0<\/div>\n<div class=\"w_rs_i\">\u00a0<\/div>\n<\/div>\n<\/div>\n<\/div>\n<\/div>\n<\/article>\n","protected":false},"excerpt":{"rendered":"<p>\u00a0 Los gobiernos contemplan duplicar las renovables en 2030, pero se necesita triplicarlas para combatir&#8230;<\/p>\n","protected":false},"author":1,"featured_media":65060,"comment_status":"closed","ping_status":"closed","sticky":false,"template":"","format":"standard","meta":{"_coblocks_attr":"","_coblocks_dimensions":"","_coblocks_responsive_height":"","_coblocks_accordion_ie_support":"","jetpack_post_was_ever_published":false,"_jetpack_newsletter_access":"","_jetpack_dont_email_post_to_subs":false,"_jetpack_newsletter_tier_id":0,"_jetpack_memberships_contains_paywalled_content":false,"_jetpack_memberships_contains_paid_content":false,"footnotes":"","jetpack_publicize_message":"","jetpack_publicize_feature_enabled":true,"jetpack_social_post_already_shared":true,"jetpack_social_options":{"image_generator_settings":{"template":"highway","default_image_id":0,"enabled":false},"version":2}},"categories":[1161,9,44],"tags":[],"class_list":["post-65059","post","type-post","status-publish","format-standard","has-post-thumbnail","hentry","category-ciudadania","category-medio-ambiente","category-noticias-de-hoy"],"jetpack_publicize_connections":[],"jetpack_featured_media_url":"https:\/\/i0.wp.com\/miradordeatarfe.es\/wp-content\/uploads\/2023\/11\/Screenshot-2023-11-21-at-14-25-13-Los-gobiernos-contemplan-duplicar-las-renovables-en-2030-pero-se-necesita-triplicarlas-para-combatir-la-crisis-climatica.png?fit=372%2C408&ssl=1","jetpack_likes_enabled":true,"jetpack_sharing_enabled":true,"_links":{"self":[{"href":"https:\/\/miradordeatarfe.es\/index.php?rest_route=\/wp\/v2\/posts\/65059","targetHints":{"allow":["GET"]}}],"collection":[{"href":"https:\/\/miradordeatarfe.es\/index.php?rest_route=\/wp\/v2\/posts"}],"about":[{"href":"https:\/\/miradordeatarfe.es\/index.php?rest_route=\/wp\/v2\/types\/post"}],"author":[{"embeddable":true,"href":"https:\/\/miradordeatarfe.es\/index.php?rest_route=\/wp\/v2\/users\/1"}],"replies":[{"embeddable":true,"href":"https:\/\/miradordeatarfe.es\/index.php?rest_route=%2Fwp%2Fv2%2Fcomments&post=65059"}],"version-history":[{"count":1,"href":"https:\/\/miradordeatarfe.es\/index.php?rest_route=\/wp\/v2\/posts\/65059\/revisions"}],"predecessor-version":[{"id":65061,"href":"https:\/\/miradordeatarfe.es\/index.php?rest_route=\/wp\/v2\/posts\/65059\/revisions\/65061"}],"wp:featuredmedia":[{"embeddable":true,"href":"https:\/\/miradordeatarfe.es\/index.php?rest_route=\/wp\/v2\/media\/65060"}],"wp:attachment":[{"href":"https:\/\/miradordeatarfe.es\/index.php?rest_route=%2Fwp%2Fv2%2Fmedia&parent=65059"}],"wp:term":[{"taxonomy":"category","embeddable":true,"href":"https:\/\/miradordeatarfe.es\/index.php?rest_route=%2Fwp%2Fv2%2Fcategories&post=65059"},{"taxonomy":"post_tag","embeddable":true,"href":"https:\/\/miradordeatarfe.es\/index.php?rest_route=%2Fwp%2Fv2%2Ftags&post=65059"}],"curies":[{"name":"wp","href":"https:\/\/api.w.org\/{rel}","templated":true}]}}