{"id":65065,"date":"2023-11-22T10:15:00","date_gmt":"2023-11-22T09:15:00","guid":{"rendered":"https:\/\/miradordeatarfe.es\/?p=65065"},"modified":"2023-11-22T16:51:41","modified_gmt":"2023-11-22T15:51:41","slug":"atarfe-la-concejalia-de-igualdad-ante-el-25-de-noviembre-dia-internacional-para-la-eliminacion-de-la-violencia-contra-la-mujer","status":"publish","type":"post","link":"https:\/\/miradordeatarfe.es\/?p=65065","title":{"rendered":"ATARFE: LA CONCEJAL\u00cdA DE IGUALDAD ANTE EL 25 de Noviembre &#8211; D\u00eda Internacional para la Eliminaci\u00f3n de la Violencia Contra la Mujer"},"content":{"rendered":"<div class=\"\" dir=\"auto\">\n<div id=\":rjq:\" class=\"x1iorvi4 x1pi30zi x1l90r2v x1swvt13\" data-ad-comet-preview=\"message\" data-ad-preview=\"message\">\n<div class=\"x78zum5 xdt5ytf xz62fqu x16ldp7u\">\n<div class=\"xu06os2 x1ok221b\">\n<div class=\"xdj266r x11i5rnm xat24cr x1mh8g0r x1vvkbs x126k92a\">\n<h2 dir=\"auto\">El pr\u00f3ximo Viernes 24 de Noviembre a las 12:00, nos concentraremos en la Plaza del Ayuntamiento para alzar nuestra voz en contra de la Violencia Contra la Mujer<\/h2>\n<\/div>\n<div class=\"x11i5rnm xat24cr x1mh8g0r x1vvkbs xtlvy1s x126k92a\">\u00a0<\/div>\n<div dir=\"auto\">\n<div class=\"xdj266r x11i5rnm xat24cr x1mh8g0r x1vvkbs x126k92a\">\n<div dir=\"auto\"><a href=\"https:\/\/i0.wp.com\/miradordeatarfe.es\/wp-content\/uploads\/2023\/11\/402655434_720458173465034_3314286595888143473_n.jpg?ssl=1\"><img data-recalc-dims=\"1\" loading=\"lazy\" decoding=\"async\" class=\"alignnone wp-image-65066 size-full\" src=\"https:\/\/i0.wp.com\/miradordeatarfe.es\/wp-content\/uploads\/2023\/11\/402655434_720458173465034_3314286595888143473_n.jpg?resize=526%2C526&#038;ssl=1\" alt=\"\" width=\"526\" height=\"526\" srcset=\"https:\/\/i0.wp.com\/miradordeatarfe.es\/wp-content\/uploads\/2023\/11\/402655434_720458173465034_3314286595888143473_n.jpg?w=526&amp;ssl=1 526w, https:\/\/i0.wp.com\/miradordeatarfe.es\/wp-content\/uploads\/2023\/11\/402655434_720458173465034_3314286595888143473_n.jpg?resize=300%2C300&amp;ssl=1 300w, https:\/\/i0.wp.com\/miradordeatarfe.es\/wp-content\/uploads\/2023\/11\/402655434_720458173465034_3314286595888143473_n.jpg?resize=150%2C150&amp;ssl=1 150w\" sizes=\"auto, (max-width: 526px) 100vw, 526px\" \/><\/a><\/div>\n<div dir=\"auto\">\u00a0<\/div>\n<div dir=\"auto\">Con motivo del 25 de Noviembre &#8211; D\u00eda Internacional para la Eliminaci\u00f3n de la Violencia Contra la Mujer, desde la Concejal\u00eda de Igualdad, llevaremos a cabo actividades de sensibilizaci\u00f3n en los Colegios de Atarfe. Se trata de talleres que promover\u00e1n la igualdad a trav\u00e9s de los cuentos.<\/div>\n<div dir=\"auto\">\u00a0<\/div>\n<\/div>\n<div class=\"x11i5rnm xat24cr x1mh8g0r x1vvkbs xtlvy1s x126k92a\">\n<div dir=\"auto\">La \u00fanica forma de erradicar esta lacra de nuestra sociedad es actuando y sensibilizando desde edades tempranas. Nuestras ni\u00f1as ser\u00e1n las mujeres del futuro, libres de vivir situaciones de desigualdad o maltrato. Juntos\/as construimos un futuro m\u00e1s igualitario<\/div>\n<div dir=\"auto\">\u00a0<\/div>\n<div dir=\"auto\"><a href=\"https:\/\/i0.wp.com\/miradordeatarfe.es\/wp-content\/uploads\/2023\/11\/402650367_720461336798051_8114285276851755477_n.jpg?ssl=1\"><img data-recalc-dims=\"1\" loading=\"lazy\" decoding=\"async\" class=\"alignnone wp-image-65067 size-full\" src=\"https:\/\/i0.wp.com\/miradordeatarfe.es\/wp-content\/uploads\/2023\/11\/402650367_720461336798051_8114285276851755477_n.jpg?resize=526%2C520&#038;ssl=1\" alt=\"\" width=\"526\" height=\"520\" srcset=\"https:\/\/i0.wp.com\/miradordeatarfe.es\/wp-content\/uploads\/2023\/11\/402650367_720461336798051_8114285276851755477_n.jpg?w=526&amp;ssl=1 526w, https:\/\/i0.wp.com\/miradordeatarfe.es\/wp-content\/uploads\/2023\/11\/402650367_720461336798051_8114285276851755477_n.jpg?resize=300%2C297&amp;ssl=1 300w\" sizes=\"auto, (max-width: 526px) 100vw, 526px\" \/><\/a><\/div>\n<\/div>\n<div dir=\"auto\">\u00a0<\/div>\n<div dir=\"auto\">El <a href=\"https:\/\/elpais.com\/sociedad\/2021-11-25\/todos-los-grupos-politicos-salvo-vox-ratifican-el-pacto-de-estado-contra-la-violencia-de-genero.html\" target=\"_blank\" rel=\"noopener\" data-link-track-dtm=\"\" data-mrf-link=\"https:\/\/elpais.com\/sociedad\/2021-11-25\/todos-los-grupos-politicos-salvo-vox-ratifican-el-pacto-de-estado-contra-la-violencia-de-genero.html\">Pacto de Estado contra la Violencia de G\u00e9nero<\/a> daba cinco a\u00f1os para cumplir 290 medidas encaminadas a mejorar la respuesta del Estado contra las violencias machistas: concluido ese plazo, se han culminado el 65,5%, el 29,3% est\u00e1 en camino pero incompletas, el 3,2% se han incumplido y el 2% no han sido evaluadas al no ser competencia de la Administraci\u00f3n General del Estado. La mayor\u00eda de estas medidas incumplidas, nueve, dependen del Ministerio de Justicia (ocho) y una del de Sanidad, seg\u00fan fuentes del Ministerio de Igualdad. Entre ellas, no se ha puesto en marcha la reforma del C\u00f3digo Penal para suprimir como atenuante la confesi\u00f3n del maltratador ni la detecci\u00f3n precoz de la violencia machista desde las consultas m\u00e9dicas<\/div>\n<div dir=\"auto\">\u00a0<\/div>\n<\/div>\n<\/div>\n<\/div>\n<\/div>\n<\/div>\n","protected":false},"excerpt":{"rendered":"<p>El pr\u00f3ximo Viernes 24 de Noviembre a las 12:00, nos concentraremos en la Plaza del&#8230;<\/p>\n","protected":false},"author":1,"featured_media":65069,"comment_status":"closed","ping_status":"closed","sticky":false,"template":"","format":"standard","meta":{"_coblocks_attr":"","_coblocks_dimensions":"","_coblocks_responsive_height":"","_coblocks_accordion_ie_support":"","jetpack_post_was_ever_published":false,"_jetpack_newsletter_access":"","_jetpack_dont_email_post_to_subs":false,"_jetpack_newsletter_tier_id":0,"_jetpack_memberships_contains_paywalled_content":false,"_jetpack_memberships_contains_paid_content":false,"footnotes":"","jetpack_publicize_message":"","jetpack_publicize_feature_enabled":true,"jetpack_social_post_already_shared":true,"jetpack_social_options":{"image_generator_settings":{"template":"highway","default_image_id":0,"enabled":false},"version":2}},"categories":[6916,14,186,44,6937],"tags":[],"class_list":["post-65065","post","type-post","status-publish","format-standard","has-post-thumbnail","hentry","category-ayuntamiento-de-atarfe","category-feminismo","category-instituciones","category-noticias-de-hoy","category-sociedad"],"jetpack_publicize_connections":[],"jetpack_featured_media_url":"https:\/\/i0.wp.com\/miradordeatarfe.es\/wp-content\/uploads\/2023\/11\/IMG_20230308_124032-scaled.jpg?fit=2560%2C1920&ssl=1","jetpack_likes_enabled":true,"jetpack_sharing_enabled":true,"_links":{"self":[{"href":"https:\/\/miradordeatarfe.es\/index.php?rest_route=\/wp\/v2\/posts\/65065","targetHints":{"allow":["GET"]}}],"collection":[{"href":"https:\/\/miradordeatarfe.es\/index.php?rest_route=\/wp\/v2\/posts"}],"about":[{"href":"https:\/\/miradordeatarfe.es\/index.php?rest_route=\/wp\/v2\/types\/post"}],"author":[{"embeddable":true,"href":"https:\/\/miradordeatarfe.es\/index.php?rest_route=\/wp\/v2\/users\/1"}],"replies":[{"embeddable":true,"href":"https:\/\/miradordeatarfe.es\/index.php?rest_route=%2Fwp%2Fv2%2Fcomments&post=65065"}],"version-history":[{"count":3,"href":"https:\/\/miradordeatarfe.es\/index.php?rest_route=\/wp\/v2\/posts\/65065\/revisions"}],"predecessor-version":[{"id":65131,"href":"https:\/\/miradordeatarfe.es\/index.php?rest_route=\/wp\/v2\/posts\/65065\/revisions\/65131"}],"wp:featuredmedia":[{"embeddable":true,"href":"https:\/\/miradordeatarfe.es\/index.php?rest_route=\/wp\/v2\/media\/65069"}],"wp:attachment":[{"href":"https:\/\/miradordeatarfe.es\/index.php?rest_route=%2Fwp%2Fv2%2Fmedia&parent=65065"}],"wp:term":[{"taxonomy":"category","embeddable":true,"href":"https:\/\/miradordeatarfe.es\/index.php?rest_route=%2Fwp%2Fv2%2Fcategories&post=65065"},{"taxonomy":"post_tag","embeddable":true,"href":"https:\/\/miradordeatarfe.es\/index.php?rest_route=%2Fwp%2Fv2%2Ftags&post=65065"}],"curies":[{"name":"wp","href":"https:\/\/api.w.org\/{rel}","templated":true}]}}