{"id":65106,"date":"2023-11-25T10:46:07","date_gmt":"2023-11-25T09:46:07","guid":{"rendered":"https:\/\/miradordeatarfe.es\/?p=65106"},"modified":"2023-11-25T21:12:57","modified_gmt":"2023-11-25T20:12:57","slug":"pacto-de-estado-contra-la-violencia-de-genero-65-de-las-medidas-cumplidas-al-acabar-el-plazo-de-cinco-anos","status":"publish","type":"post","link":"https:\/\/miradordeatarfe.es\/?p=65106","title":{"rendered":"Pacto de Estado contra la Violencia de G\u00e9nero: 65% de las medidas cumplidas al acabar el plazo de cinco a\u00f1os"},"content":{"rendered":"<h3 class=\"a_st\" style=\"text-align: justify;\">No se ha puesto en marcha la reforma del C\u00f3digo Penal para suprimir como atenuante la confesi\u00f3n del maltratador ni la detecci\u00f3n precoz de la violencia machista desde las consultas m\u00e9dicas.<\/h3>\n<div class=\"a_c clearfix\" data-dtm-region=\"articulo_cuerpo\">\n<p class=\"\" style=\"text-align: justify;\">El <a href=\"https:\/\/elpais.com\/sociedad\/2021-11-25\/todos-los-grupos-politicos-salvo-vox-ratifican-el-pacto-de-estado-contra-la-violencia-de-genero.html\" target=\"_blank\" rel=\"noopener\" data-link-track-dtm=\"\" data-mrf-link=\"https:\/\/elpais.com\/sociedad\/2021-11-25\/todos-los-grupos-politicos-salvo-vox-ratifican-el-pacto-de-estado-contra-la-violencia-de-genero.html\">Pacto de Estado contra la Violencia de G\u00e9nero<\/a> daba cinco a\u00f1os para cumplir 290 medidas encaminadas a mejorar la respuesta del Estado contra las violencias machistas: concluido ese plazo, se han culminado el 65,5%, el 29,3% est\u00e1 en camino pero incompletas, el 3,2% se han incumplido y el 2% no han sido evaluadas al no ser competencia de la Administraci\u00f3n General del Estado. La mayor\u00eda de estas medidas incumplidas, nueve, dependen del Ministerio de Justicia (ocho) y una del de Sanidad, seg\u00fan fuentes del Ministerio de Igualdad. Entre ellas, no se ha puesto en marcha la reforma del C\u00f3digo Penal para suprimir como atenuante la confesi\u00f3n del maltratador ni la detecci\u00f3n precoz de la violencia machista desde las consultas m\u00e9dicas<\/p>\n<p class=\"\" style=\"text-align: justify;\">Estos datos se desprenden de la primera evaluaci\u00f3n de cumplimiento del pacto \u2014que se aprob\u00f3 con una vigencia de cinco a\u00f1os (2017-2022) y cuyo compromiso pol\u00edtico fue renovado en las Cortes en 2021\u2014 que ha hecho p\u00fablico este jueves la Delegaci\u00f3n del Gobierno contra la Violencia de G\u00e9nero. Fuentes del Ministerio de Igualdad han destacado que la pasada legislatura fue \u201cprol\u00edfica en el avance de cumplimiento del Pacto\u201d y que est\u00e1n \u201ccontentas con el porcentaje tan alto de medidas que se han cumplido\u201d, pues en 2019 hab\u00eda 75 medidas cumplidas y 51 pendientes y ahora, 190 cumplidas y nueve pendientes. \u201cHay m\u00e1s dinero invertido, m\u00e1s medidas y m\u00e1s mujeres atendidas\u201d, han precisado.<\/p>\n<p class=\"\" style=\"text-align: justify;\">Entre las medidas culminadas, la ampliaci\u00f3n del concepto de violencia contra las mujeres, ley de garant\u00eda integral de la libertad sexual, la suspensi\u00f3n las visitas de los padres maltratadores o la interrupci\u00f3n de las visitas a prisi\u00f3n de ni\u00f1os y ni\u00f1as cuyos padres est\u00e9n condenados por violencia de g\u00e9nero.<\/p>\n<p class=\"\" style=\"text-align: justify;\">Frente a las 190 medidas conseguidas, en nueve no se ha dado ning\u00fan paso para su consecuci\u00f3n: ocho son competencia del Ministerio de Justicia y la novena, de Sanidad y las comunidades aut\u00f3nomas. Son relativas a cuestiones penales y procesales: suprimir las atenuantes de confesi\u00f3n y de reparaci\u00f3n del da\u00f1o en los delitos de violencia de g\u00e9nero, establecer criterios de referencia del riesgo para impedir que disminuyan las \u00f3rdenes de protecci\u00f3n o eliminar la exigencia de fianza en la personaci\u00f3n de asociaciones de \u00e1mbito estatal en los procedimientos de violencia machista.<\/p>\n<p class=\"\" style=\"text-align: justify;\">Tambi\u00e9n establecer por ley el inicio inmediato de la ejecuci\u00f3n de penas (prohibici\u00f3n de alejamiento y comunicaci\u00f3n) en el momento en que se dicte una sentencia firme, obligar a que se informe a las fuerzas y cuerpos de seguridad del Estado de las denuncias ante el juzgado y de los partes de lesiones con el objetivo de que se incluyan en Viog\u00e9n o imponer prohibici\u00f3n de alejamiento en caso de quebrantamiento.<\/p>\n<p class=\"\" style=\"text-align: justify;\">Impedir que el padre maltratador pueda acceder a las grabaciones de los testimonios de los menores e incorporar temas espec\u00edficos sobre g\u00e9nero y violencia machista en los temarios de oposiciones al Sistema Nacional de Salud son las \u00faltimas medidas en las que no se ha registrado ning\u00fan avance.<\/p>\n<h3 class=\"\" style=\"text-align: justify;\">Medidas sin culminar<\/h3>\n<p class=\"\" style=\"text-align: justify;\">Seis a\u00f1os despu\u00e9s de la aprobaci\u00f3n del Pacto, hay 85 medidas que han iniciado su recorrido, pero no lo han culminado. Destacan entre ellas la ley integral contra la trata, un plan estrat\u00e9gico de intervenci\u00f3n con v\u00edctimas que retiran la denuncia, incrementar la atenci\u00f3n a v\u00edctimas de zonas rurales, elaborar protocolos espec\u00edficos para las mujeres m\u00e1s vulnerables o trabajar en la asistencia psicol\u00f3gica a agresores desde el momento de la denuncia para reducir el nivel de estr\u00e9s y agresividad y reducir da\u00f1os a la v\u00edctima.<\/p>\n<p class=\"\" style=\"text-align: justify;\">El Pacto de Estado contra la Violencia de G\u00e9nero ha sido la hoja de ruta de la lucha contra las <a href=\"https:\/\/elpais.com\/noticias\/violencia-machista\/\" target=\"_blank\" rel=\"noopener\" data-link-track-dtm=\"\" data-mrf-link=\"https:\/\/elpais.com\/noticias\/violencia-machista\/\">violencias machistas<\/a> en Espa\u00f1a. Incluye medidas para la ruptura del silencio, la mejora de la asistencia y protecci\u00f3n de las mujeres y v\u00edctimas, el perfeccionamiento de la respuesta institucional, la formaci\u00f3n, la prevenci\u00f3n, la dotaci\u00f3n presupuestaria o el seguimiento estad\u00edstico del fen\u00f3meno. La renovaci\u00f3n de su dictamen para incorporar medidas relativas a la violencia digital, vicaria o econ\u00f3mica debe acometerse en esta legislatura.<\/p>\n<p class=\"\" style=\"text-align: justify;\">Este jueves, la ministra de Igualdad en funciones, Irene Montero, ha entregado el informe de evaluaci\u00f3n del pacto a la presidenta del Congreso de los Diputados, Francina Armengol. La C\u00e1mara Baja ser\u00e1 la encargada de acometer la actualizaci\u00f3n del dictamen para reeditar esta hoja de ruta.<\/p>\n<p class=\"\" style=\"text-align: justify;\">Mientras, las comunidades aut\u00f3nomas dispondr\u00e1n de un a\u00f1o m\u00e1s, hasta diciembre de 2024, para abrir los centros de crisis de atenci\u00f3n integral 24 horas a v\u00edctimas de violencia sexual, seg\u00fan han avanzado fuentes del Ministerio de Igualdad. Estos comit\u00e9s de crisis deb\u00edan estar operativos antes de finalizar este, pero la Comisi\u00f3n Europea ha aprobado una pr\u00f3rroga para ampliar el plazo hasta diciembre de 2024, ya que la mayor\u00eda de las comunidades todav\u00eda no ten\u00edan listos estos centros.<\/p>\n<div class=\"a_de\" style=\"text-align: justify;\" data-dtm-region=\"articulo_sumarioenlaces-despiece\">\n<h3 class=\"a_de_t\">Igualdad reforzar\u00e1 el control de los fondos auton\u00f3micos contra la violencia machista<\/h3>\n<div class=\"a_de_txt\">\n<p>El Ministerio de Igualdad est\u00e1 desarrollando un sistema inform\u00e1tico de evaluaci\u00f3n y seguimiento para que las comunidades<br \/>\naut\u00f3nomas rindan cuentas de c\u00f3mo y en qu\u00e9 gastan los fondos recibidos del Estado para luchar contra las violencias machistas. La Delegaci\u00f3n del Gobierno contra la Violencia de G\u00e9nero trabaja en una aplicaci\u00f3n para que las autonom\u00edas informen regularmente de las medidas adoptadas y los recursos disponibles y el grado de cumplimiento de sus obligaciones en el \u00e1mbito de lucha contra la violencia sobre las mujeres. \u00abUna vez destinamos los fondos, las comunidades aut\u00f3nomas tienen que justificar en qu\u00e9 lo han gastado. (&#8230;) La aplicaci\u00f3n es para reportar y justificar en qu\u00e9 proyecto gastan el dinero\u00bb, explican fuentes de Igualdad, y esta futura aplicaci\u00f3n inform\u00e1tica pretende sistematizar la recogida de esa informaci\u00f3n con el objetivo de hacer seguimiento y evaluaci\u00f3n de las distintas actuaciones.<\/p>\n<p>En la actualidad, la Delegaci\u00f3n del Gobierno contra la Violencia de G\u00e9nero recoge esa informaci\u00f3n en formularios de Excel y eso se va<br \/>\na sustituir por un sistema com\u00fan al que tengan acceso todas las autonom\u00edas. A trav\u00e9s de diferentes indicadores, podr\u00e1n dar cuenta de si han ejecutado las medidas a las que comprometen el Pacto de Estado contra la Violencia de G\u00e9nero y el cat\u00e1logo de referencia de servicios m\u00ednimos acordado en la Conferencia Sectorial de Igualdad, as\u00ed como la eficacia y eficiencia de las mismas.<\/p>\n<\/div>\n<\/div>\n<p class=\"\" style=\"text-align: justify;\"><strong><i>El tel\u00e9fono 016 atiende a las v\u00edctimas de violencia machista, a sus familias y a su entorno las 24 horas del d\u00eda, todos los d\u00edas del a\u00f1o, en 53 idiomas diferentes. El n\u00famero no queda registrado en la factura telef\u00f3nica, pero hay que borrar la llamada del dispositivo. Tambi\u00e9n se puede contactar a trav\u00e9s del correo electr\u00f3nico <\/i><a href=\"mailto:016-online@igualdad.gob.es\" data-link-track-dtm=\"\"><i>016-online@igualdad.gob.es<\/i><\/a><i> y por WhatsApp en el n\u00famero 600 000 016. Los menores pueden dirigirse al tel\u00e9fono de la Fundaci\u00f3n ANAR 900 20 20 10. Si es una situaci\u00f3n de emergencia, se puede llamar al 112 o a los tel\u00e9fonos de la Polic\u00eda Nacional (091) y de la Guardia Civil (062). Y en caso de no poder llamar, se puede recurrir a la aplicaci\u00f3n ALERTCOPS, desde la que se env\u00eda una se\u00f1al de alerta a la Polic\u00eda con geolocalizaci\u00f3n.<\/i><\/strong><\/p>\n<\/div>\n<p><strong><a class=\"a_md_a_n\" title=\"Ver todas las noticias de EFE\" href=\"https:\/\/elpais.com\/autor\/agencia-efe\/#?rel=author_top\" data-mrf-link=\"https:\/\/elpais.com\/autor\/agencia-efe\/\">EFE<\/a><\/strong><\/p>\n<header class=\"a_e _g _g-xs\">\n<div class=\"a_e_m\">\n<figure class=\"a_m a_m-h \"><figcaption class=\"a_m_p\">FOTO: Concentraci\u00f3n contra un asesinato machista en Sevilla, el pasado 5 de septiembre.<span class=\"a_m_m\">Mar\u00eda Jos\u00e9 L\u00f3pez (Europa Press)<\/span><\/figcaption><\/figure>\n<\/div>\n<\/header>\n<div class=\"a_md _g _g-xs ni\">\n<div class=\"a_md_txt\">\n<div class=\"a_md_a\" data-dtm-region=\"articulo_firma\">https:\/\/elpais.com\/sociedad\/2023-10-26\/el-3-de-las-medidas-del-pacto-de-estado-contra-la-violencia-de-genero-se-imcumple-concluido-el-plazo.html?rel=buscador_noticias<\/div>\n<\/div>\n<\/div>\n","protected":false},"excerpt":{"rendered":"<p>No se ha puesto en marcha la reforma del C\u00f3digo Penal para suprimir como atenuante&#8230;<\/p>\n","protected":false},"author":1,"featured_media":65107,"comment_status":"closed","ping_status":"closed","sticky":false,"template":"","format":"standard","meta":{"_coblocks_attr":"","_coblocks_dimensions":"","_coblocks_responsive_height":"","_coblocks_accordion_ie_support":"","jetpack_post_was_ever_published":false,"_jetpack_newsletter_access":"","_jetpack_dont_email_post_to_subs":false,"_jetpack_newsletter_tier_id":0,"_jetpack_memberships_contains_paywalled_content":false,"_jetpack_memberships_contains_paid_content":false,"footnotes":"","jetpack_publicize_message":"","jetpack_publicize_feature_enabled":true,"jetpack_social_post_already_shared":true,"jetpack_social_options":{"image_generator_settings":{"template":"highway","default_image_id":0,"enabled":false},"version":2}},"categories":[1161,14,44,6937],"tags":[],"class_list":["post-65106","post","type-post","status-publish","format-standard","has-post-thumbnail","hentry","category-ciudadania","category-feminismo","category-noticias-de-hoy","category-sociedad"],"jetpack_publicize_connections":[],"jetpack_featured_media_url":"https:\/\/i0.wp.com\/miradordeatarfe.es\/wp-content\/uploads\/2023\/11\/Screenshot-2023-11-22-at-09-45-33-Pacto-de-Estado-contra-la-Violencia-de-Genero-65-de-las-medidas-cumplidas-al-acabar-el-plazo-de-cinco-anos.png?fit=709%2C583&ssl=1","jetpack_likes_enabled":true,"jetpack_sharing_enabled":true,"_links":{"self":[{"href":"https:\/\/miradordeatarfe.es\/index.php?rest_route=\/wp\/v2\/posts\/65106","targetHints":{"allow":["GET"]}}],"collection":[{"href":"https:\/\/miradordeatarfe.es\/index.php?rest_route=\/wp\/v2\/posts"}],"about":[{"href":"https:\/\/miradordeatarfe.es\/index.php?rest_route=\/wp\/v2\/types\/post"}],"author":[{"embeddable":true,"href":"https:\/\/miradordeatarfe.es\/index.php?rest_route=\/wp\/v2\/users\/1"}],"replies":[{"embeddable":true,"href":"https:\/\/miradordeatarfe.es\/index.php?rest_route=%2Fwp%2Fv2%2Fcomments&post=65106"}],"version-history":[{"count":1,"href":"https:\/\/miradordeatarfe.es\/index.php?rest_route=\/wp\/v2\/posts\/65106\/revisions"}],"predecessor-version":[{"id":65108,"href":"https:\/\/miradordeatarfe.es\/index.php?rest_route=\/wp\/v2\/posts\/65106\/revisions\/65108"}],"wp:featuredmedia":[{"embeddable":true,"href":"https:\/\/miradordeatarfe.es\/index.php?rest_route=\/wp\/v2\/media\/65107"}],"wp:attachment":[{"href":"https:\/\/miradordeatarfe.es\/index.php?rest_route=%2Fwp%2Fv2%2Fmedia&parent=65106"}],"wp:term":[{"taxonomy":"category","embeddable":true,"href":"https:\/\/miradordeatarfe.es\/index.php?rest_route=%2Fwp%2Fv2%2Fcategories&post=65106"},{"taxonomy":"post_tag","embeddable":true,"href":"https:\/\/miradordeatarfe.es\/index.php?rest_route=%2Fwp%2Fv2%2Ftags&post=65106"}],"curies":[{"name":"wp","href":"https:\/\/api.w.org\/{rel}","templated":true}]}}