{"id":65112,"date":"2023-11-26T10:59:00","date_gmt":"2023-11-26T09:59:00","guid":{"rendered":"https:\/\/miradordeatarfe.es\/?p=65112"},"modified":"2023-11-22T18:31:55","modified_gmt":"2023-11-22T17:31:55","slug":"una-decada-del-green-friday-la-alternativa-sostenible-y-ecologica-al-consumismo-masivo-del-black-friday","status":"publish","type":"post","link":"https:\/\/miradordeatarfe.es\/?p=65112","title":{"rendered":"Una d\u00e9cada del Green Friday, la alternativa sostenible y ecol\u00f3gica al consumismo masivo del Black Friday"},"content":{"rendered":"<h3 id=\"m69-68-70\" style=\"text-align: justify;\">El excesivo consumo, reflejado en fechas como el Black Friday, supone la extracci\u00f3n de una gran cantidad de materias primas, agua potable y energ\u00eda.<\/h3>\n<footer class=\"article-info\">\n<p id=\"m95-94-96\" class=\"signature\">Cada a\u00f1o las industrias de todo el mundo vierten a los mares <b>entre 300.000 y 500.000 millones<\/b> de kilogramos de metales pesados, lodos t\u00f3xicos, gases y otros desechos peligrosos, seg\u00fan datos de la UNESCO. <a href=\"https:\/\/www.publico.es\/es\/sociedad\/el-black-friday-agrava-la-emergencia-climatica-con-mas-emisiones-y-mas-residuos\/#analytics-noticia:contenido-enlace\">El excesivo consumo, reflejado en fechas como el Black Friday<\/a>, supone la extracci\u00f3n de una gran cantidad de materias primas, agua potable y energ\u00eda. Desde hace una d\u00e9cada, el <b>Green Friday<\/b> se ha convertido en una alternativa sostenible y ecol\u00f3gica al consumismo masivo del <b>Black Friday<\/b>.<\/p>\n<\/footer>\n<div class=\"article-text\">\n<p id=\"m155-1-156\" style=\"text-align: justify;\"><b>Celia Ojeda<\/b>, responsable de Consumo de<b> Greenpeace Espa\u00f1a<\/b>, explica a <i>P\u00fablico <\/i>que, pese al impacto ambiental que genera la producci\u00f3n, las marcas sostenibles cuidan todos los detalles del producto. \u00ab<b>Utilizan energ\u00edas renovables<\/b>, miden el patr\u00f3n para que no les sobre textil, reciclan y tienen como objetivo que el producto que compres sea duradero en el tiempo para reducir el consumo\u00bb.<\/p>\n<p id=\"m160-2-161\" style=\"text-align: justify;\">La miembro de la ONG ambientalista se\u00f1ala al gobierno y a las empresas, como <a href=\"https:\/\/www.publico.es\/es\/medio-ambiente\/pure-sobre-un-monet-o-sopa-contra-un-van-gogh-el-ultimo-grito-para-alertar-de-la-crisis-climatica\/#analytics-noticia:contenido-enlace\">verdaderos responsables del impacto ambiental que causa el consumismo<\/a>. Ojeda reconoce que <b>ninguna instituci\u00f3n est\u00e1 luchando contra el Black Friday<\/b>. \u00abSi voy a una ciudad, no me encuentro con moda sostenible, me encuentro con moda <i>fast-fashion<\/i>. Una producci\u00f3n y un consumo sostenible pueden evitar los da\u00f1os generados en estas fechas\u00bb, opina.<\/p>\n<div class=\"relacionadas\" style=\"text-align: justify;\">\n<div class=\"related-module related-news-between-text\">\n<div class=\"related\">\n<div id=\"m358-357-359\" class=\"item-related-news-between-text add-author no-icon\" data-collection=\"m276-275-277\">\n<h3 class=\"img\"><a id=\"m362-361-363\" class=\"image page-item-link hovered\" href=\"https:\/\/www.publico.es\/sociedad\/transporte-aereo-fast-fashion-alimenta-crisis-climatica.html#analytics-noticia:relacionada\"><img data-recalc-dims=\"1\" decoding=\"async\" class=\"alignleft\" src=\"https:\/\/i0.wp.com\/www.publico.es\/files\/module_small_modules_list_horizontal\/uploads\/2023\/11\/21\/655c59a3d65d9.jpeg?w=640&#038;ssl=1\" alt=\"Miembros del movimiento ambiental global Extinci\u00f3n Rebeli\u00f3n participan en una protesta frente a la tienda de ropa Zara contra la industria de la moda r\u00e1pida, la segunda industria m\u00e1s contaminante del mundo, a 22 de diciembre de 2021 en Buenos Aires. Alejo\" \/><\/a><a id=\"m373-2-374\" class=\"page-item-link RelacionadaInline\" href=\"https:\/\/www.publico.es\/sociedad\/transporte-aereo-fast-fashion-alimenta-crisis-climatica.html#analytics-noticia:relacionada\"><\/a>Una respuesta el consumo desmedido<\/h3>\n<\/div>\n<\/div>\n<\/div>\n<\/div>\n<p id=\"m170-4-171\" style=\"text-align: justify;\">En algunas ocasiones, el Black Friday se prolonga durante una semana entera, incluso m\u00e1s. Esto genera un gran impacto medioambiental. <strong>El Green Friday, como su versi\u00f3n consumista, se celebra el \u00faltimo viernes de noviembre de cada a\u00f1o y plantea un gasto moderado, responsable, verde y \u00e9tico.<\/strong> La campa\u00f1a ecol\u00f3gica propone o no comprar nada, o bien aprovecharlo para consumir aquello que se necesite a trav\u00e9s de marcas responsables y sostenibles.<\/p>\n<p id=\"m175-5-176\" style=\"text-align: justify;\">Una de las primeras apariciones de la iniciativa Green Friday se produjo <b>en 2013 <\/b>en <b>Brasil <\/b>a trav\u00e9s de la plataforma <a href=\"https:\/\/web.archive.org\/web\/20131130004553\/http:\/\/www.agendasustentabilidade.com.br\/sustentabilidade\/agenda-sustentabilidade\/green-friday-uma-oportunidade-de-dizer-sim-ao-conhecimento-e-nao-ao-consumismo\">Agenda Sustentabilidade<\/a>. M\u00e1s tarde, la propuesta fue impulsada en la <b>Cumbre del Clima de Par\u00eds (COP21) <\/b>por la <a href=\"https:\/\/ec.europa.eu\/info\/index_es\">Comisi\u00f3n Europea<\/a>. La instituci\u00f3n anunci\u00f3 una revisi\u00f3n de la normativa comunitaria sobre el etiquetado de eficiencia energ\u00e9tica en los aparatos el\u00e9ctricos. <b>Luis Su\u00e1rez<\/b>, coordinador de conservaci\u00f3n del <b>Fondo Mundial para la Naturaleza (WWF)<\/b>, explic\u00f3 que el objetivo de la propuesta era \u00abmitigar el modelo actual de compra compulsiva y concienciar sobre un consumo responsable y el impacto de los productos\u00bb.<\/p>\n<p id=\"m180-6-181\" style=\"text-align: justify;\">Un a\u00f1o m\u00e1s tarde, la campa\u00f1a ecol\u00f3gica lleg\u00f3 a Espa\u00f1a, liderada por la consultora en sostenibilidad <b>Mar\u00eda Negro <\/b>y su agencia <b>El Hervidero de Ideas<\/b>. Este movimiento ha evolucionado hacia #ConsumeconCOCO, un \u00abpunto de encuentro de marcas sostenibles y consumidores responsables que quieren generar un impacto positivo en el mundo\u00bb.<\/p>\n<p><strong>Seis de cada 10 espa\u00f1oles considera que la compra compulsiva de ropa es perjudicial para el Medio Ambiente<\/strong><\/p>\n<p id=\"m190-8-191\" style=\"text-align: justify;\">Seg\u00fan <a href=\"https:\/\/www.naturalizaeducacion.org\/\">un estudio<\/a> realizado por <b>More Than Research<\/b>, el <b>59,6% <\/b>de los espa\u00f1oles consideran que comprar ropa de temporada es uno de los comportamientos que m\u00e1s impacto causa en el Medio Ambiente. La empresa investigadora asegura que <b>seis de cada 10 <\/b>espa\u00f1oles considera que la compra compulsiva de ropa es perjudicial para el medioambiente.\u00a0<\/p>\n<h2 id=\"m195-9-196\" class=\"highlighted\" style=\"text-align: justify;\">7.500 litros de agua para producir un pantal\u00f3n<\/h2>\n<p id=\"m200-10-201\" style=\"text-align: justify;\">\u00ab<b>La moda r\u00e1pida es un peligro para el planeta<\/b>\u00ab, alertan desde Greenpeace Espa\u00f1a. El consumo de agua de la moda <i>fast-fashion<\/i>, <a href=\"https:\/\/www.publico.es\/es\/medio-ambiente\/el-transporte-aereo-de-la-fast-fashion-alimenta-la-crisis-climatica\/#analytics-noticia:contenido-enlace\">una de las industrias que m\u00e1s vende en el Black Friday<\/a>, es de <b>casi 8 millones de metros c\u00fabicos anuales<\/b>. La industria textil <b>es responsable del 20% de la contaminaci\u00f3n industrial de agua<\/b>. La ONU informa que para la producci\u00f3n de unos vaqueros se necesitan 7.500 litros de agua, <b>el equivalente al agua que una persona bebe durante siete a\u00f1os<\/b>.\u00a0<\/p>\n<p>El uso de fibras sint\u00e9ticas libera m\u00e1s de medio mill\u00f3n de toneladas de microfibras en el oc\u00e9ano cada a\u00f1o<\/p>\n<p id=\"m210-12-211\" style=\"text-align: justify;\"><b>Desde el a\u00f1o 2000 la producci\u00f3n de ropa se ha duplicado<\/b>, mientras que su uso ha disminuido un <b>36%<\/b>. Greenpeace estima que m\u00e1s de la mitad de la moda r\u00e1pida que se produce, se tira en menos de un a\u00f1o. La ONG asegura que<b> el 73% de los textiles acaban incinerados o en vertederos<\/b>.\u00a0<\/p>\n<div id=\"m215-13-216\" class=\"social-container\" style=\"text-align: justify;\">\n<div id=\"m219-218-220\" class=\"module twitter-container col-12 col-md-12 col-lg-12\">\n<div class=\"twitter-tweet twitter-tweet-rendered\"><iframe id=\"twitter-widget-0\" class=\"\" title=\"Twitter Tweet\" src=\"https:\/\/platform.twitter.com\/embed\/Tweet.html?dnt=false&amp;embedId=twitter-widget-0&amp;features=eyJ0ZndfdGltZWxpbmVfbGlzdCI6eyJidWNrZXQiOltdLCJ2ZXJzaW9uIjpudWxsfSwidGZ3X2ZvbGxvd2VyX2NvdW50X3N1bnNldCI6eyJidWNrZXQiOnRydWUsInZlcnNpb24iOm51bGx9LCJ0ZndfdHdlZXRfZWRpdF9iYWNrZW5kIjp7ImJ1Y2tldCI6Im9uIiwidmVyc2lvbiI6bnVsbH0sInRmd19yZWZzcmNfc2Vzc2lvbiI6eyJidWNrZXQiOiJvbiIsInZlcnNpb24iOm51bGx9LCJ0ZndfZm9zbnJfc29mdF9pbnRlcnZlbnRpb25zX2VuYWJsZWQiOnsiYnVja2V0Ijoib24iLCJ2ZXJzaW9uIjpudWxsfSwidGZ3X21peGVkX21lZGlhXzE1ODk3Ijp7ImJ1Y2tldCI6InRyZWF0bWVudCIsInZlcnNpb24iOm51bGx9LCJ0ZndfZXhwZXJpbWVudHNfY29va2llX2V4cGlyYXRpb24iOnsiYnVja2V0IjoxMjA5NjAwLCJ2ZXJzaW9uIjpudWxsfSwidGZ3X3Nob3dfYmlyZHdhdGNoX3Bpdm90c19lbmFibGVkIjp7ImJ1Y2tldCI6Im9uIiwidmVyc2lvbiI6bnVsbH0sInRmd19kdXBsaWNhdGVfc2NyaWJlc190b19zZXR0aW5ncyI6eyJidWNrZXQiOiJvbiIsInZlcnNpb24iOm51bGx9LCJ0ZndfdXNlX3Byb2ZpbGVfaW1hZ2Vfc2hhcGVfZW5hYmxlZCI6eyJidWNrZXQiOiJvbiIsInZlcnNpb24iOm51bGx9LCJ0ZndfdmlkZW9faGxzX2R5bmFtaWNfbWFuaWZlc3RzXzE1MDgyIjp7ImJ1Y2tldCI6InRydWVfYml0cmF0ZSIsInZlcnNpb24iOm51bGx9LCJ0ZndfbGVnYWN5X3RpbWVsaW5lX3N1bnNldCI6eyJidWNrZXQiOnRydWUsInZlcnNpb24iOm51bGx9LCJ0ZndfdHdlZXRfZWRpdF9mcm9udGVuZCI6eyJidWNrZXQiOiJvbiIsInZlcnNpb24iOm51bGx9fQ%3D%3D&amp;frame=false&amp;hideCard=false&amp;hideThread=false&amp;id=933997239000760320&amp;lang=es&amp;origin=https%3A%2F%2Fwww.publico.es%2Fsociedad%2Fdecada-del-green-friday-alternativa-sostenible-y-ecologica-al-consumismo-masivo-del-black-friday.html&amp;sessionId=8de1333614e886ae13c7253ec98721098451c01d&amp;siteScreenName=publico_es&amp;theme=light&amp;widgetsVersion=01917f4d1d4cb%3A1696883169554&amp;width=550px\" frameborder=\"0\" scrolling=\"no\" allowfullscreen=\"allowfullscreen\" data-tweet-id=\"933997239000760320\" data-mce-fragment=\"1\"><\/iframe><\/div>\n<\/div>\n<\/div>\n<p id=\"m226-14-227\" style=\"text-align: justify;\">La organizaci\u00f3n ambientalista advierte que el uso de fibras sint\u00e9ticas hace que la ropa libere m\u00e1s de medio mill\u00f3n de toneladas de microfibras en el oc\u00e9ano cada a\u00f1o. <b>Esto equivale a m\u00e1s de 50.000 millones de botellas de pl\u00e1stico<\/b>. Adem\u00e1s, <b>la industria de la moda es la responsable del 10% de las emisiones mundiales<\/b>.<\/p>\n<p id=\"m231-15-232\" style=\"text-align: justify;\">\u00abSi queremos <a href=\"https:\/\/www.publico.es\/es\/medio-ambiente\/la-ultima-carta-para-frenar-la-crisis-climatica-se-juega-en-dubai\/#analytics-noticia:contenido-enlace\">evitar que la temperatura global se eleve m\u00e1s de 1,5\u00b0C<\/a>, tenemos que revertir esta tendencia\u00bb, aseguran desde Greenpeace Espa\u00f1a.\u00a0La ONG informa que las mercanc\u00edas que se producen y no se compran terminan tiradas en vertederos, a veces exportadas a vertederos de terceros pa\u00edses o incineradas.<\/p>\n<p style=\"text-align: justify;\"><strong><a href=\"https:\/\/www.publico.es\/author\/rocio-cruz#analytics-noticia:autor\">Roc\u00edo Cruz<\/a><\/strong><a class=\"twitter\" href=\"https:\/\/twitter.com\/RocioCruz010\" target=\"_blank\" rel=\"noopener\"><strong>@RocioCruz010<\/strong><\/a><\/p>\n<p style=\"text-align: justify;\">FOTO:Un comercio en Barcelona anuncia las ofertas del Black Friday, a 21 de noviembre de 2023. Agencia EFE\/Toni Albir.<\/p>\n<p style=\"text-align: justify;\">https:\/\/www.publico.es\/sociedad\/decada-del-green-friday-alternativa-sostenible-y-ecologica-al-consumismo-masivo-del-black-friday.html#md=modulo-portada-bloque:2col-t1;mm=mobile-medium<\/p>\n<\/div>\n","protected":false},"excerpt":{"rendered":"<p>El excesivo consumo, reflejado en fechas como el Black Friday, supone la extracci\u00f3n de una&#8230;<\/p>\n","protected":false},"author":1,"featured_media":65113,"comment_status":"closed","ping_status":"closed","sticky":false,"template":"","format":"standard","meta":{"_coblocks_attr":"","_coblocks_dimensions":"","_coblocks_responsive_height":"","_coblocks_accordion_ie_support":"","jetpack_post_was_ever_published":false,"_jetpack_newsletter_access":"","_jetpack_dont_email_post_to_subs":false,"_jetpack_newsletter_tier_id":0,"_jetpack_memberships_contains_paywalled_content":false,"_jetpack_memberships_contains_paid_content":false,"footnotes":"","jetpack_publicize_message":"","jetpack_publicize_feature_enabled":true,"jetpack_social_post_already_shared":true,"jetpack_social_options":{"image_generator_settings":{"template":"highway","default_image_id":0,"enabled":false},"version":2}},"categories":[7725,1161,9,44],"tags":[],"class_list":["post-65112","post","type-post","status-publish","format-standard","has-post-thumbnail","hentry","category-atarfe-sostenible","category-ciudadania","category-medio-ambiente","category-noticias-de-hoy"],"jetpack_publicize_connections":[],"jetpack_featured_media_url":"https:\/\/i0.wp.com\/miradordeatarfe.es\/wp-content\/uploads\/2023\/11\/GREEN.webp?fit=990%2C660&ssl=1","jetpack_likes_enabled":true,"jetpack_sharing_enabled":true,"_links":{"self":[{"href":"https:\/\/miradordeatarfe.es\/index.php?rest_route=\/wp\/v2\/posts\/65112","targetHints":{"allow":["GET"]}}],"collection":[{"href":"https:\/\/miradordeatarfe.es\/index.php?rest_route=\/wp\/v2\/posts"}],"about":[{"href":"https:\/\/miradordeatarfe.es\/index.php?rest_route=\/wp\/v2\/types\/post"}],"author":[{"embeddable":true,"href":"https:\/\/miradordeatarfe.es\/index.php?rest_route=\/wp\/v2\/users\/1"}],"replies":[{"embeddable":true,"href":"https:\/\/miradordeatarfe.es\/index.php?rest_route=%2Fwp%2Fv2%2Fcomments&post=65112"}],"version-history":[{"count":1,"href":"https:\/\/miradordeatarfe.es\/index.php?rest_route=\/wp\/v2\/posts\/65112\/revisions"}],"predecessor-version":[{"id":65114,"href":"https:\/\/miradordeatarfe.es\/index.php?rest_route=\/wp\/v2\/posts\/65112\/revisions\/65114"}],"wp:featuredmedia":[{"embeddable":true,"href":"https:\/\/miradordeatarfe.es\/index.php?rest_route=\/wp\/v2\/media\/65113"}],"wp:attachment":[{"href":"https:\/\/miradordeatarfe.es\/index.php?rest_route=%2Fwp%2Fv2%2Fmedia&parent=65112"}],"wp:term":[{"taxonomy":"category","embeddable":true,"href":"https:\/\/miradordeatarfe.es\/index.php?rest_route=%2Fwp%2Fv2%2Fcategories&post=65112"},{"taxonomy":"post_tag","embeddable":true,"href":"https:\/\/miradordeatarfe.es\/index.php?rest_route=%2Fwp%2Fv2%2Ftags&post=65112"}],"curies":[{"name":"wp","href":"https:\/\/api.w.org\/{rel}","templated":true}]}}