{"id":65115,"date":"2023-11-25T10:06:22","date_gmt":"2023-11-25T09:06:22","guid":{"rendered":"https:\/\/miradordeatarfe.es\/?p=65115"},"modified":"2023-11-22T13:15:12","modified_gmt":"2023-11-22T12:15:12","slug":"25n-es-tambien-cosa-de-hombres","status":"publish","type":"post","link":"https:\/\/miradordeatarfe.es\/?p=65115","title":{"rendered":"&#8217;25N es (tambi\u00e9n) cosa de hombres&#8217;"},"content":{"rendered":"<div id=\"main\">\n<div class=\"item\">\n<div class=\"cols2-2\">\n<div class=\"colA\">\n<div class=\"blq-img mainImg\">\n<div class=\"txt\">\n<div class=\"pie\" style=\"text-align: justify;\">\u00a0<\/div>\n<\/div>\n<\/div>\n<div class=\"cuerpo\">\n<h3 class=\"divdest\" style=\"text-align: justify;\" align=\"center\"><em>\u201cLos hombres somos tanto los causantes de las violencias contra las mujeres como una parte imprescindible para el fin de estas violencias\u00bb<\/em><\/h3>\n<p style=\"text-align: justify;\">Paseando el lunes por la tarde por Gran V\u00eda me encuentro con el estupendo \u2018maridaje\u2019 entre el amarillo de los ginkgos y el violeta del Palacio M\u00fcller. Oigo una conversaci\u00f3n entre transe\u00fantes que especulan sobre las razones de la iluminaci\u00f3n especial de la sede de la subdelegaci\u00f3n del Gobierno. Uno de ellos acierta a decir que estamos en la semana en que las mujeres se dedican a la lucha contra la violencia hacia las mujeres, a lo que yo apostillo, al pasar, \u201cy los hombres, tambi\u00e9n nosotros debemos sumarnos, y no s\u00f3lo en estos d\u00edas\u201d. Me miran con cara de bicho raro.<\/p>\n<p class=\"sumari\" style=\"text-align: justify;\">La historia del 25N, como D\u00eda Internacional de la Eliminaci\u00f3n de la Violencia contra las mujeres, tiene su origen en la Rep\u00fablica Dominicana. Empez\u00f3 como homenaje a las hermanas, Minerva, Patria y Mar\u00eda Teresa Mirabal. Conocidas como \u2018las tres mariposas\u2019<\/p>\n<p style=\"text-align: justify;\">La historia del 25N, como D\u00eda Internacional de la Eliminaci\u00f3n de la Violencia contra las mujeres, tiene su origen en la Rep\u00fablica Dominicana. Empez\u00f3 como homenaje a las hermanas, Minerva, Patria y Mar\u00eda Teresa Mirabal. Conocidas como \u2018las tres mariposas\u2019, proven\u00edan de una familia acomodada, hab\u00edan hecho carreras universitarias, estaban casadas y ten\u00edan hijos, -eran gente de bien, que dicen algunos- pero cometieron el \u2018pecado\u2019 de ser activistas pol\u00edticas contra la dictadura de Le\u00f3nidas Trujillo y de luchar contra la violencia de g\u00e9nero que se ejerc\u00eda en ese r\u00e9gimen machista y retr\u00f3grado. Sus cuerpos destrozados fueron encontrados en el interior de un veh\u00edculo en el fondo de un barranco el 25 de noviembre de 1960; unos sicarios hab\u00edan ejecutado las \u00f3rdenes y simularon, torpemente, un accidente.<\/p>\n<p class=\"sumari\" style=\"text-align: justify;\">En la actualidad, desgraciadamente, tenemos que seguir en esta batalla porque la violencia contra las mujeres y las ni\u00f1as sigue siendo una de las violaciones de los derechos humanos m\u00e1s extendidas, persistentes y devastadoras del mundo<\/p>\n<p style=\"text-align: justify;\">En el Primer Encuentro Feminista de Latinoam\u00e9rica y del Carible, celebrado en 1981 en Bogot\u00e1, se decidi\u00f3 que el 25 de noviembre ser\u00eda el d\u00eda oficial para conmemorar aquellos viles asesinatos. Posteriormente, en 1993, la Asamblea General de las Naciones Unidas aprob\u00f3 la Declaraci\u00f3n sobre la eliminaci\u00f3n de la violencia contra la mujer, definida como <em>\u201ctodo acto de violencia basado en la pertenencia al sexo femenino que tenga o pueda tener como resultado un da\u00f1o o sufrimiento f\u00edsico, sexual o psicol\u00f3gico para la mujer, as\u00ed como las amenazas de tales actos, la coacci\u00f3n o la privaci\u00f3n arbitraria de la libertad, tanto si se producen en la vida p\u00fablica como en la vida privada\u00bb. <\/em>Ser\u00eda ya el 17 de diciembre de 1999 cuando esta jornada de reivindicaci\u00f3n ser\u00eda asumida por Naciones Unidas en la que se invitaba a los gobiernos, organizaciones internacionales y organizaciones no gubernamentales a realizar actividades para fomentar la no violencia contra la mujer el 25N.<\/p>\n<p class=\"sumari\" style=\"text-align: justify;\"><a href=\"https:\/\/i0.wp.com\/miradordeatarfe.es\/wp-content\/uploads\/2023\/11\/avenida-principal-Granada-Dia-Mujer_1772834120_178752030_1024x681.jpg?ssl=1\"><img data-recalc-dims=\"1\" loading=\"lazy\" decoding=\"async\" class=\"wp-image-65119 size-medium alignleft\" src=\"https:\/\/i0.wp.com\/miradordeatarfe.es\/wp-content\/uploads\/2023\/11\/avenida-principal-Granada-Dia-Mujer_1772834120_178752030_1024x681.jpg?resize=300%2C200&#038;ssl=1\" alt=\"\" width=\"300\" height=\"200\" srcset=\"https:\/\/i0.wp.com\/miradordeatarfe.es\/wp-content\/uploads\/2023\/11\/avenida-principal-Granada-Dia-Mujer_1772834120_178752030_1024x681.jpg?resize=300%2C200&amp;ssl=1 300w, https:\/\/i0.wp.com\/miradordeatarfe.es\/wp-content\/uploads\/2023\/11\/avenida-principal-Granada-Dia-Mujer_1772834120_178752030_1024x681.jpg?resize=768%2C511&amp;ssl=1 768w, https:\/\/i0.wp.com\/miradordeatarfe.es\/wp-content\/uploads\/2023\/11\/avenida-principal-Granada-Dia-Mujer_1772834120_178752030_1024x681.jpg?w=1024&amp;ssl=1 1024w\" sizes=\"auto, (max-width: 300px) 100vw, 300px\" \/><\/a>Hombres que son conscientes del origen de esa violencia y que se comprometen en su erradicaci\u00f3n con un cambio de mentalidad, con unas nuevas masculinidades para una nueva sociedad m\u00e1s igualitaria<\/p>\n<div style=\"text-align: justify;\">En la actualidad, desgraciadamente, tenemos que seguir en esta batalla porque la violencia contra las mujeres y las ni\u00f1as sigue siendo una de las violaciones de los derechos humanos m\u00e1s extendidas, persistentes y devastadoras del mundo. Algunos datos son escalofriantes. Seg\u00fan la ONU el 30% de las mujeres de 15 a\u00f1os o m\u00e1s han sido v\u00edctimas de violencia f\u00edsica o sexual al menos una vez en la vida. En nuestro pa\u00eds, seg\u00fan la \u00faltima macroencuesta de violencia contra la mujer, 1 de cada 2 mujeres ha sufrido alg\u00fan tipo de violencia por raz\u00f3n de g\u00e9nero. Seg\u00fan datos del Balance de criminalidad del Ministerio del Interior, en el primer semestre de 2023 se denunciaron en Espa\u00f1a 2.307 violaciones, 1 cada 2 horas, y eso teniendo en cuenta que esto es solo la punta del iceberg ya que se calcula que solo se denuncia, ante la polic\u00eda o en un juzgado, el 10% de las agresiones sexuales, bien por verg\u00fcenza, bien por miedo a no ser cre\u00edda. Hay cerca de 50.000 mujeres v\u00edctimas de violencia de g\u00e9nero que cuentan con medidas de protecci\u00f3n policial bajo el sistema VioG\u00e9n.<\/div>\n<div style=\"text-align: justify;\">\n<p class=\"sumari\">Deben comprender, ellos y ellas, que, llegados a este punto del camino hacia la igualdad, todav\u00eda hay mucha violencia machista y que esta no es m\u00e1s que una de las afloraciones del problema de la desigualdad de la estructura patriarcal de nuestra sociedad y de la resistencia a soltar privilegios, por lo que a\u00fan nos queda un largo trecho, aqu\u00ed en Espa\u00f1a, y en todo el planeta<\/p>\n<div>La violencia contra las mujeres es \u2018<em>cosa de hombres\u2019<\/em> en el sentido que se utilizaba en una rancia campa\u00f1a publicitaria de una bebida alcoh\u00f3lica en los a\u00f1os 70, que entonces podr\u00eda haberse redondeado con el calificativo de \u201cun licor espa\u00f1ol muy espa\u00f1ol\u201d. Pero el asunto de la lucha contra esa violencia hacia las mujeres que protagonizan principalmente las mujeres es, tambi\u00e9n, debe serlo cada vez m\u00e1s, \u2018Cosa de Hombres\u2019. Hombres que son conscientes del origen de esa violencia y que se comprometen en su erradicaci\u00f3n con un cambio de mentalidad, con unas nuevas masculinidades para una nueva sociedad m\u00e1s igualitaria. Hombres que entienden que la violencia contra las mujeres, lejos de ser superficial o individualizable, forma parte de todo un sistema, el patriarcal, que hunde sus ra\u00edces en lo m\u00e1s profundo de nuestra historia y que a lo largo de siglos ha mantenido la desigualdad de las mujeres como forma de dominaci\u00f3n, explotaci\u00f3n y subordinaci\u00f3n.<\/div>\n<div>\n<p class=\"sumari\">Por estas razones hay que afirmar no s\u00f3lo que \u201ca\u00fan es tiempo de feminismo\u201d, como reclaman con raz\u00f3n muchas mujeres, sino que quiz\u00e1s ahora m\u00e1s que nunca, es el momento de no flaquear porque no s\u00f3lo queda mucha tarea por hacer, sino que adem\u00e1s hay nubes negras, muy negras, de involucionismo amenazando en el cielo<\/p>\n<\/div>\n<\/div>\n<p style=\"text-align: justify;\">A menudo escucho a mi alrededor comentarios sobre la superaci\u00f3n de esos problemas de la desigualdad entre hombres y mujeres y sobre la innecesariedad del feminismo, aduciendo que ya se ha conquistado la igualdad \u2018formal\u2019 y ya \u2018el tiempo\u2019 ir\u00e1 poniendo a cada cual en su lugar seg\u00fan sus capacidades y sus m\u00e9ritos. Este discurso neomachista ha calado tambi\u00e9n en muchas mujeres que parecen inconscientes, o sin-conciencia de g\u00e9nero, que deben desconocer que en todo caso estos importantes avances logrados, no se han producido de manera natural y autom\u00e1tica, sino que son fruto de a\u00f1os de lucha del movimiento feminista, de miles de mujeres. Deben comprender, ellos y ellas, que, llegados a este punto del camino hacia la igualdad, todav\u00eda hay mucha violencia machista y que esta no es m\u00e1s que una de las afloraciones del problema de la desigualdad de la estructura patriarcal de nuestra sociedad y de la resistencia a soltar privilegios, por lo que a\u00fan nos queda un largo trecho, aqu\u00ed en Espa\u00f1a, y en todo el planeta.<\/p>\n<p class=\"sumari\" style=\"text-align: justify;\">Con el objetivo de implicar a esos hombres conscientes y comprometidos con los objetivos del feminismo, hace ahora una d\u00e9cada, desde el PSOE de la ciudad se lleva a cabo una iniciativa que bajo el t\u00edtulo de: \u201c25N Es Cosa de Hombres\u201d busca establecer lazos entre los granadinos para luchar contra la lacra que supone la Violencia de G\u00e9nero\u00bb<\/p>\n<div style=\"text-align: justify;\">Por estas razones hay que afirmar no s\u00f3lo que \u201ca\u00fan es tiempo de feminismo\u201d, como reclaman con raz\u00f3n muchas mujeres, sino que quiz\u00e1s ahora m\u00e1s que nunca, es el momento de no flaquear porque no s\u00f3lo queda mucha tarea por hacer, sino que adem\u00e1s hay nubes negras, muy negras, de involucionismo amenazando en el cielo.\u00a0 <a href=\"https:\/\/i0.wp.com\/miradordeatarfe.es\/wp-content\/uploads\/2023\/11\/avenida-principal-Granada-Dia-Mujer_1772834180_178754910_1024x681.jpg?ssl=1\"><img data-recalc-dims=\"1\" loading=\"lazy\" decoding=\"async\" class=\"alignright wp-image-65121 \" src=\"https:\/\/i0.wp.com\/miradordeatarfe.es\/wp-content\/uploads\/2023\/11\/avenida-principal-Granada-Dia-Mujer_1772834180_178754910_1024x681.jpg?resize=640%2C426&#038;ssl=1\" alt=\"\" width=\"640\" height=\"426\" srcset=\"https:\/\/i0.wp.com\/miradordeatarfe.es\/wp-content\/uploads\/2023\/11\/avenida-principal-Granada-Dia-Mujer_1772834180_178754910_1024x681.jpg?w=1024&amp;ssl=1 1024w, https:\/\/i0.wp.com\/miradordeatarfe.es\/wp-content\/uploads\/2023\/11\/avenida-principal-Granada-Dia-Mujer_1772834180_178754910_1024x681.jpg?resize=300%2C200&amp;ssl=1 300w, https:\/\/i0.wp.com\/miradordeatarfe.es\/wp-content\/uploads\/2023\/11\/avenida-principal-Granada-Dia-Mujer_1772834180_178754910_1024x681.jpg?resize=768%2C511&amp;ssl=1 768w\" sizes=\"auto, (max-width: 640px) 100vw, 640px\" \/><\/a><\/div>\n<p style=\"text-align: justify;\">Con el objetivo de implicar a esos hombres conscientes y comprometidos con los objetivos del feminismo, hace ahora una d\u00e9cada, desde el PSOE de la ciudad se lleva a cabo una iniciativa que bajo el t\u00edtulo de: \u201c25N <em>Es Cosa de Hombres\u201d busca<\/em> establecer lazos entre los granadinos para luchar contra la lacra que supone la Violencia de G\u00e9nero\u00bb. Se trata de una lectura p\u00fablica, que en esta ocasi\u00f3n se celebrar\u00e1 el viernes 24 por la tarde en el Cuarto Real de Santo Domingo, de textos feministas (literarios, filos\u00f3ficos, pedag\u00f3gicos, legales) por parte de hombres, pertenecientes a las diferentes esferas que componen la sociedad granadina. Es un acto m\u00e1s de los que esta semana se celebran como antesala y pre-calentamiento de la manifestaci\u00f3n del pr\u00f3ximo s\u00e1bado, pero es un acto a la vez diferente porque pretende que los hombres nos involucremos activamente en una causa en la que toda la sociedad tiene que ser c\u00f3mplice.<\/p>\n<p class=\"sumari\" style=\"text-align: justify;\">Se da la paradoja de que la seguridad de las mujeres frente a la violencia de g\u00e9nero queda en muchos lugares bajo la dependencia, precisamente, de quienes niegan su existencia<\/p>\n<p style=\"text-align: justify;\">Este a\u00f1o el 25N llega a Espa\u00f1a marcado por dos fuerzas enfrentadas. Por un lado, la llegada, tras las elecciones auton\u00f3micas y municipales de mayo, de gobiernos regionales y en muchos ayuntamientos tras los acuerdos entre la derecha y la ultraderecha, que est\u00e1n suponiendo un paso atr\u00e1s en las conquistas sociales en el campo de la igualdad con medidas que van, desde la eliminaci\u00f3n de las consejer\u00edas o concejal\u00edas de Igualdad, hasta el intento de negaci\u00f3n de la violencia machista o su diluci\u00f3n dentro de la violencia intrafamiliar. Desde entonces se repiten vergonzosas declaraciones de responsables p\u00fablicos\u2026 Se da la paradoja de que la seguridad de las mujeres frente a la violencia de g\u00e9nero queda en muchos lugares bajo la dependencia, precisamente, de quienes niegan su existencia.<\/p>\n<p class=\"sumari\" style=\"text-align: justify;\">Igualmente, la investidura la semana pasada de Pedro S\u00e1nchez y el nuevo gobierno progresista supone un freno a esa involuci\u00f3n, a un discurso que ha perdido los complejos para, sin disimulo, suprimir las pol\u00edticas dirigidas a luchar contra la violencia hacia las mujeres y negar incluso su evidencia<\/p>\n<p style=\"text-align: justify;\">En contraposici\u00f3n, la agresi\u00f3n sexual sufrida por Jenny Hermoso, la jugadora de la selecci\u00f3n espa\u00f1ola de f\u00fatbol, por Luis Rubiales, expresidente de la Federaci\u00f3n Espa\u00f1ola de F\u00fatbol, ha supuesto un revulsivo feminista, m\u00e1s all\u00e1 del f\u00fatbol y m\u00e1s all\u00e1 del deporte, en torno al #SeAcab\u00f3, que se ha convertido en una derivada rojigualda y en castellano del famoso mundialmente #MeToo. Algunos (y alguna), quisieron que este incidente quedara bajo la esfera de lo privado, de un asunto particular pero las mujeres han hecho que se convierta en un hecho de relevancia social y pol\u00edtica, en una campa\u00f1a cuyo objetivo debe ser la tolerancia cero ante abusos que a\u00fan forman parte de la cotidianidad y que pretenden presentar como comportamientos naturales lo que en realidad son manifestaciones propias del machismo y del patriarcado en el que se sustenta.\u00a0<\/p>\n<div class=\"divdest\" style=\"text-align: justify;\">Igualmente, la investidura la semana pasada de Pedro S\u00e1nchez y el nuevo gobierno progresista supone un freno a esa involuci\u00f3n, a un discurso que ha perdido los complejos para, sin disimulo, suprimir las pol\u00edticas dirigidas a luchar contra la violencia hacia las mujeres y negar incluso su evidencia. La nueva ministra de Igualdad debe recomponer los lazos con todo el movimiento feminista, que ha corrido el riesgo de una peligrosa divisi\u00f3n, que permitir\u00eda abrir brechas por las que se pretenden colarse los negacionistas, los machistas a tiempo completo y a cara descubierta, y los disfrazados con el traje de yo estoy a favor de la igualdad, pero estoy en contra de que haya medidas de discriminaci\u00f3n positiva que, dicen, \u201cya no son necesarias\u201d. No les demos facilidades al enemigo, esta vez s\u00ed en g\u00e9nero masculino, fundamentalmente.<\/div>\n<p><a href=\"https:\/\/www.elindependientedegranada.es\/blog-t\/sacando-punta\"><strong>Sacando punta<\/strong><\/a> &#8211; <span class=\"autor\"> <a href=\"https:\/\/www.elindependientedegranada.es\/autor\/121\">Ignacio Henares<\/a><\/span><\/p>\n<p>FOTO: IDEGRANADA<\/p>\n<p>https:\/\/www.elindependientedegranada.es\/blog\/25n-es-tambien-cosa-hombres<\/p>\n<\/div>\n<div>\n<div id=\"disqus_thread\">\u00a0<\/div>\n<\/div>\n<\/div>\n<\/div>\n<\/div>\n<\/div>\n","protected":false},"excerpt":{"rendered":"<p>\u00a0 \u201cLos hombres somos tanto los causantes de las violencias contra las mujeres como una&#8230;<\/p>\n","protected":false},"author":1,"featured_media":65116,"comment_status":"closed","ping_status":"closed","sticky":false,"template":"","format":"standard","meta":{"_coblocks_attr":"","_coblocks_dimensions":"","_coblocks_responsive_height":"","_coblocks_accordion_ie_support":"","jetpack_post_was_ever_published":false,"_jetpack_newsletter_access":"","_jetpack_dont_email_post_to_subs":false,"_jetpack_newsletter_tier_id":0,"_jetpack_memberships_contains_paywalled_content":false,"_jetpack_memberships_contains_paid_content":false,"footnotes":"","jetpack_publicize_message":"","jetpack_publicize_feature_enabled":true,"jetpack_social_post_already_shared":true,"jetpack_social_options":{"image_generator_settings":{"template":"highway","default_image_id":0,"enabled":false},"version":2}},"categories":[1161,14,44],"tags":[],"class_list":["post-65115","post","type-post","status-publish","format-standard","has-post-thumbnail","hentry","category-ciudadania","category-feminismo","category-noticias-de-hoy"],"jetpack_publicize_connections":[],"jetpack_featured_media_url":"https:\/\/i0.wp.com\/miradordeatarfe.es\/wp-content\/uploads\/2023\/11\/niunamenos.jpg?fit=650%2C365&ssl=1","jetpack_likes_enabled":true,"jetpack_sharing_enabled":true,"_links":{"self":[{"href":"https:\/\/miradordeatarfe.es\/index.php?rest_route=\/wp\/v2\/posts\/65115","targetHints":{"allow":["GET"]}}],"collection":[{"href":"https:\/\/miradordeatarfe.es\/index.php?rest_route=\/wp\/v2\/posts"}],"about":[{"href":"https:\/\/miradordeatarfe.es\/index.php?rest_route=\/wp\/v2\/types\/post"}],"author":[{"embeddable":true,"href":"https:\/\/miradordeatarfe.es\/index.php?rest_route=\/wp\/v2\/users\/1"}],"replies":[{"embeddable":true,"href":"https:\/\/miradordeatarfe.es\/index.php?rest_route=%2Fwp%2Fv2%2Fcomments&post=65115"}],"version-history":[{"count":3,"href":"https:\/\/miradordeatarfe.es\/index.php?rest_route=\/wp\/v2\/posts\/65115\/revisions"}],"predecessor-version":[{"id":65120,"href":"https:\/\/miradordeatarfe.es\/index.php?rest_route=\/wp\/v2\/posts\/65115\/revisions\/65120"}],"wp:featuredmedia":[{"embeddable":true,"href":"https:\/\/miradordeatarfe.es\/index.php?rest_route=\/wp\/v2\/media\/65116"}],"wp:attachment":[{"href":"https:\/\/miradordeatarfe.es\/index.php?rest_route=%2Fwp%2Fv2%2Fmedia&parent=65115"}],"wp:term":[{"taxonomy":"category","embeddable":true,"href":"https:\/\/miradordeatarfe.es\/index.php?rest_route=%2Fwp%2Fv2%2Fcategories&post=65115"},{"taxonomy":"post_tag","embeddable":true,"href":"https:\/\/miradordeatarfe.es\/index.php?rest_route=%2Fwp%2Fv2%2Ftags&post=65115"}],"curies":[{"name":"wp","href":"https:\/\/api.w.org\/{rel}","templated":true}]}}