{"id":65123,"date":"2023-11-24T09:19:02","date_gmt":"2023-11-24T08:19:02","guid":{"rendered":"https:\/\/miradordeatarfe.es\/?p=65123"},"modified":"2023-11-23T13:13:06","modified_gmt":"2023-11-23T12:13:06","slug":"las-pruebas-del-intercambiador-de-ancho-que-permitira-mejorar-la-frecuencia-y-tiempos-de-viaje-en-tren-comenzaran-en-diciembre","status":"publish","type":"post","link":"https:\/\/miradordeatarfe.es\/?p=65123","title":{"rendered":"Las pruebas del intercambiador de ancho que permitir\u00e1 mejorar la frecuencia y tiempos de viaje en tren comenzar\u00e1n en diciembre"},"content":{"rendered":"<h3 style=\"text-align: justify;\">Permitir\u00e1 sumar una cuarta frecuencia entre Granada y Madrid.<\/h3>\n<div class=\"cuerpo\">\n<p style=\"text-align: justify;\"><strong>El delegado de Gobierno de Andaluc\u00eda, Pedro Fern\u00e1ndez<\/strong>, ha se\u00f1alado este martes que las pruebas de homologaci\u00f3n con trenes para el cambiador de ancho de Granada se van a iniciar en el mes de diciembre, lo que facilitar\u00e1 la entrada posteriormente de nuevos servicios Alvia para aumentar la frecuencia y mejorar los tiempos de viaje entre Granada, Almer\u00eda y Madrid.<\/p>\n<p style=\"text-align: justify;\">En declaraciones a los medios durante la visita a las obras de remodelaci\u00f3n del nudo de Viator (Almer\u00eda), Fern\u00e1ndez ha asegurado que su puesta en servicio va a ser \u00abmuy inmediato\u00bb, toda vez que su uso facilitar\u00e1 el cambio autom\u00e1tico de ancho de v\u00eda de las composiciones, que podr\u00e1n circular \u00abdirectamente\u00bb entre Almer\u00eda y Madrid a trav\u00e9s de Granada, desde donde se sumar\u00e1 una cuarta frecuencia con la capital del pa\u00eds.<\/p>\n<p style=\"text-align: justify;\">\u00abTodo va en la l\u00ednea y todo est\u00e1 absolutamente comprometido, adjudicado, presupuestado y yo creo que vamos por el buen camino\u00bb, ha valorado el representante del Ejecutivo ante los retrasos que acumula esta infraestructura con la que se mejorar\u00e1n las comunicaciones ferroviarias de buena parte del sudeste andaluz.<\/p>\n<p style=\"text-align: justify;\">Fern\u00e1ndez tambi\u00e9n se ha referido en este sentido a la licitaci\u00f3n de la redacci\u00f3n de los proyectos para la renovaci\u00f3n y acondicionamiento de la l\u00ednea ferroviaria Granada-Almer\u00eda del Corredor Mediterr\u00e1neo, que \u00abva a ser una Alta Velocidad\u00bb, ha asegurado ante las mejoras previstas para reducir los tiempos de viaje en hora y media y permitir que los trenes circulen a velocidades punta de hasta 250 kil\u00f3metros por hora en determinados tramos.<\/p>\n<p style=\"text-align: justify;\">En este sentido, conf\u00eda en que los proyectos encargados sean resolutivos a la hora de afrontar ciertas dificultades, como la diferencia de cotas en el terreno o la supresi\u00f3n de determinados pasos a nivel. \u00abVa a haber una verdadera capacitaci\u00f3n, muy importante, y una conexi\u00f3n, como corresponde, con el Corredor.<\/p>\n<p style=\"text-align: justify;\"><span class=\"autor\">Europa Press<\/span><\/p>\n<p>FOTO:\u00a0 Las pruebas del intercambiador se har\u00e1n en diciembre.<\/p>\n<p>https:\/\/www.elindependientedegranada.es\/economia\/pruebas-intercambiador-ancho-que-permitira-mejorar-frecuencia-tiempos-viaje-tren-comenzaran<\/p>\n<\/div>\n","protected":false},"excerpt":{"rendered":"<p>Permitir\u00e1 sumar una cuarta frecuencia entre Granada y Madrid. El delegado de Gobierno de Andaluc\u00eda,&#8230;<\/p>\n","protected":false},"author":1,"featured_media":65124,"comment_status":"closed","ping_status":"closed","sticky":false,"template":"","format":"standard","meta":{"_coblocks_attr":"","_coblocks_dimensions":"","_coblocks_responsive_height":"","_coblocks_accordion_ie_support":"","jetpack_post_was_ever_published":false,"_jetpack_newsletter_access":"","_jetpack_dont_email_post_to_subs":false,"_jetpack_newsletter_tier_id":0,"_jetpack_memberships_contains_paywalled_content":false,"_jetpack_memberships_contains_paid_content":false,"footnotes":"","jetpack_publicize_message":"","jetpack_publicize_feature_enabled":true,"jetpack_social_post_already_shared":true,"jetpack_social_options":{"image_generator_settings":{"template":"highway","default_image_id":0,"enabled":false},"version":2}},"categories":[1161,10781,44],"tags":[],"class_list":["post-65123","post","type-post","status-publish","format-standard","has-post-thumbnail","hentry","category-ciudadania","category-granada","category-noticias-de-hoy"],"jetpack_publicize_connections":[],"jetpack_featured_media_url":"https:\/\/i0.wp.com\/miradordeatarfe.es\/wp-content\/uploads\/2023\/11\/vias_ferroviarias.jpg?fit=650%2C487&ssl=1","jetpack_likes_enabled":true,"jetpack_sharing_enabled":true,"_links":{"self":[{"href":"https:\/\/miradordeatarfe.es\/index.php?rest_route=\/wp\/v2\/posts\/65123","targetHints":{"allow":["GET"]}}],"collection":[{"href":"https:\/\/miradordeatarfe.es\/index.php?rest_route=\/wp\/v2\/posts"}],"about":[{"href":"https:\/\/miradordeatarfe.es\/index.php?rest_route=\/wp\/v2\/types\/post"}],"author":[{"embeddable":true,"href":"https:\/\/miradordeatarfe.es\/index.php?rest_route=\/wp\/v2\/users\/1"}],"replies":[{"embeddable":true,"href":"https:\/\/miradordeatarfe.es\/index.php?rest_route=%2Fwp%2Fv2%2Fcomments&post=65123"}],"version-history":[{"count":1,"href":"https:\/\/miradordeatarfe.es\/index.php?rest_route=\/wp\/v2\/posts\/65123\/revisions"}],"predecessor-version":[{"id":65125,"href":"https:\/\/miradordeatarfe.es\/index.php?rest_route=\/wp\/v2\/posts\/65123\/revisions\/65125"}],"wp:featuredmedia":[{"embeddable":true,"href":"https:\/\/miradordeatarfe.es\/index.php?rest_route=\/wp\/v2\/media\/65124"}],"wp:attachment":[{"href":"https:\/\/miradordeatarfe.es\/index.php?rest_route=%2Fwp%2Fv2%2Fmedia&parent=65123"}],"wp:term":[{"taxonomy":"category","embeddable":true,"href":"https:\/\/miradordeatarfe.es\/index.php?rest_route=%2Fwp%2Fv2%2Fcategories&post=65123"},{"taxonomy":"post_tag","embeddable":true,"href":"https:\/\/miradordeatarfe.es\/index.php?rest_route=%2Fwp%2Fv2%2Ftags&post=65123"}],"curies":[{"name":"wp","href":"https:\/\/api.w.org\/{rel}","templated":true}]}}