{"id":65126,"date":"2023-11-24T11:05:27","date_gmt":"2023-11-24T10:05:27","guid":{"rendered":"https:\/\/miradordeatarfe.es\/?p=65126"},"modified":"2023-11-22T13:38:02","modified_gmt":"2023-11-22T12:38:02","slug":"atarfe-cuenta-con-1618-viviendas-vacias","status":"publish","type":"post","link":"https:\/\/miradordeatarfe.es\/?p=65126","title":{"rendered":"ATARFE CUENTA CON 1618 VIVIENDAS VACIAS"},"content":{"rendered":"<h3 class=\"intro\">Un tercio de las viviendas del \u00c1rea Metropolitana de Granada est\u00e1n vac\u00edas o se usan como segunda residencia. Monachil, Valderrubio y V\u00edznar son los tres municipios que cuentan con m\u00e1s inmuebles en esta situaci\u00f3n mientras que Hu\u00e9tor Vega, Maracena y C\u00fallar Vega, los que menos.\u00a0<\/h3>\n<div id=\"content\" class=\"fw\">\n<div class=\"w66 pr7 left col1\">\n<article class=\"fw main hentry post-241925 noticias type-noticias status-publish has-post-thumbnail hentry secciones-albolote secciones-alfacar secciones-alhendin secciones-area-metropolitana secciones-armilla secciones-atarfe secciones-cajar secciones-cenes-de-la-vega secciones-chauchina secciones-churriana-de-la-vega secciones-cijuela secciones-cullar-vega secciones-dilar secciones-fuente-vaqueros secciones-gojar secciones-guevejar secciones-huetor-vega secciones-jun secciones-la-zubia secciones-lachar secciones-las-gabias secciones-maracena secciones-monachil secciones-ogijares secciones-otura secciones-peligros secciones-pinos-genil secciones-pinos-puente secciones-pulianas secciones-santa-fe secciones-valderrubio secciones-vegas-del-genil secciones-viznar etiquetas-albolote etiquetas-alfacar etiquetas-area-metropolitana etiquetas-armilla etiquetas-atarfe etiquetas-cajar etiquetas-cenes-de-la-vega etiquetas-chauchina etiquetas-churriana-de-la-vega etiquetas-cijuela etiquetas-cullar-vega etiquetas-dilar etiquetas-fuente-vaqueros etiquetas-gojar etiquetas-graficos etiquetas-guevejar etiquetas-huetor-vega etiquetas-jun etiquetas-la-zubia etiquetas-lachar etiquetas-las-gabias etiquetas-maracena etiquetas-monachil etiquetas-ogijares-2 etiquetas-otura etiquetas-peligros etiquetas-pinos-genil etiquetas-pinos-puente etiquetas-pulianas etiquetas-segunda-vivienda etiquetas-stock-de-viviendas etiquetas-valderrubio etiquetas-vegas-del-genil etiquetas-viviendas-en-el-area-metropolitana-de-granada etiquetas-viviendas-en-granada etiquetas-viznar-2\">\n<section class=\"fw\">\n<p>Un tercio de las 155.584 viviendas que existen en el <strong>\u00c1rea Metropolitana de Granada<\/strong> se utilizan como segunda residencia o est\u00e1n vac\u00edas, llegando al 36,78% del total de inmuebles habitables de la comarca m\u00e1s poblada de la provincia.As\u00ed consta en los datos del Instituto Nacional de Estad\u00edstica, consultados por <strong><a href=\"http:\/\/www.ahoragranada.com\" target=\"_blank\" rel=\"noreferrer noopener\">ahoraGranada<\/a><\/strong>, que refleja la situaci\u00f3n respecto a las viviendas que hay en toda la provincia, donde se alcanzan las 566.402, de las que el 27% se encuentran en el <strong>Cintur\u00f3n <\/strong>de la capital granadina.<\/p>\n<p>De entre ellas, la amplia mayor\u00eda son primera vivienda, el lugar de residencia habitual de los m\u00e1s de 300.000 habitantes de la comarca. Este registro alcanza los 116.333 inmuebles ocupados como primera casa para la mayor\u00eda de vecinos.<\/p>\n<div id=\"publiParrafo\" class=\"banner\">\n<div id=\"single-banner\" class=\"columna_1-1\">\n<div class=\"publicidad\"><ins class=\"adsbygoogle\" data-ad-client=\"ca-pub-7671930459634551\" data-ad-slot=\"2304419971\" data-ad-format=\"auto\" data-full-width-responsive=\"true\" data-adsbygoogle-status=\"done\" data-ad-status=\"filled\"><\/p>\n<div id=\"aswift_0_host\" tabindex=\"0\" title=\"Advertisement\" aria-label=\"Advertisement\"><a href=\"https:\/\/i0.wp.com\/miradordeatarfe.es\/wp-content\/uploads\/2023\/11\/Screenshot-2023-11-22-at-13-24-56-Un-tercio-de-las-viviendas-del-Area-Metropolitana-de-Granada-estan-vacias-o-se-usan-como-segunda-residencia-Ahora-Granada.png?ssl=1\"><img data-recalc-dims=\"1\" loading=\"lazy\" decoding=\"async\" class=\"alignnone wp-image-65127 size-full\" src=\"https:\/\/i0.wp.com\/miradordeatarfe.es\/wp-content\/uploads\/2023\/11\/Screenshot-2023-11-22-at-13-24-56-Un-tercio-de-las-viviendas-del-Area-Metropolitana-de-Granada-estan-vacias-o-se-usan-como-segunda-residencia-Ahora-Granada.png?resize=640%2C544&#038;ssl=1\" alt=\"\" width=\"640\" height=\"544\" srcset=\"https:\/\/i0.wp.com\/miradordeatarfe.es\/wp-content\/uploads\/2023\/11\/Screenshot-2023-11-22-at-13-24-56-Un-tercio-de-las-viviendas-del-Area-Metropolitana-de-Granada-estan-vacias-o-se-usan-como-segunda-residencia-Ahora-Granada.png?w=663&amp;ssl=1 663w, https:\/\/i0.wp.com\/miradordeatarfe.es\/wp-content\/uploads\/2023\/11\/Screenshot-2023-11-22-at-13-24-56-Un-tercio-de-las-viviendas-del-Area-Metropolitana-de-Granada-estan-vacias-o-se-usan-como-segunda-residencia-Ahora-Granada.png?resize=300%2C255&amp;ssl=1 300w\" sizes=\"auto, (max-width: 640px) 100vw, 640px\" \/><\/a><\/div>\n<p><\/ins><\/div>\n<\/div>\n<\/div>\n<p>Si bien, en la comarca hay hasta 39.261 viviendas que son utilizadas como segunda residencia, lo que supone un 25,23% del total o, lo que es lo mismo, una de cada cuatro que existen en los 32 pueblos del <strong>\u00c1rea Metropolitana<\/strong> granadina.<\/p>\n<p>En cuanto a los inmuebles que est\u00e1n deshabitados, en la comarca se alcanzan los 17.977, lo que suponen el 11,55% de todos los que hay en estos municipios. En suma, en la comarca se alcanzan las 57.228 casas que est\u00e1n vac\u00edas o bien se dedican a segunda residencia.<\/p>\n<h3 class=\"wp-block-heading\">Los pueblos con m\u00e1s viviendas vac\u00edas o de segunda residencia<\/h3>\n<p>Los porcentajes m\u00e1s altos de viviendas vac\u00edas o dedicadas a segunda residencia en el \u00c1rea Metropolitana los lidera <strong>Monachil<\/strong>, en cuyo t\u00e9rmino municipal se sit\u00faa Sierra Nevada y Pradollano, y en donde tres de cada cuatro casas est\u00e1n en esta situaci\u00f3n. Esto supone un 75% del total y hasta 5.998 de las 7.905 viviendas que existen en la localidad.<\/p>\n<p>Le sigue con hasta un 62% la localidad de <strong>Valderrubio<\/strong>, donde hay m\u00e1s viviendas vac\u00edas (379) que las que se dedican a segunda vivienda (312), mientras que <strong>V\u00edznar <\/strong>es el tercero, con hasta un 59% del total.<\/p>\n<p>Otros siete pueblos tienen tambi\u00e9n m\u00e1s de la mitad de sus inmuebles habitables vac\u00edos o dedicados a segunda residencia, como son los casos de <strong>V\u00edznar <\/strong>(59%),<strong> Cijuela, Pinos Puente<\/strong> y <strong>Pinos Genil,<\/strong> con el 58% cada uno; <strong>D\u00edlar <\/strong>(54%), <strong>Fuente Vaqueros<\/strong> (51,50%) y <strong>Alfacar <\/strong>(50,05%).<\/p>\n<p>Por encima del 40% se sit\u00faan tres localidades del cintur\u00f3n, dos de ellas pr\u00f3ximas entre s\u00ed, como son los casos de <strong>L\u00e1char y Chauchina<\/strong>, donde se alcanza el 49 y 45% respectivamente; y <strong>Atarfe<\/strong>, en cuyo t\u00e9rmino municipal hay 4.646 casas en esta condici\u00f3n, lo que supone el 45,40% del total.<\/p>\n<p><strong>G\u00f3jar, Alhend\u00edn y Santa Fe<\/strong> tambi\u00e9n se sit\u00faan por encima de la media de la comarca, que est\u00e1 en el 36,78% de las viviendas; mientras que <strong>Albolote, G\u00fcev\u00e9jar, Otura, Las Gabias, C\u00e1jar y La Zubia<\/strong> lo bordean por encima del 30%.<\/p>\n<h3 class=\"wp-block-heading\">15.800 viviendas en esta situaci\u00f3n en 11 pueblos<\/h3>\n<p>Las localidades en las que menos viviendas vac\u00edas y dedicadas a segunda casa suman un total de 15.800 repartidas en hasta 11 municipios. Respecto a su n\u00famero total de inmuebles, <strong>Cenes de la Vega<\/strong> alcanza las 1.227 en esta situaci\u00f3n de las 4.176 que posee.<\/p>\n<p>En <strong>Churriana de la Vega<\/strong> el porcentaje tambi\u00e9n se aproxima al 28%, mientras que en el 27% del total de casas que tienen est\u00e1n <strong>Jun <\/strong>y <strong>Pulianas<\/strong>, donde apenas hay 211 viviendas vac\u00edas. En <strong>Vegas del Genil,<\/strong> por contra, el n\u00famero de inmuebles vac\u00edos alcanza el 9,31% del total, aunque alcanza el 27,03% de las que tambi\u00e9n son segunda residencia.<\/p>\n<p>Entre los municipios m\u00e1s poblados de la comarca tambi\u00e9n se encuentran aquellos con los datos m\u00e1s bajos en cuanto a inmuebles deshabitados o utilizados como segunda residencia, tal y como sucede en Armilla, donde 3.023 de las 11.389 casas est\u00e1n en esta situaci\u00f3n (24%) u <strong>Og\u00edjares<\/strong>, que llega a las 1.642 casas clasificadas en esta situaci\u00f3n, si bien solo 344 est\u00e1n vac\u00edas.<\/p>\n<p>Tambi\u00e9n est\u00e1n por encima del 20% localidades como<strong> Peligros, Hu\u00e9tor Vega y Maracena<\/strong>, entre el 24 y el 21% respectivamente. <strong>C\u00fallar Vega <\/strong>es el pueblo de la comarca metropolitana donde hay menos viviendas vac\u00edas, con solo un 4,94% del total (158) y tambi\u00e9n donde menos inmuebles se dedican como segunda vivienda (480).<\/p>\n<p><a href=\"https:\/\/i0.wp.com\/miradordeatarfe.es\/wp-content\/uploads\/2023\/11\/Screenshot-2023-11-22-at-13-29-55-Un-tercio-de-las-viviendas-del-Area-Metropolitana-de-Granada-estan-vacias-o-se-usan-como-segunda-residencia-Ahora-Granada.png?ssl=1\"><img data-recalc-dims=\"1\" loading=\"lazy\" decoding=\"async\" class=\"alignnone wp-image-65128 \" src=\"https:\/\/i0.wp.com\/miradordeatarfe.es\/wp-content\/uploads\/2023\/11\/Screenshot-2023-11-22-at-13-29-55-Un-tercio-de-las-viviendas-del-Area-Metropolitana-de-Granada-estan-vacias-o-se-usan-como-segunda-residencia-Ahora-Granada.png?resize=595%2C788&#038;ssl=1\" alt=\"\" width=\"595\" height=\"788\" srcset=\"https:\/\/i0.wp.com\/miradordeatarfe.es\/wp-content\/uploads\/2023\/11\/Screenshot-2023-11-22-at-13-29-55-Un-tercio-de-las-viviendas-del-Area-Metropolitana-de-Granada-estan-vacias-o-se-usan-como-segunda-residencia-Ahora-Granada.png?w=536&amp;ssl=1 536w, https:\/\/i0.wp.com\/miradordeatarfe.es\/wp-content\/uploads\/2023\/11\/Screenshot-2023-11-22-at-13-29-55-Un-tercio-de-las-viviendas-del-Area-Metropolitana-de-Granada-estan-vacias-o-se-usan-como-segunda-residencia-Ahora-Granada.png?resize=226%2C300&amp;ssl=1 226w\" sizes=\"auto, (max-width: 595px) 100vw, 595px\" \/><\/a><\/p>\n<p><span class=\"section-name\"><em>\u00c1REA METROPOLITANA<\/em>\u00a0 | <span class=\"autor\"><strong> Luis F. Ruiz &#8211; Noelia S. Lorca<\/strong> <\/span><\/span><\/p>\n<p>AHORAGRANADA<\/p>\n<blockquote class=\"wp-embedded-content\" data-secret=\"9FIar2DKlf\"><p><a href=\"https:\/\/www.ahoragranada.com\/noticias\/un-tercio-de-las-viviendas-del-area-metropolitana-de-granada-estan-vacias-o-se-usan-como-segunda-residencia\/\">Un tercio de las viviendas del \u00c1rea Metropolitana de Granada est\u00e1n vac\u00edas o se usan como segunda residencia<\/a><\/p><\/blockquote>\n<p><iframe loading=\"lazy\" class=\"wp-embedded-content\" sandbox=\"allow-scripts\" security=\"restricted\" style=\"position: absolute; visibility: hidden;\" title=\"\u00abUn tercio de las viviendas del \u00c1rea Metropolitana de Granada est\u00e1n vac\u00edas o se usan como segunda residencia\u00bb \u2014 Ahora Granada\" src=\"https:\/\/www.ahoragranada.com\/noticias\/un-tercio-de-las-viviendas-del-area-metropolitana-de-granada-estan-vacias-o-se-usan-como-segunda-residencia\/embed\/#?secret=kQ94oeJTWc#?secret=9FIar2DKlf\" data-secret=\"9FIar2DKlf\" width=\"600\" height=\"338\" frameborder=\"0\" marginwidth=\"0\" marginheight=\"0\" scrolling=\"no\"><\/iframe><\/p>\n<\/section>\n<\/article>\n<\/div>\n<\/div>\n","protected":false},"excerpt":{"rendered":"<p>Un tercio de las viviendas del \u00c1rea Metropolitana de Granada est\u00e1n vac\u00edas o se usan&#8230;<\/p>\n","protected":false},"author":1,"featured_media":65129,"comment_status":"closed","ping_status":"closed","sticky":false,"template":"","format":"standard","meta":{"_coblocks_attr":"","_coblocks_dimensions":"","_coblocks_responsive_height":"","_coblocks_accordion_ie_support":"","jetpack_post_was_ever_published":false,"_jetpack_newsletter_access":"","_jetpack_dont_email_post_to_subs":false,"_jetpack_newsletter_tier_id":0,"_jetpack_memberships_contains_paywalled_content":false,"_jetpack_memberships_contains_paid_content":false,"footnotes":"","jetpack_publicize_message":"","jetpack_publicize_feature_enabled":true,"jetpack_social_post_already_shared":true,"jetpack_social_options":{"image_generator_settings":{"template":"highway","default_image_id":0,"enabled":false},"version":2}},"categories":[2,186,44,6937],"tags":[],"class_list":["post-65126","post","type-post","status-publish","format-standard","has-post-thumbnail","hentry","category-atarfe","category-instituciones","category-noticias-de-hoy","category-sociedad"],"jetpack_publicize_connections":[],"jetpack_featured_media_url":"https:\/\/i0.wp.com\/miradordeatarfe.es\/wp-content\/uploads\/2023\/11\/29-06-17-Viviendas-vacias.jpg?fit=750%2C500&ssl=1","jetpack_likes_enabled":true,"jetpack_sharing_enabled":true,"_links":{"self":[{"href":"https:\/\/miradordeatarfe.es\/index.php?rest_route=\/wp\/v2\/posts\/65126","targetHints":{"allow":["GET"]}}],"collection":[{"href":"https:\/\/miradordeatarfe.es\/index.php?rest_route=\/wp\/v2\/posts"}],"about":[{"href":"https:\/\/miradordeatarfe.es\/index.php?rest_route=\/wp\/v2\/types\/post"}],"author":[{"embeddable":true,"href":"https:\/\/miradordeatarfe.es\/index.php?rest_route=\/wp\/v2\/users\/1"}],"replies":[{"embeddable":true,"href":"https:\/\/miradordeatarfe.es\/index.php?rest_route=%2Fwp%2Fv2%2Fcomments&post=65126"}],"version-history":[{"count":1,"href":"https:\/\/miradordeatarfe.es\/index.php?rest_route=\/wp\/v2\/posts\/65126\/revisions"}],"predecessor-version":[{"id":65130,"href":"https:\/\/miradordeatarfe.es\/index.php?rest_route=\/wp\/v2\/posts\/65126\/revisions\/65130"}],"wp:featuredmedia":[{"embeddable":true,"href":"https:\/\/miradordeatarfe.es\/index.php?rest_route=\/wp\/v2\/media\/65129"}],"wp:attachment":[{"href":"https:\/\/miradordeatarfe.es\/index.php?rest_route=%2Fwp%2Fv2%2Fmedia&parent=65126"}],"wp:term":[{"taxonomy":"category","embeddable":true,"href":"https:\/\/miradordeatarfe.es\/index.php?rest_route=%2Fwp%2Fv2%2Fcategories&post=65126"},{"taxonomy":"post_tag","embeddable":true,"href":"https:\/\/miradordeatarfe.es\/index.php?rest_route=%2Fwp%2Fv2%2Ftags&post=65126"}],"curies":[{"name":"wp","href":"https:\/\/api.w.org\/{rel}","templated":true}]}}