{"id":65136,"date":"2023-11-23T10:23:17","date_gmt":"2023-11-23T09:23:17","guid":{"rendered":"https:\/\/miradordeatarfe.es\/?p=65136"},"modified":"2023-11-23T12:52:07","modified_gmt":"2023-11-23T11:52:07","slug":"atarfe-celebro-el-dia-de-los-gitanos-y-gitanas-andaluces","status":"publish","type":"post","link":"https:\/\/miradordeatarfe.es\/?p=65136","title":{"rendered":"Atarfe celebr\u00f3 el D\u00eda de los Gitanos y Gitanas Andaluces"},"content":{"rendered":"<div class=\"x11i5rnm xat24cr x1mh8g0r x1vvkbs xtlvy1s x126k92a\">\n<h3 dir=\"auto\" style=\"text-align: justify;\">Ayer 22 de Noviembre, Atarfe se ha unido a la celebraci\u00f3n del D\u00eda de los Gitanos y Gitanas Andaluces.<\/h3>\n<div dir=\"auto\" style=\"text-align: justify;\">Un momento especial para visibilizar y felicitar a toda la comunidad gitana de Atarfe, reiterando nuestro compromiso de construir juntos, un Atarfe inclusivo e igualitario.<\/div>\n<\/div>\n<div class=\"x11i5rnm xat24cr x1mh8g0r x1vvkbs xtlvy1s x126k92a\">\n<div dir=\"auto\" style=\"text-align: justify;\">Este a\u00f1o, para conmemorar esta festividad, hemos dirigido nuestra atenci\u00f3n a los m\u00e1s peque\u00f1os de la casa, sembrando la semilla de la igualdad y el respeto en las nuevas generaciones, convencidos de que estamos cultivando el fruto de una sociedad mejor.<\/div>\n<div dir=\"auto\">\n<p style=\"text-align: justify;\">Desde el a\u00f1o 1994 aproximadamente vienen celebr\u00e1ndose, por parte de algunas asociaciones gitanas, actos en conmemoraci\u00f3n de la llegada de los primeros grupos de gitanos y gitanas a Andaluc\u00eda. Esta efem\u00e9ride viene recogida en los <strong>Hechos del condestable D. Miguel Lucas de Iranzo<\/strong>, gobernador de Ja\u00e9n y primer andaluz que (documentadamente) acoge a miembros del Pueblo Gitano all\u00e1 por el a\u00f1o 1462.<\/p>\n<p style=\"text-align: justify;\">El 30 de octubre de 1996, el Parlamento Andaluz aprob\u00f3 una <strong>Declaraci\u00f3n Institucional<\/strong> relativa a la celebraci\u00f3n del 22 de noviembre como &#8216;D\u00eda de los Gitanos y Gitanas Andaluces&#8217;, en lo que ha sido, sin duda, el acto institucional de mayor calado en la historia espa\u00f1ola de este muchas veces olvidado Pueblo.<\/p>\n<p style=\"text-align: justify;\">La Constituci\u00f3n de 1978 y el Estatuto de Autonom\u00eda para Andaluc\u00eda han venido a dar carta de naturaleza como ciudadan\u00eda espa\u00f1ola y andaluza de pleno derecho a los integrantes de una comunidad, que de manera notable ha contribuido y contribuye a la formaci\u00f3n de la personalidad andaluza. Cuando en distintos puntos de la geograf\u00eda europea surgen brotes racistas y xen\u00f3fobos el Ayuntamiento de Atarfe quiere contribuir a su erradicaci\u00f3n, trabajando en favor de aquellos sectores de la comunidad gitana m\u00e1s desfavorecidos, facilitando la difusi\u00f3n de su cultura para que sea conocida, valorada y respetada por todos.<\/p>\n<p style=\"text-align: justify;\">VER VIDEO:<\/p>\n<h2>https:\/\/fb.watch\/otYduGJsO2\/<\/h2>\n<p>&nbsp;<\/p>\n<\/div>\n<\/div>\n","protected":false},"excerpt":{"rendered":"<p>Ayer 22 de Noviembre, Atarfe se ha unido a la celebraci\u00f3n del D\u00eda de los&#8230;<\/p>\n","protected":false},"author":1,"featured_media":65147,"comment_status":"closed","ping_status":"closed","sticky":false,"template":"","format":"standard","meta":{"_coblocks_attr":"","_coblocks_dimensions":"","_coblocks_responsive_height":"","_coblocks_accordion_ie_support":"","jetpack_post_was_ever_published":false,"_jetpack_newsletter_access":"","_jetpack_dont_email_post_to_subs":false,"_jetpack_newsletter_tier_id":0,"_jetpack_memberships_contains_paywalled_content":false,"_jetpack_memberships_contains_paid_content":false,"footnotes":"","jetpack_publicize_message":"","jetpack_publicize_feature_enabled":true,"jetpack_social_post_already_shared":true,"jetpack_social_options":{"image_generator_settings":{"template":"highway","default_image_id":0,"enabled":false},"version":2}},"categories":[2,6916,186,44],"tags":[],"class_list":["post-65136","post","type-post","status-publish","format-standard","has-post-thumbnail","hentry","category-atarfe","category-ayuntamiento-de-atarfe","category-instituciones","category-noticias-de-hoy"],"jetpack_publicize_connections":[],"jetpack_featured_media_url":"https:\/\/i0.wp.com\/miradordeatarfe.es\/wp-content\/uploads\/2023\/11\/dia-del-pueblo-gitano-andaluz.jpg?fit=400%2C300&ssl=1","jetpack_likes_enabled":true,"jetpack_sharing_enabled":true,"_links":{"self":[{"href":"https:\/\/miradordeatarfe.es\/index.php?rest_route=\/wp\/v2\/posts\/65136","targetHints":{"allow":["GET"]}}],"collection":[{"href":"https:\/\/miradordeatarfe.es\/index.php?rest_route=\/wp\/v2\/posts"}],"about":[{"href":"https:\/\/miradordeatarfe.es\/index.php?rest_route=\/wp\/v2\/types\/post"}],"author":[{"embeddable":true,"href":"https:\/\/miradordeatarfe.es\/index.php?rest_route=\/wp\/v2\/users\/1"}],"replies":[{"embeddable":true,"href":"https:\/\/miradordeatarfe.es\/index.php?rest_route=%2Fwp%2Fv2%2Fcomments&post=65136"}],"version-history":[{"count":2,"href":"https:\/\/miradordeatarfe.es\/index.php?rest_route=\/wp\/v2\/posts\/65136\/revisions"}],"predecessor-version":[{"id":65145,"href":"https:\/\/miradordeatarfe.es\/index.php?rest_route=\/wp\/v2\/posts\/65136\/revisions\/65145"}],"wp:featuredmedia":[{"embeddable":true,"href":"https:\/\/miradordeatarfe.es\/index.php?rest_route=\/wp\/v2\/media\/65147"}],"wp:attachment":[{"href":"https:\/\/miradordeatarfe.es\/index.php?rest_route=%2Fwp%2Fv2%2Fmedia&parent=65136"}],"wp:term":[{"taxonomy":"category","embeddable":true,"href":"https:\/\/miradordeatarfe.es\/index.php?rest_route=%2Fwp%2Fv2%2Fcategories&post=65136"},{"taxonomy":"post_tag","embeddable":true,"href":"https:\/\/miradordeatarfe.es\/index.php?rest_route=%2Fwp%2Fv2%2Ftags&post=65136"}],"curies":[{"name":"wp","href":"https:\/\/api.w.org\/{rel}","templated":true}]}}