{"id":65138,"date":"2023-11-24T11:19:05","date_gmt":"2023-11-24T10:19:05","guid":{"rendered":"https:\/\/miradordeatarfe.es\/?p=65138"},"modified":"2023-11-24T19:36:00","modified_gmt":"2023-11-24T18:36:00","slug":"vuelve-el-festival-atarfe-vega-rock","status":"publish","type":"post","link":"https:\/\/miradordeatarfe.es\/?p=65138","title":{"rendered":"VUELVE EL FESTIVAL ATARFE VEGA ROCK"},"content":{"rendered":"<h3 style=\"text-align: justify;\"><span class=\"yt-core-attributed-string yt-core-attributed-string--white-space-pre-wrap\" role=\"text\"> Los amantes de la m\u00fasica y la cultura estamos de enhorabuena. \u00a1Esta ma\u00f1ana, en una presentaci\u00f3n cargada de emoci\u00f3n, hemos compartido la gran noticia del regreso del Festival Atarfe Vega Rock<\/span><\/h3>\n<p style=\"text-align: justify;\"><span class=\"yt-core-attributed-string yt-core-attributed-string--white-space-pre-wrap\" role=\"text\">\u00a1Marca en tu calendario el <strong>S\u00e1bado 27 de Abril de 2024<\/strong>, y corre a por tus entradas!\u00a0 \u00a1Prep\u00e1rate para vibrar con el mejor rock en el Coliseo de Atarfe! <\/span><\/p>\n<p style=\"text-align: justify;\">Tras un intervalo de 15 a\u00f1os, este festival emblem\u00e1tico vuelve para celebrar la latente escena del rock nacional y granadino, reuniendo a artistas ic\u00f3nicos y promesas emergentes en una jornada inolvidable. La presentaci\u00f3n ha contado con la participaci\u00f3n de la diputada de Cultura y Educaci\u00f3n, Pilar Caracuel, la alcaldesa de Atarfe, Yolanda Fern\u00e1ndez, la concejal de Cultura de Atarfe, Jennifer Garc\u00eda, y representantes de los grupos Hora Zul\u00fa y End of Me.<\/p>\n<p style=\"text-align: justify;\">Caracuel ha mostrado su entusiasmo con el regreso de este festival, a\u00f1adiendo que \u201cAtarfe Vega Rock cumple con el sue\u00f1o de muchos j\u00f3venes granadinos y de todo el territorio nacional que vendr\u00e1n a conocer y escuchar en vivo a sus \u00eddolos, aquellos de las mu\u00f1equeras con tachuelas y melenas imposibles\u201d.<\/p>\n<p style=\"text-align: justify;\">Por su parte, la\u00a0 alcaldesa de Atarfe, Yolanda Fern\u00e1ndez, ha remarcado la importancia de continuar con la estela de esta edici\u00f3n para que pueda desarrollarse un Atarfe Vega Rock durante m\u00e1s a\u00f1os, argumentando que \u201ces una vuelta a los inicios para recuperar un festival que fue cl\u00e1sico en la agenda granadina, con la vista puesta en el desarrollo y crecimiento de futuras ediciones\u201d.<\/p>\n<p style=\"text-align: justify;\"><a href=\"https:\/\/i0.wp.com\/miradordeatarfe.es\/wp-content\/uploads\/2023\/11\/RM_PilarCaracuelpresentandoAtarfeVegaRock.jpg?ssl=1\"><img data-recalc-dims=\"1\" loading=\"lazy\" decoding=\"async\" class=\"wp-image-65140 size-full alignleft\" src=\"https:\/\/i0.wp.com\/miradordeatarfe.es\/wp-content\/uploads\/2023\/11\/RM_PilarCaracuelpresentandoAtarfeVegaRock.jpg?resize=532%2C375&#038;ssl=1\" alt=\"\" width=\"532\" height=\"375\" srcset=\"https:\/\/i0.wp.com\/miradordeatarfe.es\/wp-content\/uploads\/2023\/11\/RM_PilarCaracuelpresentandoAtarfeVegaRock.jpg?w=532&amp;ssl=1 532w, https:\/\/i0.wp.com\/miradordeatarfe.es\/wp-content\/uploads\/2023\/11\/RM_PilarCaracuelpresentandoAtarfeVegaRock.jpg?resize=300%2C211&amp;ssl=1 300w\" sizes=\"auto, (max-width: 532px) 100vw, 532px\" \/><\/a><strong>El pr\u00f3ximo 27 de abril de 2024, a las 17:00 horas, alrededor de 6.000 personas apreciar\u00e1n c\u00f3mo el Coliseo de Atarfe<\/strong> se convertir\u00e1 en el epicentro de la m\u00fasica rock, punk y metal. El cartel incluir\u00e1 la presencia de renombradas figuras del \u00e1mbito musical como \u2018Boikot\u2019 y \u2018Reincidentes\u2019, quienes han dejado una huella imborrable en el panorama del punk rock espa\u00f1ol y latinoamericano.<\/p>\n<p style=\"text-align: justify;\">\u2018Derby Motoreta\u2019s Burrito Kachimba\u2019, con su inconfundible estilo y energ\u00eda, presentar\u00e1 su nuevo disco, \u00abHilo negro\u00bb, en uno de los primeros conciertos de este \u00e1lbum, prometiendo sumergir a los asistentes en la kinkidelia que los caracteriza.<\/p>\n<p style=\"text-align: justify;\">Por su parte, \u2018Hora Zul\u00fa\u2019, una banda granadina que ha cautivado a audiencias nacionales e internacionales con su fusi\u00f3n y personalidad \u00fanica, llevar\u00e1 al escenario la intensidad de su nuevo EP \u00abMiraveh &#8211; Volumen 1\u00bb, reivindicando sus ra\u00edces flamencas y composiciones en\u00e9rgicas.<\/p>\n<p style=\"text-align: justify;\">Por \u00faltimo, \u2018End of Me\u2019, con su enfoque ecl\u00e9ctico y resonancias que van desde los cl\u00e1sicos del rock hasta una visi\u00f3n contempor\u00e1nea, presentar\u00e1 su nuevo EP, \u00abLack of Bones\u00bb, y su LP \u00abToxicsteen\u00bb, prometiendo un espect\u00e1culo que no pasar\u00e1 desapercibido.<\/p>\n<p style=\"text-align: justify;\">Este anuncio representa el compromiso continuo de la Diputaci\u00f3n de Granada por respaldar eventos culturales que enriquecen la vida de los ciudadanos y fortalecen la identidad musical de la provincia.<\/p>\n<p style=\"text-align: justify;\"><iframe loading=\"lazy\" src=\"\/\/www.youtube.com\/embed\/chfrvhOKYzg?feature=shared\" width=\"560\" height=\"314\" allowfullscreen=\"allowfullscreen\"><\/iframe><\/p>\n<p>\u00a0<a href=\"https:\/\/i0.wp.com\/miradordeatarfe.es\/wp-content\/uploads\/2023\/11\/galeria_2683_I449F5eY.png?ssl=1\"><img data-recalc-dims=\"1\" loading=\"lazy\" decoding=\"async\" class=\"alignnone wp-image-65142 size-full\" src=\"https:\/\/i0.wp.com\/miradordeatarfe.es\/wp-content\/uploads\/2023\/11\/galeria_2683_I449F5eY.png?resize=640%2C801&#038;ssl=1\" alt=\"\" width=\"640\" height=\"801\" srcset=\"https:\/\/i0.wp.com\/miradordeatarfe.es\/wp-content\/uploads\/2023\/11\/galeria_2683_I449F5eY.png?w=700&amp;ssl=1 700w, https:\/\/i0.wp.com\/miradordeatarfe.es\/wp-content\/uploads\/2023\/11\/galeria_2683_I449F5eY.png?resize=240%2C300&amp;ssl=1 240w\" sizes=\"auto, (max-width: 640px) 100vw, 640px\" \/><\/a><\/p>\n","protected":false},"excerpt":{"rendered":"<p>Los amantes de la m\u00fasica y la cultura estamos de enhorabuena. \u00a1Esta ma\u00f1ana, en una&#8230;<\/p>\n","protected":false},"author":1,"featured_media":65141,"comment_status":"closed","ping_status":"closed","sticky":false,"template":"","format":"standard","meta":{"_coblocks_attr":"","_coblocks_dimensions":"","_coblocks_responsive_height":"","_coblocks_accordion_ie_support":"","jetpack_post_was_ever_published":false,"_jetpack_newsletter_access":"","_jetpack_dont_email_post_to_subs":false,"_jetpack_newsletter_tier_id":0,"_jetpack_memberships_contains_paywalled_content":false,"_jetpack_memberships_contains_paid_content":false,"footnotes":"","jetpack_publicize_message":"","jetpack_publicize_feature_enabled":true,"jetpack_social_post_already_shared":true,"jetpack_social_options":{"image_generator_settings":{"template":"highway","default_image_id":0,"enabled":false},"version":2}},"categories":[12,6916,44],"tags":[],"class_list":["post-65138","post","type-post","status-publish","format-standard","has-post-thumbnail","hentry","category-cultura","category-ayuntamiento-de-atarfe","category-noticias-de-hoy"],"jetpack_publicize_connections":[],"jetpack_featured_media_url":"https:\/\/i0.wp.com\/miradordeatarfe.es\/wp-content\/uploads\/2023\/11\/evergrey24.jpg?fit=778%2C526&ssl=1","jetpack_likes_enabled":true,"jetpack_sharing_enabled":true,"_links":{"self":[{"href":"https:\/\/miradordeatarfe.es\/index.php?rest_route=\/wp\/v2\/posts\/65138","targetHints":{"allow":["GET"]}}],"collection":[{"href":"https:\/\/miradordeatarfe.es\/index.php?rest_route=\/wp\/v2\/posts"}],"about":[{"href":"https:\/\/miradordeatarfe.es\/index.php?rest_route=\/wp\/v2\/types\/post"}],"author":[{"embeddable":true,"href":"https:\/\/miradordeatarfe.es\/index.php?rest_route=\/wp\/v2\/users\/1"}],"replies":[{"embeddable":true,"href":"https:\/\/miradordeatarfe.es\/index.php?rest_route=%2Fwp%2Fv2%2Fcomments&post=65138"}],"version-history":[{"count":4,"href":"https:\/\/miradordeatarfe.es\/index.php?rest_route=\/wp\/v2\/posts\/65138\/revisions"}],"predecessor-version":[{"id":65216,"href":"https:\/\/miradordeatarfe.es\/index.php?rest_route=\/wp\/v2\/posts\/65138\/revisions\/65216"}],"wp:featuredmedia":[{"embeddable":true,"href":"https:\/\/miradordeatarfe.es\/index.php?rest_route=\/wp\/v2\/media\/65141"}],"wp:attachment":[{"href":"https:\/\/miradordeatarfe.es\/index.php?rest_route=%2Fwp%2Fv2%2Fmedia&parent=65138"}],"wp:term":[{"taxonomy":"category","embeddable":true,"href":"https:\/\/miradordeatarfe.es\/index.php?rest_route=%2Fwp%2Fv2%2Fcategories&post=65138"},{"taxonomy":"post_tag","embeddable":true,"href":"https:\/\/miradordeatarfe.es\/index.php?rest_route=%2Fwp%2Fv2%2Ftags&post=65138"}],"curies":[{"name":"wp","href":"https:\/\/api.w.org\/{rel}","templated":true}]}}