{"id":65149,"date":"2023-11-24T10:33:18","date_gmt":"2023-11-24T09:33:18","guid":{"rendered":"https:\/\/miradordeatarfe.es\/?p=65149"},"modified":"2024-06-02T12:18:24","modified_gmt":"2024-06-02T10:18:24","slug":"munecas-hinchables-al-viento-por-juan-de-dios-villanueva-roa","status":"publish","type":"post","link":"https:\/\/miradordeatarfe.es\/?p=65149","title":{"rendered":"\u00abMu\u00f1ecas hinchables al viento\u00bb por Juan de Dios Villanueva Roa"},"content":{"rendered":"<h3 style=\"text-align: justify;\">Pues s\u00ed, ya hay nuevo gobierno. Los resultados de las \u00faltimas elecciones se hicieron valer y Pedro S\u00e1nchez ha conseguido que el 80 por ciento de los partidos pol\u00edticos presentes en la c\u00e1mara le apoyen en las votaciones. Eso es democracia tambi\u00e9n.<\/h3>\n<p style=\"text-align: justify;\">Se quedaron fuera de estas votaciones los partidos mayoritarios de la derecha espa\u00f1ola, que fuera mostraron su descontento manifest\u00e1ndose con alguna que otra mu\u00f1eca hinchable, hecho este que desluci\u00f3 notablemente la calidad de dicha oposici\u00f3n, pues no parece muy apropiado comparar a nadie con el objeto de satisfacci\u00f3n sexual personal que lucieron los due\u00f1os de estas mu\u00f1ecas. Esta falta de respeto hacia la mujer no es acorde con los tiempos que corren, aunque alguien pudiera pensar que s\u00ed lo son con las ideolog\u00edas que las portaban. En fin, ellos sabr\u00e1n por qu\u00e9 hicieron semejantes tonter\u00edas con sus personales objetos sexuales en la calle.<\/p>\n<p style=\"text-align: justify;\">Tampoco ven\u00edan a cuento los rezos ni las plegarias ni los alaridos. Lo dem\u00e1s entra ya de lleno en lo que se est\u00e1 convirtiendo en normalidad opositora de quienes por ahora no ostentan el poder nacional, si bien el auton\u00f3mico lo llevan a gala, sin que el personal les ponga objetos que les recuerden lo que quisieran degustar. Aqu\u00ed, fuera de aquellos vocer\u00edos y algaradas, quedan los problemas del d\u00eda a d\u00eda, que debieran ser objeto de atenci\u00f3n de quienes gobiernan desde Sevilla, siempre Sevilla, como la corrosiva y peligrosa falta de m\u00e9dicos y enfermeras en los centros de salud y hospitales p\u00fablicos. Esto, adem\u00e1s de sobrecargar a quienes acuden a ejercer la medicina, acabar\u00e1 con una calidad asistencial que era hasta hace poco ejemplo en el mundo.<\/p>\n<p style=\"text-align: justify;\">En fin, cada cual en sus intereses.<\/p>\n<p>foto: &#8211; Diego Radam\u00e9s &#8211; Europa Press<\/p>\n","protected":false},"excerpt":{"rendered":"<p>Pues s\u00ed, ya hay nuevo gobierno. Los resultados de las \u00faltimas elecciones se hicieron valer&#8230;<\/p>\n","protected":false},"author":1,"featured_media":65151,"comment_status":"closed","ping_status":"closed","sticky":false,"template":"","format":"standard","meta":{"_coblocks_attr":"","_coblocks_dimensions":"","_coblocks_responsive_height":"","_coblocks_accordion_ie_support":"","jetpack_post_was_ever_published":false,"_jetpack_newsletter_access":"","_jetpack_dont_email_post_to_subs":false,"_jetpack_newsletter_tier_id":0,"_jetpack_memberships_contains_paywalled_content":false,"_jetpack_memberships_contains_paid_content":false,"footnotes":"","jetpack_publicize_message":"","jetpack_publicize_feature_enabled":true,"jetpack_social_post_already_shared":true,"jetpack_social_options":{"image_generator_settings":{"template":"highway","default_image_id":0,"enabled":false},"version":2}},"categories":[1161,9772,7671],"tags":[],"class_list":["post-65149","post","type-post","status-publish","format-standard","has-post-thumbnail","hentry","category-ciudadania","category-opinion-de-juan-de-dios-villanueva","category-politica"],"jetpack_publicize_connections":[],"jetpack_featured_media_url":"https:\/\/i0.wp.com\/miradordeatarfe.es\/wp-content\/uploads\/2023\/11\/Screenshot-2023-11-23-at-13-07-17.png?fit=531%2C373&ssl=1","jetpack_likes_enabled":true,"jetpack_sharing_enabled":true,"_links":{"self":[{"href":"https:\/\/miradordeatarfe.es\/index.php?rest_route=\/wp\/v2\/posts\/65149","targetHints":{"allow":["GET"]}}],"collection":[{"href":"https:\/\/miradordeatarfe.es\/index.php?rest_route=\/wp\/v2\/posts"}],"about":[{"href":"https:\/\/miradordeatarfe.es\/index.php?rest_route=\/wp\/v2\/types\/post"}],"author":[{"embeddable":true,"href":"https:\/\/miradordeatarfe.es\/index.php?rest_route=\/wp\/v2\/users\/1"}],"replies":[{"embeddable":true,"href":"https:\/\/miradordeatarfe.es\/index.php?rest_route=%2Fwp%2Fv2%2Fcomments&post=65149"}],"version-history":[{"count":1,"href":"https:\/\/miradordeatarfe.es\/index.php?rest_route=\/wp\/v2\/posts\/65149\/revisions"}],"predecessor-version":[{"id":65152,"href":"https:\/\/miradordeatarfe.es\/index.php?rest_route=\/wp\/v2\/posts\/65149\/revisions\/65152"}],"wp:featuredmedia":[{"embeddable":true,"href":"https:\/\/miradordeatarfe.es\/index.php?rest_route=\/wp\/v2\/media\/65151"}],"wp:attachment":[{"href":"https:\/\/miradordeatarfe.es\/index.php?rest_route=%2Fwp%2Fv2%2Fmedia&parent=65149"}],"wp:term":[{"taxonomy":"category","embeddable":true,"href":"https:\/\/miradordeatarfe.es\/index.php?rest_route=%2Fwp%2Fv2%2Fcategories&post=65149"},{"taxonomy":"post_tag","embeddable":true,"href":"https:\/\/miradordeatarfe.es\/index.php?rest_route=%2Fwp%2Fv2%2Ftags&post=65149"}],"curies":[{"name":"wp","href":"https:\/\/api.w.org\/{rel}","templated":true}]}}