{"id":65153,"date":"2023-11-24T08:43:07","date_gmt":"2023-11-24T07:43:07","guid":{"rendered":"https:\/\/miradordeatarfe.es\/?p=65153"},"modified":"2023-11-23T13:19:21","modified_gmt":"2023-11-23T12:19:21","slug":"que-es-la-asociacion-adolescencia-libre-de-moviles-y-diez-puntos-de-accion","status":"publish","type":"post","link":"https:\/\/miradordeatarfe.es\/?p=65153","title":{"rendered":"Qu\u00e9 es la Asociaci\u00f3n Adolescencia Libre de M\u00f3viles y diez puntos de acci\u00f3n"},"content":{"rendered":"<h3 class=\"mce\" style=\"text-align: justify;\"><strong class=\"mce\">Lejos de demonizar la tecnolog\u00eda, la Asociaci\u00f3n Adolescencia Libre de M\u00f3viles<\/strong> pretende \u00abcrear espacios de debate acerca de los riesgos de la normalizaci\u00f3n del uso de smartphones por parte de la poblaci\u00f3n infantil y adolescente\u00bb.<\/h3>\n<p class=\"mce\" style=\"text-align: justify;\">La iniciativa, que ha reunido en distintos grupos a <a class=\"mce\" href=\"https:\/\/www.diariodesevilla.es\/sociedad\/presion-social-retrasar-extiende-Espana_0_1847515729.html\" rel=\"dofollow\">miles de interesados a lo largo del pa\u00eds en la \u00faltima semana, <\/a>recoge <strong class=\"mce\">preocupaciones de padres y docentes<\/strong> acerca de lo que, consideran, son los <strong class=\"mce\">cuatro principales peligros del uso sin gu\u00eda ni regulaci\u00f3n de tel\u00e9fonos m\u00f3viles entre los menores: acceso a contenidos inapropiados, adicci\u00f3n, acoso y contacto con desconocidos<\/strong>.\u00a0<\/p>\n<div id=\"ads-container-796499482\" class=\"ad-v ad-300x250\" style=\"text-align: justify;\">\u00a0<\/div>\n<p class=\"mce\" style=\"text-align: justify;\">Adem\u00e1s, la plataforma muestra <strong class=\"mce\">especial preocupaci\u00f3n por la normalizaci\u00f3n social de entregar un m\u00f3vil inteligente a los ni\u00f1os a los 12 a\u00f1os<\/strong>; as\u00ed como por el <strong class=\"mce\">efecto que est\u00e1 produciendo el uso de dispostivos m\u00f3viles con acceso a internet tanto en la convivencia de los centros educativos, como en el rendimiento<\/strong> de los alumnos. Para ello, consideran necesario que se aplique con <strong class=\"mce\">\u00abmayor firmeza la norma de uso restringido de m\u00f3viles antes de 4\u00ba de ESO\u00bb.<\/strong><\/p>\n<p class=\"mce\" style=\"text-align: justify;\"><strong class=\"mce\">Convencidos de la importancia que tiene \u00abla educaci\u00f3n digital en un mundo digitalizado\u00bb,<\/strong> el objetivo principal es \u00absentar las bases de la alfabetizaci\u00f3n digital de una manera saludable y responsable\u00bb.<\/p>\n<p class=\"mce\" style=\"text-align: justify;\"><strong class=\"mce\">Entre las acciones concretas que,<\/strong> en este caso, propone la Asociaci\u00f3n Adolescencia Libre de M\u00f3viles de M\u00e1laga se encuentran puntos como:\u00a0<\/p>\n<ol class=\"mce\" style=\"text-align: justify;\">\n<li class=\"mce\">\u00a0Comunicar la iniciativa a los <strong class=\"mce\">equipos directivos y AMPAs<\/strong> de los centros educativos.<\/li>\n<li class=\"mce\">\u00a0Ofrecer a los menores\u00a0<strong class=\"mce\">actividades al aire libre, actividades art\u00edsticas o deportivas.<\/strong><\/li>\n<li class=\"mce\">Si ya tienen m\u00f3vil, tener en casa una <strong class=\"mce\">&#8216;caja de reposo&#8217;<\/strong> para los tel\u00e9fonos m\u00f3viles y ponerlos dentro en &#8216;modo avi\u00f3n&#8217; durante una serie de horas al d\u00eda.<\/li>\n<li class=\"mce\">Ponernos a disposici\u00f3n para <strong class=\"mce\">organizar encuentros<\/strong> en casa o fuera con otras familias o con su pandilla.<\/li>\n<li class=\"mce\"><strong class=\"mce\">Volver a las calles<\/strong> y a jugar en ellas, vivirlas compartiendo.<\/li>\n<li class=\"mce\"><strong class=\"mce\">Informar<\/strong> a otras familias y otros educadores de lo que se est\u00e1 observando en los menores a consecuencia del uso precoz de los dispositivos electr\u00f3nicos con acceso a Internet.<\/li>\n<li class=\"mce\"><strong class=\"mce\">Reforzar a las familias que quieren postergar en sus hijos el uso de dispositivos<\/strong> con internet record\u00e1ndoles que no est\u00e1n solas.<\/li>\n<li class=\"mce\"><strong class=\"mce\">Ofrecer a los menores un tel\u00e9fono b\u00e1sico<\/strong> sin acceso a Internet si lo que se necesita es que est\u00e9n localizados.<\/li>\n<li class=\"mce\"><strong class=\"mce\">Contactar \u00e1reas de juventud de los ayuntamientos<\/strong> para proponer actividades l\u00fadicas, art\u00edsticas y deportivas en las calles y plazas que lleven a nuestros j\u00f3venes y ni\u00f1os a salir de las pantallas.<\/li>\n<li class=\"mce\"><strong class=\"mce\">Organizar charlas, talleres y encuentros<\/strong> acerca de la importancia de regular y dosificar el acceso a dispositivos en funci\u00f3n de la edad.<\/li>\n<\/ol>\n<p style=\"text-align: justify;\"><strong><a class=\"lnk author-name\" href=\"https:\/\/www.granadahoy.com\/pilar_vera_17184\/\">Pilar Vera<\/a><\/strong><\/p>\n<p>FOTO: La temprana edad en el acceso sin control a m\u00f3viles es uno de los puntos de preocupaci\u00f3n. <wbr \/> \/ <span class=\"source\">Juan Carlos V\u00e1zquez<\/span><\/p>\n<p>https:\/\/www.granadahoy.com\/andalucia\/Asociacion-Adolescencia-Libre-Moviles-puntos_0_1849315461.html<\/p>\n","protected":false},"excerpt":{"rendered":"<p>Lejos de demonizar la tecnolog\u00eda, la Asociaci\u00f3n Adolescencia Libre de M\u00f3viles pretende \u00abcrear espacios de&#8230;<\/p>\n","protected":false},"author":1,"featured_media":65155,"comment_status":"closed","ping_status":"closed","sticky":false,"template":"","format":"standard","meta":{"_coblocks_attr":"","_coblocks_dimensions":"","_coblocks_responsive_height":"","_coblocks_accordion_ie_support":"","jetpack_post_was_ever_published":false,"_jetpack_newsletter_access":"","_jetpack_dont_email_post_to_subs":false,"_jetpack_newsletter_tier_id":0,"_jetpack_memberships_contains_paywalled_content":false,"_jetpack_memberships_contains_paid_content":false,"footnotes":"","jetpack_publicize_message":"","jetpack_publicize_feature_enabled":true,"jetpack_social_post_already_shared":true,"jetpack_social_options":{"image_generator_settings":{"template":"highway","default_image_id":0,"enabled":false},"version":2}},"categories":[187,44,6920],"tags":[],"class_list":["post-65153","post","type-post","status-publish","format-standard","has-post-thumbnail","hentry","category-centros-educativos","category-noticias-de-hoy","category-tecnologia"],"jetpack_publicize_connections":[],"jetpack_featured_media_url":"https:\/\/i0.wp.com\/miradordeatarfe.es\/wp-content\/uploads\/2023\/11\/temprana-acceso-control-moviles-preocupacion_1849325241_197319712_1200x675.jpg?fit=1200%2C675&ssl=1","jetpack_likes_enabled":true,"jetpack_sharing_enabled":true,"_links":{"self":[{"href":"https:\/\/miradordeatarfe.es\/index.php?rest_route=\/wp\/v2\/posts\/65153","targetHints":{"allow":["GET"]}}],"collection":[{"href":"https:\/\/miradordeatarfe.es\/index.php?rest_route=\/wp\/v2\/posts"}],"about":[{"href":"https:\/\/miradordeatarfe.es\/index.php?rest_route=\/wp\/v2\/types\/post"}],"author":[{"embeddable":true,"href":"https:\/\/miradordeatarfe.es\/index.php?rest_route=\/wp\/v2\/users\/1"}],"replies":[{"embeddable":true,"href":"https:\/\/miradordeatarfe.es\/index.php?rest_route=%2Fwp%2Fv2%2Fcomments&post=65153"}],"version-history":[{"count":1,"href":"https:\/\/miradordeatarfe.es\/index.php?rest_route=\/wp\/v2\/posts\/65153\/revisions"}],"predecessor-version":[{"id":65156,"href":"https:\/\/miradordeatarfe.es\/index.php?rest_route=\/wp\/v2\/posts\/65153\/revisions\/65156"}],"wp:featuredmedia":[{"embeddable":true,"href":"https:\/\/miradordeatarfe.es\/index.php?rest_route=\/wp\/v2\/media\/65155"}],"wp:attachment":[{"href":"https:\/\/miradordeatarfe.es\/index.php?rest_route=%2Fwp%2Fv2%2Fmedia&parent=65153"}],"wp:term":[{"taxonomy":"category","embeddable":true,"href":"https:\/\/miradordeatarfe.es\/index.php?rest_route=%2Fwp%2Fv2%2Fcategories&post=65153"},{"taxonomy":"post_tag","embeddable":true,"href":"https:\/\/miradordeatarfe.es\/index.php?rest_route=%2Fwp%2Fv2%2Ftags&post=65153"}],"curies":[{"name":"wp","href":"https:\/\/api.w.org\/{rel}","templated":true}]}}