{"id":65157,"date":"2023-11-21T13:20:08","date_gmt":"2023-11-21T12:20:08","guid":{"rendered":"https:\/\/miradordeatarfe.es\/?p=65157"},"modified":"2023-11-23T13:23:09","modified_gmt":"2023-11-23T12:23:09","slug":"el-atarfe-rompe-su-racha-en-porcuna-2-0","status":"publish","type":"post","link":"https:\/\/miradordeatarfe.es\/?p=65157","title":{"rendered":"El Atarfe rompe su racha en Porcuna, 2-0"},"content":{"rendered":"<h2 style=\"text-align: justify;\">Los atarfe\u00f1os erraron un penalti cuando perd\u00edan por 1-0<\/h2>\n<p style=\"text-align: justify;\">El Atarfe Industrial se viene de vac\u00edo de la visita al segundo clasificado, Atl\u00e9tico Porcuna. Los atarfe\u00f1os realizaron un buen partido pero les, falt\u00f3 aprovechar sus ocasiones. Los atarfe\u00f1os fallaron un penalti que pudo poner el empate a uno.\u00a0<\/p>\n<p style=\"text-align: justify;\">En el inicio del partido el Atl\u00e9tico Porcuna se hizo con el control del esf\u00e9rico, pero debido a la presi\u00f3n alta del Atarfe, el conjunto jienense tocaba el bal\u00f3n en posiciones muy alejadas de la porter\u00eda atarfe\u00f1o. El Atl\u00e9tico Porcuna sigui\u00f3 dominando pero sin asustar a un Atarfe que sigui\u00f3 muy bien plantado. Con el avance de los minutos el Atarfe fue creciendo y cada vez se jug\u00f3 m\u00e1s en la parcela que defendi\u00f3 en el conjunto. Faltaban las ocasiones siendo los porteros meros espectadores del partido. Cuando mejor estaba el Atarfe lleg\u00f3 una jugada desafortunada, el Porcuna colg\u00f3 un bal\u00f3n al \u00e1rea y \u00d3scar para evitar el remate de Chiqui cometi\u00f3 penalti. La pena m\u00e1xima la transform\u00f3 Adri, que adelant\u00f3 al Atl\u00e9tico Porcuna. El Atarfe adelant\u00f3 l\u00edneas tras el gol y se hizo con el dominio aunque no encontr\u00f3 huecos en la f\u00e9rrea defensa del Porcuna y no pudo crear ocasiones. La primera mitad acab\u00f3 con susto para el Atarfe, Javi tuvo un mano a mano para hacer el segundo, pero una gran mano de V\u00edctor evit\u00f3 el segundo tanto.\u00a0<\/p>\n<p style=\"text-align: justify;\">El comienzo de la segunda parte no fue bueno para el Atarfe Industrial. El Atl\u00e9tico Porcuna encerr\u00f3 a los atarfe\u00f1os en busca del segundo gol y lo pudo lograr en el minuto 4 cuando Adri le dio el bal\u00f3n a Javi Castilla, que estando s\u00f3lo dispar\u00f3 fuera. El Atarfe Industrial tuvo su gran oportunidad para empatar en el minuto doce, cuando Toni Iglesias fue derribado dentro del \u00e1rea y el colegiado se\u00f1al\u00f3 penalti. La pena m\u00e1xima la lanz\u00f3 Rub\u00e9n Osuna y Pablo le adivin\u00f3 la intenci\u00f3n y detuvo el penalti. Tras esta pena m\u00e1xima el Atl\u00e9tico Porcuna sigui\u00f3 dominando y buscando porter\u00eda y se vio m\u00e1s cerca el segundo tanto que el de la igualada. Los atarfe\u00f1os pisaron poco el \u00e1rea del conjunto jienense. El Atl\u00e9tico Porcuna logr\u00f3 el segundo tanto en el minuto 77 tras una jugada personal de Willy, que bati\u00f3 a V\u00edctor en su salida. El Atarfe no se rindi\u00f3 y pudo recortar distancias en el minuto 82 cuando Toni Iglesias bot\u00f3 un libre directo que se estrell\u00f3 en el larguero. El Atarfe lo sigui\u00f3 intentando hasta el final y en el minuto 91 la volvi\u00f3 a tener Toni Iglesias, que tuvo un disparo a bocajarro y de nuevo, el cancerbero Pablo se convirti\u00f3 en protagonista para su equipo. Al final el Atarfe acab\u00f3 cayendo por 2-0.<\/p>\n<div class=\"limpia\">REDACCI\u00d3N DE GRANADA EN JUEGO<\/div>\n<div>\u00a0<\/div>\n<div>FOTO: <i>El Atarfe perdi\u00f3 ante el Atl\u00e9tico Porcuna (CRISTIAN FERN\u00c1NDEZ\/ARCHIVO)<\/i><\/div>\n<div>\u00a0<\/div>\n<div>https:\/\/www.granadaenjuego.com\/atarfe-industrial-\/el-atarfe-rompe-su-racha-en-porcuna&#8211;2-0<\/div>\n<p>&nbsp;<\/p>\n<p><img data-recalc-dims=\"1\" decoding=\"async\" src=\"https:\/\/i0.wp.com\/i.ibb.co\/C2xXr77\/image-12.jpg?w=640&#038;ssl=1\" alt=\"\" \/><\/p>\n<div class=\"limpia\">\u00a0<\/div>\n","protected":false},"excerpt":{"rendered":"<p>Los atarfe\u00f1os erraron un penalti cuando perd\u00edan por 1-0 El Atarfe Industrial se viene de&#8230;<\/p>\n","protected":false},"author":1,"featured_media":65159,"comment_status":"closed","ping_status":"closed","sticky":false,"template":"","format":"standard","meta":{"_coblocks_attr":"","_coblocks_dimensions":"","_coblocks_responsive_height":"","_coblocks_accordion_ie_support":"","jetpack_post_was_ever_published":false,"_jetpack_newsletter_access":"","_jetpack_dont_email_post_to_subs":false,"_jetpack_newsletter_tier_id":0,"_jetpack_memberships_contains_paywalled_content":false,"_jetpack_memberships_contains_paid_content":false,"footnotes":"","jetpack_publicize_message":"","jetpack_publicize_feature_enabled":true,"jetpack_social_post_already_shared":true,"jetpack_social_options":{"image_generator_settings":{"template":"highway","default_image_id":0,"enabled":false},"version":2}},"categories":[2,182,44],"tags":[],"class_list":["post-65157","post","type-post","status-publish","format-standard","has-post-thumbnail","hentry","category-atarfe","category-deportes","category-noticias-de-hoy"],"jetpack_publicize_connections":[],"jetpack_featured_media_url":"https:\/\/i0.wp.com\/miradordeatarfe.es\/wp-content\/uploads\/2023\/11\/imagen54294_0_original.jpg?fit=665%2C443&ssl=1","jetpack_likes_enabled":true,"jetpack_sharing_enabled":true,"_links":{"self":[{"href":"https:\/\/miradordeatarfe.es\/index.php?rest_route=\/wp\/v2\/posts\/65157","targetHints":{"allow":["GET"]}}],"collection":[{"href":"https:\/\/miradordeatarfe.es\/index.php?rest_route=\/wp\/v2\/posts"}],"about":[{"href":"https:\/\/miradordeatarfe.es\/index.php?rest_route=\/wp\/v2\/types\/post"}],"author":[{"embeddable":true,"href":"https:\/\/miradordeatarfe.es\/index.php?rest_route=\/wp\/v2\/users\/1"}],"replies":[{"embeddable":true,"href":"https:\/\/miradordeatarfe.es\/index.php?rest_route=%2Fwp%2Fv2%2Fcomments&post=65157"}],"version-history":[{"count":1,"href":"https:\/\/miradordeatarfe.es\/index.php?rest_route=\/wp\/v2\/posts\/65157\/revisions"}],"predecessor-version":[{"id":65158,"href":"https:\/\/miradordeatarfe.es\/index.php?rest_route=\/wp\/v2\/posts\/65157\/revisions\/65158"}],"wp:featuredmedia":[{"embeddable":true,"href":"https:\/\/miradordeatarfe.es\/index.php?rest_route=\/wp\/v2\/media\/65159"}],"wp:attachment":[{"href":"https:\/\/miradordeatarfe.es\/index.php?rest_route=%2Fwp%2Fv2%2Fmedia&parent=65157"}],"wp:term":[{"taxonomy":"category","embeddable":true,"href":"https:\/\/miradordeatarfe.es\/index.php?rest_route=%2Fwp%2Fv2%2Fcategories&post=65157"},{"taxonomy":"post_tag","embeddable":true,"href":"https:\/\/miradordeatarfe.es\/index.php?rest_route=%2Fwp%2Fv2%2Ftags&post=65157"}],"curies":[{"name":"wp","href":"https:\/\/api.w.org\/{rel}","templated":true}]}}