{"id":65217,"date":"2023-11-27T11:23:00","date_gmt":"2023-11-27T10:23:00","guid":{"rendered":"https:\/\/miradordeatarfe.es\/?p=65217"},"modified":"2023-12-08T23:24:56","modified_gmt":"2023-12-08T22:24:56","slug":"libres-y-violetas-por-remedios-sanchez","status":"publish","type":"post","link":"https:\/\/miradordeatarfe.es\/?p=65217","title":{"rendered":"\u00abLIBRES Y VIOLETAS\u00bb por Remedios S\u00e1nchez"},"content":{"rendered":"<h3 style=\"text-align: justify;\">La clave esencial de la semana que ha pasado la ha dado la exministra Pilar Llop que, en su discurso de entrega de malet\u00edn como responsable de Justicia, ha declarado que \u201cen los sitios hay que saber estar, pero sobre todo hay que saber irse\u201d.<\/h3>\n<p style=\"text-align: justify;\">Efectivamente, ese es uno de los problemas de Espa\u00f1a y, particularmente, de la nueva clase pol\u00edtica que ven\u00eda a tomar los cielos por asalto: la confusi\u00f3n que tienen entre un cargo p\u00fablico y un sueldo Nescaf\u00e9 para toda la vida. \u00a0Me refiero en concreto a Irene Montero y a Ione Belarra, las dirigentes podemitas que han utilizado la toma de posesi\u00f3n de sus sucesores como espacio para la vendetta contra el mundo posicion\u00e1ndose como m\u00e1rtires \u00a0de algo, sin darse cuenta de que son ellas las principales culpables del da\u00f1o que se ha hecho a las mujeres por su pertinaz soberbia irresponsable.<\/p>\n<p style=\"text-align: justify;\">Ahora ha quedado claro que Pedro S\u00e1nchez se equivoc\u00f3 escogiendo bando cuando eligi\u00f3 mantener a Irene Montero porque supuso la abdicaci\u00f3n del discurso feminista verdadero que representan con dignidad y coherencia figuras indiscutibles como Carmen Calvo, y eso le ha costado muchos votos en las \u00faltimas elecciones.<\/p>\n<p style=\"text-align: justify;\">Otra cosa es que se haya dado cuenta. Llegados a este punto, los hechos dir\u00e1n si resulta un acierto el nombramiento de Ana Redondo como nueva Ministra de Igualdad; por eso no fue de recibo el discurso de Montero y Belarra que debieron, siquiera por respeto, dejar un margen antes de empezar esas guerras fratricidas tan habituales dentro clan que lidera\u00a0Pablo Iglesias desde las sombras. \u00a0Porque aqu\u00ed el busilis del asunto es que el nuevo Consejo de Ministros (y Ministras) tiene al rival enfrente, como es natural, pero al enemigo justo a su espalda. Y esto, cuando se tratan temas tan serios como la igualdad o la violencia machista, se antoja muy peligroso.<\/p>\n<p style=\"text-align: justify;\">Espa\u00f1a lleva este a\u00f1o 52 mujeres asesinadas que son una losa de amargura sobre la conciencia de la gente de bien. Un tercio de ellas, tal y como explicaba la subdelegada del Gobierno Inmaculada L\u00f3pez Calahorro en el acto del 25N, brutalmente asesinadas en Andaluc\u00eda. La lacra del machismo, la perversidad del sistema (sustentado durante la legislatura anterior por el fundamentalismo obtuso de Montero, Belarra y adl\u00e1teres) demuestran que hay que hacer una pedagog\u00eda clara de lo que implica ser feminista, que nunca fue la confrontaci\u00f3n ni el odio sistem\u00e1tico al var\u00f3n, sino el repudio a la alienaci\u00f3n hist\u00f3rica de las mujeres.<\/p>\n<p style=\"text-align: justify;\">El final de la cadena de terror ya se sabe que es el asesinato, pero, en medio, existe una variada gama de posibilidades que van desde el acoso o el maltrato psicol\u00f3gico \u2013muchas veces, una perversamente refinada estrategia de sometimiento- hasta alcanzar los golpes como preludio del final, que es silencio y muerte. Para tratar de erradicar tanta angustia es urgente recobrar la unidad institucional y destinar m\u00e1s medios p\u00fablicos a proteger a las v\u00edctimas de sus verdugos. Pero tambi\u00e9n demostrar que el feminismo\u00a0hace mucho que dej\u00f3 de ser asunto exclusivo de mujeres para convertirse en una necesidad colectiva que nos obliga a desmantelar las estructuras de poder mantenedoras de arquetipos desfasados. Frente a una minor\u00eda anacr\u00f3nica que niega la realidad, quienes se manifestaron el s\u00e1bado son la esperanza del futuro, personas coherentes que defienden la libertad y la igualdad como motores de transformaci\u00f3n social.<\/p>\n","protected":false},"excerpt":{"rendered":"<p>La clave esencial de la semana que ha pasado la ha dado la exministra Pilar&#8230;<\/p>\n","protected":false},"author":1,"featured_media":65218,"comment_status":"closed","ping_status":"closed","sticky":false,"template":"","format":"standard","meta":{"_coblocks_attr":"","_coblocks_dimensions":"","_coblocks_responsive_height":"","_coblocks_accordion_ie_support":"","jetpack_post_was_ever_published":false,"_jetpack_newsletter_access":"","_jetpack_dont_email_post_to_subs":false,"_jetpack_newsletter_tier_id":0,"_jetpack_memberships_contains_paywalled_content":false,"_jetpack_memberships_contains_paid_content":false,"footnotes":"","jetpack_publicize_message":"","jetpack_publicize_feature_enabled":true,"jetpack_social_post_already_shared":false,"jetpack_social_options":{"image_generator_settings":{"template":"highway","default_image_id":0,"enabled":false},"version":2}},"categories":[14,44,6914,6937],"tags":[],"class_list":["post-65217","post","type-post","status-publish","format-standard","has-post-thumbnail","hentry","category-feminismo","category-noticias-de-hoy","category-opinion-de-reme-sanchez","category-sociedad"],"jetpack_publicize_connections":[],"jetpack_featured_media_url":"https:\/\/i0.wp.com\/miradordeatarfe.es\/wp-content\/uploads\/2023\/11\/IMG202311251148131-scaled.jpg?fit=2560%2C1928&ssl=1","jetpack_likes_enabled":true,"jetpack_sharing_enabled":true,"_links":{"self":[{"href":"https:\/\/miradordeatarfe.es\/index.php?rest_route=\/wp\/v2\/posts\/65217","targetHints":{"allow":["GET"]}}],"collection":[{"href":"https:\/\/miradordeatarfe.es\/index.php?rest_route=\/wp\/v2\/posts"}],"about":[{"href":"https:\/\/miradordeatarfe.es\/index.php?rest_route=\/wp\/v2\/types\/post"}],"author":[{"embeddable":true,"href":"https:\/\/miradordeatarfe.es\/index.php?rest_route=\/wp\/v2\/users\/1"}],"replies":[{"embeddable":true,"href":"https:\/\/miradordeatarfe.es\/index.php?rest_route=%2Fwp%2Fv2%2Fcomments&post=65217"}],"version-history":[{"count":1,"href":"https:\/\/miradordeatarfe.es\/index.php?rest_route=\/wp\/v2\/posts\/65217\/revisions"}],"predecessor-version":[{"id":65219,"href":"https:\/\/miradordeatarfe.es\/index.php?rest_route=\/wp\/v2\/posts\/65217\/revisions\/65219"}],"wp:featuredmedia":[{"embeddable":true,"href":"https:\/\/miradordeatarfe.es\/index.php?rest_route=\/wp\/v2\/media\/65218"}],"wp:attachment":[{"href":"https:\/\/miradordeatarfe.es\/index.php?rest_route=%2Fwp%2Fv2%2Fmedia&parent=65217"}],"wp:term":[{"taxonomy":"category","embeddable":true,"href":"https:\/\/miradordeatarfe.es\/index.php?rest_route=%2Fwp%2Fv2%2Fcategories&post=65217"},{"taxonomy":"post_tag","embeddable":true,"href":"https:\/\/miradordeatarfe.es\/index.php?rest_route=%2Fwp%2Fv2%2Ftags&post=65217"}],"curies":[{"name":"wp","href":"https:\/\/api.w.org\/{rel}","templated":true}]}}