{"id":65223,"date":"2023-11-26T12:00:05","date_gmt":"2023-11-26T11:00:05","guid":{"rendered":"https:\/\/miradordeatarfe.es\/?p=65223"},"modified":"2023-11-26T12:01:40","modified_gmt":"2023-11-26T11:01:40","slug":"granada-clama-por-la-implicacion-de-toda-la-sociedad-contra-la-violencia-machista-y-frenar-el-negacionismo","status":"publish","type":"post","link":"https:\/\/miradordeatarfe.es\/?p=65223","title":{"rendered":"Granada clama por la implicaci\u00f3n de toda la sociedad contra la violencia machista y frenar el negacionismo"},"content":{"rendered":"<h3>Te informamos de la gran manifestaci\u00f3n que recorri\u00f3 las calles del centro de Granada en este 25N, D\u00eda Internacional de la Eliminaci\u00f3n de la Violencia contra las Mujeres.<\/h3>\n<div id=\"main\">\n<div class=\"item\">\n<div class=\"anteti\" style=\"text-align: justify;\">Multitudinaria manifestaci\u00f3n en el 25N, una lucha contra la lacra, que no cesa<\/div>\n<div class=\"cols2-2\">\n<div class=\"colA\">\n<div class=\"cuerpo\" style=\"text-align: justify;\">\n<p>Granada conmemor\u00f3 con una multitudinaria manifestaci\u00f3n este s\u00e1bado, 25 de noviembre, D\u00eda Internacional de la Eliminaci\u00f3n de la Violencia contra las Mujeres, para clamar por la implicaci\u00f3n de toda la sociedad contra esta lacra, que en lo que va de a\u00f1o ha asesinado a 52 mujeres, frente al negacionismo.Porque ocultar la violencia que se ejerce sobre las mujeres, cualquier tipo e violencia, lleva impl\u00edcita \u00abla negaci\u00f3n\u00bb de las situaciones que provoca y dificulta visualizar su \u00abdimensi\u00f3n real\u00bb, como trata de difundir la ultraderecha, desde las instituciones auton\u00f3micas y municipales, a la que el PP ha abierto la puerta.<\/p>\n<p>\u00abNi la cultura ni la tradici\u00f3n ni los celos justifican las violencias machistas. \u00a1Ni una menos! #SeAcab\u00f3\u00bb, fue lema de la gran manifestaci\u00f3n que parti\u00f3 al mediod\u00eda en la Plaza Isabel La Cat\u00f3lica y que acab\u00f3 en el Paseo del Sal\u00f3n, donde se procedi\u00f3 a la lectura del manifiesto, que denuncia la falta de recursos para proteger a las mujeres y tambi\u00e9n reclama m\u00e1s formaci\u00f3n para los operadores jur\u00eddicos.<\/p>\n<p>Porque ocultar la violencia que se ejerce sobre las mujeres, cualquier tipo e violencia, lleva impl\u00edcita \u00abla negaci\u00f3n\u00bb de las situaciones que provoca y dificulta visualizar su \u00abdimensi\u00f3n real\u00bb, como trata de difundir la ultraderecha, desde las instituciones auton\u00f3micas y municipales, a la que el PP ha abierto la puerta.<\/p>\n<p>Convocada por la Plataforma 8 de Marzo y 25 de Noviembre y el Espacio Feminista Unitario de Granada, la marcha reivindicativa congreg\u00f3 a plataformas feministas llegadas de diversos puntos de la provincia, representaciones de sindicatos, como CCOO y UGT, partidos pol\u00edticos de izquierdas, como el PSOE, IU y Podemos Junto a ellos, mujeres y hombres, j\u00f3venes y familias, unidos por un mismo fin, la lucha contra la violencia machista. Unas 2.500 personas, seg\u00fan la Polic\u00eda Nacional, unas 20.000, seg\u00fan las plataformas convocantes<\/p>\n<div class=\"divdest\"><iframe loading=\"lazy\" title=\"YouTube video player\" src=\"https:\/\/www.youtube.com\/embed\/tSdbSEB5-vA?si=jNgDl6mRFdFzKrhl\" width=\"560\" height=\"315\" frameborder=\"0\" allowfullscreen=\"allowfullscreen\" data-mce-fragment=\"1\"><\/iframe><\/div>\n<div class=\"divdest\">\n<div class=\"media media-element-container media-default\">\n<div id=\"file-97389\" class=\"file file-image file-image-jpeg\">\n<div class=\"content\"><img data-recalc-dims=\"1\" loading=\"lazy\" decoding=\"async\" class=\"media-element file-default\" src=\"https:\/\/i0.wp.com\/www.elindependientedegranada.es\/sites\/default\/files\/foto2_12.jpg?resize=640%2C480&#038;ssl=1\" alt=\"\" width=\"640\" height=\"480\" data-delta=\"1\" \/><\/div>\n<\/div>\n<\/div>\n<div class=\"media media-element-container media-default\">\n<div id=\"file-97390\" class=\"file file-image file-image-jpeg\">\n<h2 class=\"element-invisible\"><img data-recalc-dims=\"1\" loading=\"lazy\" decoding=\"async\" class=\"media-element file-default\" src=\"https:\/\/i0.wp.com\/www.elindependientedegranada.es\/sites\/default\/files\/vivs_nos_queremos.jpg?resize=640%2C480&#038;ssl=1\" alt=\"\" width=\"640\" height=\"480\" data-delta=\"2\" \/><\/h2>\n<\/div>\n<\/div>\n<div class=\"media media-element-container media-default\">\n<div id=\"file-97391\" class=\"file file-image file-image-jpeg\">\n<div class=\"content\"><img data-recalc-dims=\"1\" loading=\"lazy\" decoding=\"async\" class=\"media-element file-default\" src=\"https:\/\/i0.wp.com\/www.elindependientedegranada.es\/sites\/default\/files\/detalle_9.jpg?resize=640%2C480&#038;ssl=1\" alt=\"\" width=\"640\" height=\"480\" data-delta=\"3\" \/><\/div>\n<\/div>\n<\/div>\n<\/div>\n<p>Este a\u00f1o, el F\u00f3rum de Pol\u00edtica Feminista y Granada RadFem, entre otros, se sum\u00f3 con la pancarta \u201cBloque abolicionista\u201d a la manifestaci\u00f3n, si bien se desligaron en el tramo final para leer sus respectivos manifiestos.<\/p>\n<p>Como cada a\u00f1o, asociaciones de mujeres de Granada y el \u00e1rea metropolitana ses sumaron a la movilizaci\u00f3n, visibilizando su lucha.<\/p>\n<div class=\"divdest\">\n<div class=\"media media-element-container media-default\">\n<div id=\"file-97404\" class=\"file file-image file-image-jpeg\">\n<h2 class=\"element-invisible\"><img data-recalc-dims=\"1\" loading=\"lazy\" decoding=\"async\" class=\"media-element file-default\" src=\"https:\/\/i0.wp.com\/www.elindependientedegranada.es\/sites\/default\/files\/elpilararmilla.jpg?resize=640%2C480&#038;ssl=1\" alt=\"\" width=\"640\" height=\"480\" data-delta=\"16\" \/><\/h2>\n<\/div>\n<\/div>\n<div class=\"media media-element-container media-default\">\n<div id=\"file-97405\" class=\"file file-image file-image-jpeg\">\n<div class=\"content\"><img data-recalc-dims=\"1\" loading=\"lazy\" decoding=\"async\" class=\"media-element file-default\" src=\"https:\/\/i0.wp.com\/www.elindependientedegranada.es\/sites\/default\/files\/consuelo_tamayo_la_tortajada.jpg?resize=640%2C480&#038;ssl=1\" alt=\"\" width=\"640\" height=\"480\" data-delta=\"17\" \/><\/div>\n<\/div>\n<\/div>\n<div class=\"media media-element-container media-default\">\n<div id=\"file-97406\" class=\"file file-image file-image-jpeg\">\n<h2 class=\"element-invisible\"><img data-recalc-dims=\"1\" loading=\"lazy\" decoding=\"async\" class=\"media-element file-default\" src=\"https:\/\/i0.wp.com\/www.elindependientedegranada.es\/sites\/default\/files\/centro_sociocultural_zaidin.jpg?resize=640%2C480&#038;ssl=1\" alt=\"\" width=\"640\" height=\"480\" data-delta=\"18\" \/><\/h2>\n<\/div>\n<\/div>\n<\/div>\n<p>Este 25 de noviembre, en el hospital permanece Elisa, de Armilla, el \u00faltimo caso de violencia machista, apu\u00f1alada por su expareja en presencia de los hijos de la pareja,<\/p>\n<p class=\"sumari\">S\u00f3lo en la provincia de Granada hay 2.183 mujeres dadas de alta en el sistema VioG\u00e9n. O lo que es lo mismo, 2.183 mujeres son v\u00edctimas de violencia de g\u00e9nero que cuentan con alguna protecci\u00f3n policial, lo que supone un 15% m\u00e1s de las registradas en estas fechas en 2022<\/p>\n<p>Desde 2003, fecha en la que se puso en marcha este registro, han sido asesinadas 1.236 mujeres, 52 de ellas este a\u00f1o, 16 de ellas en Andaluc\u00eda, dos, en Granada, una mujer de 39 a\u00f1os, cuya muerte se descubr\u00eda tras un siniestro en carretera en Villamena, el pasado 6 de mayo, tras lo que su marido, un guardia civil de 41 a\u00f1os, quien viajaba con ella y simul\u00f3 el accidente, se suicid\u00f3. Y otra mujer, en septiembre apu\u00f1alada por su agresor, que tambi\u00e9n se suicid\u00f3.<\/p>\n<p>S\u00f3lo en la provincia de Granada hay 2.183 mujeres dadas de alta en el sistema VioG\u00e9n. O lo que es lo mismo, 2.183 mujeres son v\u00edctimas de violencia de g\u00e9nero que cuentan con alguna protecci\u00f3n policial, lo que supone un 15% m\u00e1s de las registradas en estas fechas en 2022. Son cifras que dan una idea del problema y que son solo una punta del iceberg que se esconde tras la violencia machista.<\/p>\n<p>Lemas contra los feminicidios, recuerdo a las mujeres asesinadas, por la unidad de acci\u00f3n del feminismo y contra el negacionismo llenaron la marcha, en la que un grupo con banderas palestinas recordaba la situaci\u00f3n de la mujer y sus hijos, bajo el fuego de Israel.<\/p>\n<div class=\"divdest\">\n<div class=\"media media-element-container media-default\">\n<div id=\"file-97392\" class=\"file file-image file-image-jpeg\">\n<h2 class=\"element-invisible\"><img data-recalc-dims=\"1\" loading=\"lazy\" decoding=\"async\" class=\"media-element file-default\" src=\"https:\/\/i0.wp.com\/www.elindependientedegranada.es\/sites\/default\/files\/bloque_abolicionista.jpg?resize=640%2C480&#038;ssl=1\" alt=\"\" width=\"640\" height=\"480\" data-delta=\"4\" \/><\/h2>\n<\/div>\n<\/div>\n<div class=\"media media-element-container media-default\">\n<div id=\"file-97393\" class=\"file file-image file-image-jpeg\">\n<div class=\"content\"><img data-recalc-dims=\"1\" loading=\"lazy\" decoding=\"async\" class=\"media-element file-default\" src=\"https:\/\/i0.wp.com\/www.elindependientedegranada.es\/sites\/default\/files\/palestina_0.jpg?resize=640%2C480&#038;ssl=1\" alt=\"\" width=\"640\" height=\"480\" data-delta=\"5\" \/><\/div>\n<\/div>\n<\/div>\n<div class=\"media media-element-container media-default\">\n<div id=\"file-97395\" class=\"file file-image file-image-jpeg\">\n<h2 class=\"element-invisible\"><img data-recalc-dims=\"1\" loading=\"lazy\" decoding=\"async\" class=\"media-element file-default\" src=\"https:\/\/i0.wp.com\/www.elindependientedegranada.es\/sites\/default\/files\/batucada_2.jpg?resize=640%2C480&#038;ssl=1\" alt=\"\" width=\"640\" height=\"480\" data-delta=\"7\" \/><\/h2>\n<\/div>\n<\/div>\n<div class=\"media media-element-container media-default\">\n<div id=\"file-97396\" class=\"file file-image file-image-jpeg\">\n<div class=\"content\"><img data-recalc-dims=\"1\" loading=\"lazy\" decoding=\"async\" class=\"media-element file-default\" src=\"https:\/\/i0.wp.com\/www.elindependientedegranada.es\/sites\/default\/files\/mas_de.jpg?resize=640%2C480&#038;ssl=1\" alt=\"\" width=\"640\" height=\"480\" data-delta=\"8\" \/><\/div>\n<\/div>\n<\/div>\n<div class=\"media media-element-container media-default\">\n<div id=\"file-97397\" class=\"file file-image file-image-jpeg\">\n<h2 class=\"element-invisible\"><img data-recalc-dims=\"1\" loading=\"lazy\" decoding=\"async\" class=\"media-element file-default\" src=\"https:\/\/i0.wp.com\/www.elindependientedegranada.es\/sites\/default\/files\/mas_etalle.jpg?resize=640%2C480&#038;ssl=1\" alt=\"\" width=\"640\" height=\"480\" data-delta=\"9\" \/><\/h2>\n<\/div>\n<\/div>\n<\/div>\n<p class=\"sumari\">\u201cAgresiones sexistas, respuesta feminista\u201d, \u201cNo son muertes, son asesinatos\u201d o el c\u00e1ntico \u201cAlerta, alerta, alerta que camina, la lucha feminista por las calles granadinas\u201d, que se han fundido, en el mismo coro, de \u201cGranada a Palestina\u201d, no cesaban de lanzarse<\/p>\n<p>\u201cAgresiones sexistas, respuesta feminista\u201d, \u201cNo son muertes, son asesinatos\u201d o el c\u00e1ntico \u201cAlerta, alerta, alerta que camina, la lucha feminista por las calles granadinas\u201d, que se han fundido, en el mismo coro, de \u201cGranada a Palestina\u201d, no cesaban de lanzarse.<\/p>\n<p>Estefan\u00eda Riesco, en nombre del Espacio Feminista Unitario de Granada, resalt\u00f3 en la presentaci\u00f3n de la manifestaci\u00f3n la necesidad de que las v\u00edctimas se vean apoyadas y puso el \u00e9nfasis en las mujeres que son v\u00edctimas de violencia sexual, denunciando que en muchos casos se las cuestione. Todas las violencias que se ejercen sobre las mujeres son condenables, como resalt\u00f3, pero tambi\u00e9n record\u00f3 la mayor vulnerabilidad de algunos colectivos, como las mujeres migrantes, transexuales o racializadas.<\/p>\n<p class=\"sumari\">La lucha contra la violencia machista debe ser, subray\u00f3, \u00abuna cuesti\u00f3n de Estado\u00bb. Y una lucha en la que se implique toda la ciudadan\u00eda<\/p>\n<p>Por su parte, Paqui Fuillerat, de la Plataforma 8M\/25N contra la violencia de g\u00e9nero de Granada, se refiri\u00f3 al lema de la movilizaci\u00f3n para resaltar que al ocultar o encubrir la violencia machista \u00abse oculta el sufrimiento\u00bb de las mujeres y de sus hijos e hijas. Y al respecto aludi\u00f3 a la violencia vicaria, la que el maltratador ejerce precisamente sobre los hijos e hijas para causar un da\u00f1o mayor a la mujer.<\/p>\n<div>\n<p>La lucha contra la violencia machista debe ser, subray\u00f3, \u00abuna cuesti\u00f3n de Estado\u00bb. Y una lucha en la que se implique toda la ciudadan\u00eda.<\/p>\n<\/div>\n<div class=\"divdest\">\n<div class=\"media media-element-container media-default\">\n<div id=\"file-97398\" class=\"file file-image file-image-jpeg\">\n<h2 class=\"element-invisible\"><img data-recalc-dims=\"1\" loading=\"lazy\" decoding=\"async\" class=\"media-element file-default\" src=\"https:\/\/i0.wp.com\/www.elindependientedegranada.es\/sites\/default\/files\/psoe_7.jpg?resize=640%2C480&#038;ssl=1\" alt=\"\" width=\"640\" height=\"480\" data-delta=\"10\" \/><\/h2>\n<\/div>\n<\/div>\n<div class=\"media media-element-container media-default\">\n<div id=\"file-97399\" class=\"file file-image file-image-jpeg\">\n<div class=\"content\"><img data-recalc-dims=\"1\" loading=\"lazy\" decoding=\"async\" class=\"media-element file-default\" src=\"https:\/\/i0.wp.com\/www.elindependientedegranada.es\/sites\/default\/files\/iu_8.jpg?resize=640%2C480&#038;ssl=1\" alt=\"\" width=\"640\" height=\"480\" data-delta=\"11\" \/><\/div>\n<\/div>\n<\/div>\n<div class=\"media media-element-container media-default\">\n<div id=\"file-97400\" class=\"file file-image file-image-jpeg\">\n<div class=\"content\"><img data-recalc-dims=\"1\" loading=\"lazy\" decoding=\"async\" class=\"media-element file-default\" src=\"https:\/\/i0.wp.com\/www.elindependientedegranada.es\/sites\/default\/files\/podemos_3.jpg?resize=640%2C480&#038;ssl=1\" alt=\"\" width=\"640\" height=\"480\" data-delta=\"12\" \/><\/div>\n<\/div>\n<\/div>\n<\/div>\n<p>En la marcha de este s\u00e1bado, debido a una reciente sentencia contra los ruidos que obliga al Ayuntamiento de Granada a reducir los eventos y movilizaciones en esta zona, los manifestantes deb\u00edan discurrir sin gritos ni m\u00fasica al paso por la Plaza del Carmen. Quiz\u00e1s por ello, por primera vez, la Polic\u00eda Local ha identificado, como organizaci\u00f3n convocante -encargada de los tr\u00e1mites para dar cuenta de la manifestaci\u00f3n-, el secretario general de CCOO, Daniel Mesa.\u00a0<\/p>\n<div class=\"divdest\">\n<div class=\"media media-element-container media-default\">\n<div id=\"file-97407\" class=\"file file-image file-image-jpeg\">\n<div class=\"content\"><img data-recalc-dims=\"1\" loading=\"lazy\" decoding=\"async\" class=\"media-element file-default\" src=\"https:\/\/i0.wp.com\/www.elindependientedegranada.es\/sites\/default\/files\/ccoo_13.jpg?resize=640%2C480&#038;ssl=1\" alt=\"\" width=\"640\" height=\"480\" data-delta=\"19\" \/><\/div>\n<\/div>\n<\/div>\n<div class=\"media media-element-container media-default\">\n<div id=\"file-97409\" class=\"file file-image file-image-jpeg\">\n<h2 class=\"element-invisible\"><img data-recalc-dims=\"1\" loading=\"lazy\" decoding=\"async\" class=\"media-element file-default\" src=\"https:\/\/i0.wp.com\/www.elindependientedegranada.es\/sites\/default\/files\/ugt_7.jpg?resize=640%2C454&#038;ssl=1\" alt=\"\" width=\"640\" height=\"454\" data-delta=\"21\" \/><\/h2>\n<\/div>\n<\/div>\n<div class=\"media media-element-container media-default\">\n<div id=\"file-97410\" class=\"file file-image file-image-jpeg\">\n<h2 class=\"element-invisible\"><img data-recalc-dims=\"1\" loading=\"lazy\" decoding=\"async\" class=\"media-element file-default\" src=\"https:\/\/i0.wp.com\/www.elindependientedegranada.es\/sites\/default\/files\/cgt_cnt_ustea.jpg?resize=640%2C480&#038;ssl=1\" alt=\"\" width=\"640\" height=\"480\" data-delta=\"22\" \/><\/h2>\n<\/div>\n<\/div>\n<div class=\"media media-element-container media-default\">\n<div id=\"file-97411\" class=\"file file-image file-image-jpeg\">\n<div class=\"content\"><img data-recalc-dims=\"1\" loading=\"lazy\" decoding=\"async\" class=\"media-element file-default\" src=\"https:\/\/i0.wp.com\/www.elindependientedegranada.es\/sites\/default\/files\/dani_mesa_ccoo.jpg?resize=640%2C448&#038;ssl=1\" alt=\"\" width=\"640\" height=\"448\" data-delta=\"23\" \/><\/div>\n<\/div>\n<\/div>\n<p>Fotos: IndeGranada y Manuel Codina Valero<\/p><\/div>\n<p>La marcha feminista ha debido, adem\u00e1s, salvar otros obst\u00e1culos. Su itinerario se plante\u00f3, al llegar a la Fuente de las Batallas, por uno de los laterales de la Carrera de la Virgen y ya en el Paseo del Sal\u00f3n, la instalaci\u00f3n de las atracciones navide\u00f1as ocupaban la mayor parte del espacio.<\/p>\n<div class=\"divdest\">\n<div class=\"media media-element-container media-default\">\n<div id=\"file-97401\" class=\"file file-image file-image-jpeg\">\n<h2 class=\"element-invisible\"><img data-recalc-dims=\"1\" loading=\"lazy\" decoding=\"async\" class=\"media-element file-default\" src=\"https:\/\/i0.wp.com\/www.elindependientedegranada.es\/sites\/default\/files\/vivas.jpg?resize=640%2C480&#038;ssl=1\" alt=\"\" width=\"640\" height=\"480\" data-delta=\"13\" \/><\/h2>\n<\/div>\n<\/div>\n<div class=\"media media-element-container media-default\">\n<div id=\"file-97403\" class=\"file file-image file-image-jpeg\">\n<div class=\"content\"><img data-recalc-dims=\"1\" loading=\"lazy\" decoding=\"async\" class=\"media-element file-default\" src=\"https:\/\/i0.wp.com\/www.elindependientedegranada.es\/sites\/default\/files\/palestina_1.jpg?resize=640%2C480&#038;ssl=1\" alt=\"\" width=\"640\" height=\"480\" data-delta=\"15\" \/><\/div>\n<\/div>\n<\/div>\n<div class=\"media media-element-container media-default\">\n<div id=\"file-97402\" class=\"file file-image file-image-jpeg\">\n<div class=\"content\"><img data-recalc-dims=\"1\" loading=\"lazy\" decoding=\"async\" class=\"media-element file-default\" src=\"https:\/\/i0.wp.com\/www.elindependientedegranada.es\/sites\/default\/files\/paqui.jpg?resize=640%2C480&#038;ssl=1\" alt=\"\" width=\"640\" height=\"480\" data-delta=\"14\" \/><\/div>\n<\/div>\n<\/div>\n<\/div>\n<p>En el Paseo del Sal\u00f3n, desde la tribuna se anunci\u00f3 la presencia de familiares de Ana Orantes, lo que fue respondido con una larga ovaci\u00f3n y lemas coreados: \u00abQue viva la lucha de Ana Orantes\u00bb.<\/p>\n<div class=\"divdest\">\n<div class=\"media media-element-container media-default\">\n<div id=\"file-97418\" class=\"file file-image file-image-jpeg\">\n<div class=\"content\"><img data-recalc-dims=\"1\" loading=\"lazy\" decoding=\"async\" class=\"media-element file-default\" src=\"https:\/\/i0.wp.com\/www.elindependientedegranada.es\/sites\/default\/files\/familia_ana_orantes_0.jpg?resize=640%2C453&#038;ssl=1\" alt=\"\" width=\"640\" height=\"453\" data-delta=\"25\" \/><\/div>\n<\/div>\n<\/div>\n<p>Foto: Manuel Codina Valero<\/p><\/div>\n<p>Al t\u00e9rmino de la marcha, se ha le\u00eddo una manifiesto que recoge las reivindicaciones, por un lado, de la Plataforma 8M 25N y de, Espacio Feminista Unitario de Granada, convocantes, que que ya reprodujimos en d\u00edas anteriores.<\/p>\n<div class=\"firma\">IndeGranada<\/div>\n<div class=\"pie\">FOTO: Cabecera de la manifestaci\u00f3n, a su salida.INDEGRANADA Y MANUEL CODINA<\/div>\n<\/div>\n<div>\n<div id=\"disqus_thread\" style=\"text-align: justify;\">https:\/\/www.elindependientedegranada.es\/ciudadania\/granada-clama-implicacion-toda-sociedad-violencia-machista-frenar-negacionismo<\/div>\n<\/div>\n<\/div>\n<\/div>\n<\/div>\n<\/div>\n","protected":false},"excerpt":{"rendered":"<p>Te informamos de la gran manifestaci\u00f3n que recorri\u00f3 las calles del centro de Granada en&#8230;<\/p>\n","protected":false},"author":1,"featured_media":65224,"comment_status":"closed","ping_status":"closed","sticky":false,"template":"","format":"standard","meta":{"_coblocks_attr":"","_coblocks_dimensions":"","_coblocks_responsive_height":"","_coblocks_accordion_ie_support":"","jetpack_post_was_ever_published":false,"_jetpack_newsletter_access":"","_jetpack_dont_email_post_to_subs":false,"_jetpack_newsletter_tier_id":0,"_jetpack_memberships_contains_paywalled_content":false,"_jetpack_memberships_contains_paid_content":false,"footnotes":"","jetpack_publicize_message":"","jetpack_publicize_feature_enabled":true,"jetpack_social_post_already_shared":true,"jetpack_social_options":{"image_generator_settings":{"template":"highway","default_image_id":0,"enabled":false},"version":2}},"categories":[14,10781,44],"tags":[],"class_list":["post-65223","post","type-post","status-publish","format-standard","has-post-thumbnail","hentry","category-feminismo","category-granada","category-noticias-de-hoy"],"jetpack_publicize_connections":[],"jetpack_featured_media_url":"https:\/\/i0.wp.com\/miradordeatarfe.es\/wp-content\/uploads\/2023\/11\/foto_15.jpg?fit=750%2C393&ssl=1","jetpack_likes_enabled":true,"jetpack_sharing_enabled":true,"_links":{"self":[{"href":"https:\/\/miradordeatarfe.es\/index.php?rest_route=\/wp\/v2\/posts\/65223","targetHints":{"allow":["GET"]}}],"collection":[{"href":"https:\/\/miradordeatarfe.es\/index.php?rest_route=\/wp\/v2\/posts"}],"about":[{"href":"https:\/\/miradordeatarfe.es\/index.php?rest_route=\/wp\/v2\/types\/post"}],"author":[{"embeddable":true,"href":"https:\/\/miradordeatarfe.es\/index.php?rest_route=\/wp\/v2\/users\/1"}],"replies":[{"embeddable":true,"href":"https:\/\/miradordeatarfe.es\/index.php?rest_route=%2Fwp%2Fv2%2Fcomments&post=65223"}],"version-history":[{"count":3,"href":"https:\/\/miradordeatarfe.es\/index.php?rest_route=\/wp\/v2\/posts\/65223\/revisions"}],"predecessor-version":[{"id":65227,"href":"https:\/\/miradordeatarfe.es\/index.php?rest_route=\/wp\/v2\/posts\/65223\/revisions\/65227"}],"wp:featuredmedia":[{"embeddable":true,"href":"https:\/\/miradordeatarfe.es\/index.php?rest_route=\/wp\/v2\/media\/65224"}],"wp:attachment":[{"href":"https:\/\/miradordeatarfe.es\/index.php?rest_route=%2Fwp%2Fv2%2Fmedia&parent=65223"}],"wp:term":[{"taxonomy":"category","embeddable":true,"href":"https:\/\/miradordeatarfe.es\/index.php?rest_route=%2Fwp%2Fv2%2Fcategories&post=65223"},{"taxonomy":"post_tag","embeddable":true,"href":"https:\/\/miradordeatarfe.es\/index.php?rest_route=%2Fwp%2Fv2%2Ftags&post=65223"}],"curies":[{"name":"wp","href":"https:\/\/api.w.org\/{rel}","templated":true}]}}