{"id":65237,"date":"2023-11-27T11:28:12","date_gmt":"2023-11-27T10:28:12","guid":{"rendered":"https:\/\/miradordeatarfe.es\/?p=65237"},"modified":"2023-11-26T19:25:11","modified_gmt":"2023-11-26T18:25:11","slug":"atarfe-aprueba-el-presupuesto-para-el-ano-que-viene-2024","status":"publish","type":"post","link":"https:\/\/miradordeatarfe.es\/?p=65237","title":{"rendered":"ATARFE APRUEBA EL PRESUPUESTO PARA EL A\u00d1O QUE VIENE 2024"},"content":{"rendered":"<div class=\"x11i5rnm xat24cr x1mh8g0r x1vvkbs xtlvy1s x126k92a\">\n<h3 dir=\"auto\" style=\"text-align: justify;\"><strong><span class=\"ILfuVd\" lang=\"es\"><span class=\"hgKElc\">\u00bfQu\u00e9 es el presupuesto municipal?<\/span><\/span><\/strong><\/h3>\n<div dir=\"auto\" style=\"text-align: justify;\"><span class=\"ILfuVd\" lang=\"es\"><span class=\"hgKElc\"> Es el <b>documento que recoge la previsi\u00f3n anual de ingresos y gastos del Ayuntamiento<\/b>. En el presupuesto se establece en qu\u00e9 se gasta, qu\u00e9 cantidad y c\u00f3mo se financia ese gasto mediante los ingresos.<\/span><\/span><\/div>\n<div dir=\"auto\" style=\"text-align: justify;\">Esta es la herramienta fundamental para llevar a cabo los proyectos que dar\u00e1n forma al futuro de nuestro pueblo.<span class=\"ILfuVd\" lang=\"es\"><span class=\"hgKElc\"><b>La\u00a0 Comisi\u00f3n de gobierno, formada por el alcalde y los responsables de cada \u00e1rea de gobierno,<\/b> dise\u00f1a el presupuesto, lo redacta a trav\u00e9s de la concejal\u00eda de Hacienda y lo presenta en el pleno, que es el \u00f3rgano de m\u00e1xima representaci\u00f3n pol\u00edtica municipal.<\/span><\/span><\/div>\n<\/div>\n<div dir=\"auto\" style=\"text-align: justify;\">\u00a0<\/div>\n<div dir=\"auto\" style=\"text-align: justify;\"><strong>PRESUPUESTO 2024<\/strong><\/div>\n<div class=\"x11i5rnm xat24cr x1mh8g0r x1vvkbs xtlvy1s x126k92a\" style=\"text-align: justify;\">\n<div dir=\"auto\">\u00a0<\/div>\n<div dir=\"auto\">Tras un an\u00e1lisis de la situaci\u00f3n econ\u00f3mica de Atarfe, este presupuesto aprobado en fecha, permite hacer realidad\u00a0 aquello que es m\u00e1s importante para el municipio de Atarfe, centr\u00e1ndose\u00a0 en poner en marcha los programas que prioricen las necesidades de todos los atarfe\u00f1os y atarfe\u00f1as.<\/div>\n<div dir=\"auto\">\u00a0<\/div>\n<\/div>\n<div class=\"x11i5rnm xat24cr x1mh8g0r x1vvkbs xtlvy1s x126k92a\" style=\"text-align: justify;\">\n<div dir=\"auto\">Seg\u00fan expusieron la Alcaldesa Yolanda Fern\u00e1ndez y la Concejala de econom\u00eda Marieli Gonz\u00e1lez. entre las iniciativas destacadas para este presupuesto permitir\u00e1 avanzar en la construcci\u00f3n de la futura residencia de mayores, la mejora de las calles, parques, jardines, urbanizaciones, anejos y pol\u00edgonos. Adem\u00e1s, se\u00a0 iniciar\u00e1 la transici\u00f3n hacia una iluminaci\u00f3n m\u00e1s eficiente y se afrontar\u00e1 el problema de la inundabilidad. Entre otras inversiones de destac\u00f3 la construcci\u00f3n de un nuevo campo de f\u00fatbol 7 y reforma de los vestuarios actuales. Adem\u00e1s seguiran respaldando a las asociaciones que enriquecen nuestro pueblo.<\/div>\n<div dir=\"auto\" style=\"text-align: justify;\">\u00a0<\/div>\n<\/div>\n<div dir=\"auto\" style=\"text-align: justify;\">Con los votos a favor del presupuesto por parte del PSOE y de Izquierda Unida\u00a0 y los votos en contra de PP y Vox el presupuesto fue aprobado por mayor\u00eda de los concejales asistentes.<\/div>\n<div dir=\"auto\" style=\"text-align: justify;\">\u00a0<\/div>\n<div dir=\"auto\" style=\"text-align: justify;\">Exponemos el discurso de la Alcaldesa en la presentaci\u00f3n del presupuesto de 2024 al pleno del Ayuntamiento<\/div>\n<p style=\"text-align: justify;\"><em>\u00abMe atrevo a decir que hoy vamos a celebrar uno de los plenos m\u00e1s importantes de los que tienen lugar en este sal\u00f3n de plenos.<\/em><\/p>\n<p style=\"text-align: justify;\"><em>Porque con la aprobaci\u00f3n de este presupuesto que cuenta con el dictamen favorable desde la intervenci\u00f3n de este ayuntamiento, podremos empezar a poner en marcha muchos de los proyectos y actuaciones que los vecinos y vecinas nos demandasteis en campa\u00f1a electoral, y que nos vemos obligados a llevar acabo para mejorar nuestro municipio.<\/em><\/p>\n<p style=\"text-align: justify;\"><em>Un presupuesto, es planear lo que quieres en el futuro y expresarlo en t\u00e9rminos monetarios. Iniciamos el trabajo del presupuesto en el mes de septiembre.\u00a0 No ha sido tarea f\u00e1cil porque la complejidad de este documento, as\u00ed como la importancia del mismo, han hecho que sean muchas las horas dedicadas por parte del equipo de gobierno, y de\u00a0 forma m\u00e1s exhaustiva , de la concejala de Econom\u00eda y Hacienda junto con los t\u00e9cnicos de este ayuntamiento, han conseguido elaborar este PRESUPUESTO.<\/em><\/p>\n<p style=\"text-align: justify;\"><em>Del estudio de los gastos de personal, gastos corrientes, gastos financieros, transferencias corrientes\u2026, y teniendo muy presente la necesidad de controlar y ser responsables con los mismos, as\u00ed de c\u00f3mo mejorar los ingresos, para poder dotar y prestar m\u00e1s servicios a nuestros conciudadanos.<\/em><\/p>\n<p style=\"text-align: justify;\"><em>Fruto de este trabajo, traemos al pleno el proyecto de presupuestos que van a permitir atender los pilares fundamentales en nuestro municipio<\/em><\/p>\n<p style=\"text-align: justify;\"><em>1. Mantenimiento, limpieza y embellecimiento del casco urbano, , anejos, urbanizaciones, pol\u00edgonos de Atarfe, desde un enfoque sostenible y medioambiental<\/em><br \/>\n<em>2. Mejora de la seguridad del municipio<\/em><br \/>\n<em>3. Iniciar actuaciones que permita empezar a poner soluciones al problema de la inundabilidad de nuestro municipio<\/em><br \/>\n<em>4. Poner en valor espacios como el Lago, la Ermita, la Lastra y nuestros parques para el disfrute de todos<\/em><br \/>\n<em>5. Continuar siendo referentes en cultura y deportes en nuestra provincia<\/em><br \/>\n<em>6. Potenciar las iniciativas sociales, que surjan de nuestro tejido asociativo<\/em><\/p>\n<p style=\"text-align: justify;\"><em>Para todo ello, destacamos las siguientes inversiones:<\/em><\/p>\n<p style=\"text-align: justify;\"><em>1. Construcci\u00f3n del campo de Futbol 7 y arreglo de vestuarios<\/em><br \/>\n<em>2. Remodelaci\u00f3n de parques <\/em><\/p>\n<p style=\"text-align: justify;\"><em>3. Creaci\u00f3n de parques periurbanos<\/em><br \/>\n<em>4. Permuta de terrenos para futura residencia<\/em><br \/>\n<em>5. Plan de asfaltado y arreglo de viales<\/em><br \/>\n<em>6. Cambio de luminarias<\/em><br \/>\n<em>7. Programa de embellecimiento de rotondas que hay pendientes de arreglar<\/em><br \/>\n<em>8. Adquisici\u00f3n de terrenos , para el tanque de tormentas y el colector de la Avenida de la estaci\u00f3n.<\/em><br \/>\n<em>9. Homologaci\u00f3n de espacios que nos permitan, dar cursos, creaci\u00f3n de escuelas taller\u2026.que ayuden a nuestros ciudadanos a tener una mayor accesibilidad al mercado laboral.<\/em><\/p>\n<p style=\"text-align: justify;\"><em>En resumen , despu\u00e9s de ver las necesidades de cada \u00e1rea, despu\u00e9s de conocer la normativa relacionada con la contrataci\u00f3n y siendo muy conscientes de la responsabilidad que tenemos con nuestros vecinos y vecinas, hemos elaborado un presupuesto riguroso ,optimista e ilusionante, que nos va a permitir empezar a caminar hacia un<\/em><br \/>\n<em>modelo de ciudad m\u00e1s sostenible, limpia, segura, agradable, con proyecci\u00f3n de futuro en la que los atarfe\u00f1os y atarfe\u00f1as se sientan parte activa de esta transformaci\u00f3n\u00bb<\/em><\/p>\n<p><iframe loading=\"lazy\" src=\"\/\/www.youtube.com\/embed\/QV8595ZmlNY?feature=shared\" width=\"560\" height=\"314\" allowfullscreen=\"allowfullscreen\"><\/iframe><\/p>\n","protected":false},"excerpt":{"rendered":"<p>\u00bfQu\u00e9 es el presupuesto municipal? Es el documento que recoge la previsi\u00f3n anual de ingresos&#8230;<\/p>\n","protected":false},"author":1,"featured_media":65239,"comment_status":"closed","ping_status":"closed","sticky":false,"template":"","format":"standard","meta":{"_coblocks_attr":"","_coblocks_dimensions":"","_coblocks_responsive_height":"","_coblocks_accordion_ie_support":"","jetpack_post_was_ever_published":false,"_jetpack_newsletter_access":"","_jetpack_dont_email_post_to_subs":false,"_jetpack_newsletter_tier_id":0,"_jetpack_memberships_contains_paywalled_content":false,"_jetpack_memberships_contains_paid_content":false,"footnotes":"","jetpack_publicize_message":"","jetpack_publicize_feature_enabled":true,"jetpack_social_post_already_shared":true,"jetpack_social_options":{"image_generator_settings":{"template":"highway","default_image_id":0,"enabled":false},"version":2}},"categories":[6916,1161,44,7671],"tags":[],"class_list":["post-65237","post","type-post","status-publish","format-standard","has-post-thumbnail","hentry","category-ayuntamiento-de-atarfe","category-ciudadania","category-noticias-de-hoy","category-politica"],"jetpack_publicize_connections":[],"jetpack_featured_media_url":"https:\/\/i0.wp.com\/miradordeatarfe.es\/wp-content\/uploads\/2023\/11\/deuda-publica-1.webp?fit=1200%2C800&ssl=1","jetpack_likes_enabled":true,"jetpack_sharing_enabled":true,"_links":{"self":[{"href":"https:\/\/miradordeatarfe.es\/index.php?rest_route=\/wp\/v2\/posts\/65237","targetHints":{"allow":["GET"]}}],"collection":[{"href":"https:\/\/miradordeatarfe.es\/index.php?rest_route=\/wp\/v2\/posts"}],"about":[{"href":"https:\/\/miradordeatarfe.es\/index.php?rest_route=\/wp\/v2\/types\/post"}],"author":[{"embeddable":true,"href":"https:\/\/miradordeatarfe.es\/index.php?rest_route=\/wp\/v2\/users\/1"}],"replies":[{"embeddable":true,"href":"https:\/\/miradordeatarfe.es\/index.php?rest_route=%2Fwp%2Fv2%2Fcomments&post=65237"}],"version-history":[{"count":1,"href":"https:\/\/miradordeatarfe.es\/index.php?rest_route=\/wp\/v2\/posts\/65237\/revisions"}],"predecessor-version":[{"id":65238,"href":"https:\/\/miradordeatarfe.es\/index.php?rest_route=\/wp\/v2\/posts\/65237\/revisions\/65238"}],"wp:featuredmedia":[{"embeddable":true,"href":"https:\/\/miradordeatarfe.es\/index.php?rest_route=\/wp\/v2\/media\/65239"}],"wp:attachment":[{"href":"https:\/\/miradordeatarfe.es\/index.php?rest_route=%2Fwp%2Fv2%2Fmedia&parent=65237"}],"wp:term":[{"taxonomy":"category","embeddable":true,"href":"https:\/\/miradordeatarfe.es\/index.php?rest_route=%2Fwp%2Fv2%2Fcategories&post=65237"},{"taxonomy":"post_tag","embeddable":true,"href":"https:\/\/miradordeatarfe.es\/index.php?rest_route=%2Fwp%2Fv2%2Ftags&post=65237"}],"curies":[{"name":"wp","href":"https:\/\/api.w.org\/{rel}","templated":true}]}}