{"id":65244,"date":"2023-11-29T10:00:13","date_gmt":"2023-11-29T09:00:13","guid":{"rendered":"https:\/\/miradordeatarfe.es\/?p=65244"},"modified":"2023-11-29T15:40:50","modified_gmt":"2023-11-29T14:40:50","slug":"el-confinamiento-no-freno-la-produccion-de-metano-a-la-atmosfera","status":"publish","type":"post","link":"https:\/\/miradordeatarfe.es\/?p=65244","title":{"rendered":"El confinamiento no fren\u00f3 la producci\u00f3n de metano a la atm\u00f3sfera"},"content":{"rendered":"<h3 class=\"v-a-sub-t\" style=\"text-align: justify;\">La concentraci\u00f3n atmosf\u00e9rica de este gas, que aumenta el calentamiento global, casi se ha triplicado desde la \u00e9poca preindustrial<\/h3>\n<p class=\"v-p\" style=\"text-align: justify;\">La pandemia de 2020 provocada por la Covid-19 supuso el confinamiento de muchos pa\u00edses y el par\u00f3n de su actividad econ\u00f3mica. Los aviones se quedaban en tierra, las f\u00e1bricas frenaron sus m\u00e1quinas, los trabajadores estaban en casa\u2026 Estos bloqueos pand\u00e9micos llevaron a los cient\u00edficos a pensar que las emisiones antropog\u00e9nicas de metano, un potente gas de efecto invernadero responsable de aproximadamente 1\/5 del calentamiento atmosf\u00e9rico, se habr\u00edan reducido. Sin embargo, un nuevo estudio, publicado este mi\u00e9rcoles en la revista Nature, sostiene que la tasa de crecimiento de metano alcanz\u00f3 su punto m\u00e1ximo en 2020, llegando al nivel m\u00e1s alto desde que el Centro Mundial de Datos sobre Gases de Efecto Invernadero (WDCGG) empezara a recoger datos en 1984.<\/p>\n<p class=\"v-p\" style=\"text-align: justify;\">Una vez en la atm\u00f3sfera, el metano persiste durante una media de nueve a\u00f1os, antes de descomponerse gracias a la acci\u00f3n de un oxidante natural llamado radical hidroxilo (OH), tambi\u00e9n denominado el &#8216;detergente&#8217; de la atm\u00f3sfera, por su acci\u00f3n limpiadora de contaminantes, como el metano. Aun as\u00ed, peque\u00f1os cambios en la concentraci\u00f3n de este gas pueden provocar grandes efectos en el OH y, seg\u00fan los datos de la WDCGG, la concentraci\u00f3n atmosf\u00e9rica de metano casi se ha triplicado desde la \u00e9poca preindustrial a la actualidad, pasando de 700 partes por mil millones (PPB) a m\u00e1s de 1.900.<\/p>\n<p class=\"v-p\" style=\"text-align: justify;\">Las principales fuentes de emisiones antropog\u00e9nicas de metano son: las regiones agr\u00edcolas y ganaderas, las zonas de extracci\u00f3n de combustibles f\u00f3siles, los vertederos, los incendios, el agua dulce, el permafrost y los humedales. Seg\u00fan los an\u00e1lisis realizados, durante la pandemia en la mayor\u00eda de ellos hubo una ligera disminuci\u00f3n en las emisiones de metano, en comparaci\u00f3n con las fuentes de emisi\u00f3n obtenidas en 2019. El agua dulce y el permafrost permanecieron sin cambios, pero en los humedales las emisiones aumentaron considerablemente, debido al clima inusualmente c\u00e1lido y h\u00famedo en el hemisferio norte, especialmente en el \u00c1rtico.<\/p>\n<p class=\"v-p\" style=\"text-align: justify;\">Para su an\u00e1lisis, los investigadores utilizaron dos m\u00e9todos de medici\u00f3n del metano, uno ascendente y otro descendente. \u00abPor ejemplo, en el estudio vimos que las emisiones ascendentes del sector de los combustibles f\u00f3siles, calculadas a partir de datos de actividad nacional, como la producci\u00f3n de carb\u00f3n, petr\u00f3leo y gas, multiplicaron su factor de emisi\u00f3n. Por su parte, para las emisiones de incendios y humedales, utilizamos datos satelitales\u00bb, cuenta a este peri\u00f3dico el investigador Shushi Peng, uno de los autores principales del estudio.<\/p>\n<p class=\"v-p\" style=\"text-align: justify;\">A pesar de todo, es dif\u00edcil conocer la verdadera realidad de esta situaci\u00f3n, debido a errores de c\u00e1lculo, voluntarios o involuntarios, por de las fuentes implicadas en las emisiones, como los propios pa\u00edses o las explotaciones ganaderas y agr\u00edcolas no controladas, entre otros. De hecho, el empleo de sat\u00e9lites (GOSAT, Sentinel 5P\u2026) para la identificaci\u00f3n de emisores de metano, puesto en marcha hace unos a\u00f1os, ha evidenciado una infravaloraci\u00f3n de las emisiones, especialmente en las zonas de extracci\u00f3n de combustibles f\u00f3siles, los vertederos y las plantas de residuo.<\/p>\n<div class=\"v-c-cmp v-n-mrg\" style=\"text-align: justify;\">\n<h3 class=\"v-d-cmp-sub-hl\">Otro r\u00e9cord en 2021<\/h3>\n<\/div>\n<p class=\"v-p\" style=\"text-align: justify;\">As\u00ed, el objetivo a futuro ser\u00e1 lograr que las t\u00e9cnicas de determinaci\u00f3n de emisiones de metano a la atm\u00f3sfera puedan obtener datos m\u00e1s fiables de las complejas fuentes de generaci\u00f3n, depuraci\u00f3n y retroalimentaci\u00f3n del metano, particularmente en el centro y sur de Asia, Medio Oriente, \u00c1frica y Am\u00e9rica del Sur tropical, tal como reconocen los autores.<\/p>\n<p class=\"v-p\" style=\"text-align: justify;\">Si bien el metano no es el gas de efecto invernadero que m\u00e1s producimos, calienta la atm\u00f3sfera 25 veces m\u00e1s r\u00e1pido que otros m\u00e1s abundantes, como el di\u00f3xido de carbono, de ah\u00ed que su crecimiento imparable resulte alarmante. Las conclusiones del estudio implican que las emisiones de metano de los humedales son sensibles a un clima m\u00e1s c\u00e1lido y, por lo tanto, podr\u00edan contribuir directamente al efecto invernadero y al calentamiento global. \u00abSi el calentamiento aumenta las emisiones de metano de los humedales, aumentar\u00e1 la concentraci\u00f3n de metano en la atm\u00f3sfera, lo que provocar\u00e1 un mayor calentamiento global. Esto se llama retroalimentaci\u00f3n positiva y significa que enfrentaremos una temperatura de calentamiento m\u00e1s alta de lo que esper\u00e1bamos antes. Por eso debemos reducir las emisiones para mitigar el calentamiento clim\u00e1tico\u00bb, explica Peng.<\/p>\n<p class=\"v-p\" style=\"text-align: justify;\">La realidad es que la concentraci\u00f3n de metano atmosf\u00e9rico volvi\u00f3 a aumentar en 2021, alcanzando m\u00e1ximos hist\u00f3ricos, otro aspecto que ya est\u00e1 investigando este equipo internacional. \u00abMi grupo est\u00e1 trabajando en c\u00f3mo las emisiones de metano de los humedales podr\u00edan retroalimentar el calentamiento futuro en este siglo. Llenar el vac\u00edo de datos existente es clave para obtener una mejor comprensi\u00f3n de este fen\u00f3meno\u00bb, afirma Peng.<\/p>\n<div class=\"v-c-cmp v-c-cmp--t1 v-bdr-t-b\" style=\"text-align: justify;\">\n<div class=\"v-d-cmp-exp-v\">\n<article class=\"v-a v-a--cmp-exp-v v-a--p-t\">\n<div class=\"v-a-info-c \">\n<h3 class=\"v-a-t\">Reacciones al estudio<\/h3>\n<p class=\"v-p\">En opini\u00f3n de Pep Canadell, director ejecutivo del Global Carbon Project e investigador jefe del Centro de Ciencias del Clima CSIRO en Canberra (Australia), que no ha participado directamente en la investigaci\u00f3n de Nature: \u00abEste estudio demuestra el alto nivel de alteraci\u00f3n del planeta debido al cambio clim\u00e1tico, ahora con un posible nuevo mecanismo de retroalimentaci\u00f3n del calentamiento global del que pocos estudios hab\u00edan demostrado anteriormente su gran importancia: un crecimiento en las emisiones de metano debido a un aumento en la precipitaci\u00f3n en zonas pantanosas de los tr\u00f3picos y temperaturas m\u00e1s altas en las zonas boreales fr\u00edas, incluyendo aquellas con permafrost (suelos helados)\u00ab, ha dicho en declaraciones recogidas por el Science Media Center.<\/p>\n<p class=\"v-p\">\u00abEsta dependencia de las emisiones de metano con caracter\u00edsticas clim\u00e1ticas (a mayor temperatura y pluviosidad, mayores emisiones procedentes de humedales) puede ser el origen de un mecanismo de retroalimentaci\u00f3n positiva en el sistema clim\u00e1tico que hasta ahora no ha sido contemplado y que puede dar lugar a que se vean incrementadas nuestras estimaciones sobre el calentamiento global futuro. El resultado de este trabajo nos muestra la necesidad de entender mejor las emisiones de metano procedentes de los humedales y su relaci\u00f3n con las condiciones clim\u00e1ticas\u00bb, ha a\u00f1adido Ernesto Rodr\u00edguez Camino, Meteor\u00f3logo Superior del Estado y miembro de la Asociaci\u00f3n Meteorol\u00f3gica Espa\u00f1ola.<\/p>\n<\/div>\n<\/article>\n<\/div>\n<\/div>\n<p style=\"text-align: justify;\"><a href=\"https:\/\/www.ideal.es\/autor\/elena-martin-lopez-2354.html\"><strong>Elena Mart\u00edn L\u00f3pez<\/strong><\/a><\/p>\n<article class=\"v-a v-a--d v-a--d-bs v-a--p-b\">\n<div class=\"v-a-img-c v-a-img-c--fw-xs\">\n<figure class=\"v-a-fig\"><figcaption class=\"v-fc\"><span class=\"v-fc__text\">FOTO: Las torres de refrigeraci\u00f3n de la central de energ\u00eda de Fiddlers Ferry, en Widnes (Reino UNido), arrojan a la atm\u00f3sfera densas columnas de humo.<\/span> <span class=\"v-fc__ath\">Reuters<\/span><\/figcaption><\/figure>\n<\/div>\n<\/article>\n<div class=\"v-d v-d--ab-c v-d--bs\">\n<div class=\"v-mdl-ath\" data-voc-component=\"viewport-not-visible\">\n<div class=\"v-mdl-ath__c v-mdl-ath__c--1\">\n<figure class=\"v-mdl-ath__fig\" style=\"text-align: justify;\">https:\/\/www.ideal.es\/ciencia\/vida\/confinamiento-produccion-metano-calentamiento-20221214170522-ntrc.html<\/figure>\n<div class=\"v-mdl-ath__info\">\n<p class=\"v-mdl-ath__p v-mdl-ath__p--name\" style=\"text-align: justify;\">\u00a0<\/p>\n<\/div>\n<\/div>\n<\/div>\n<\/div>\n","protected":false},"excerpt":{"rendered":"<p>La concentraci\u00f3n atmosf\u00e9rica de este gas, que aumenta el calentamiento global, casi se ha triplicado&#8230;<\/p>\n","protected":false},"author":1,"featured_media":65245,"comment_status":"closed","ping_status":"closed","sticky":false,"template":"","format":"standard","meta":{"_coblocks_attr":"","_coblocks_dimensions":"","_coblocks_responsive_height":"","_coblocks_accordion_ie_support":"","jetpack_post_was_ever_published":false,"_jetpack_newsletter_access":"","_jetpack_dont_email_post_to_subs":false,"_jetpack_newsletter_tier_id":0,"_jetpack_memberships_contains_paywalled_content":false,"_jetpack_memberships_contains_paid_content":false,"footnotes":"","jetpack_publicize_message":"","jetpack_publicize_feature_enabled":true,"jetpack_social_post_already_shared":true,"jetpack_social_options":{"image_generator_settings":{"template":"highway","default_image_id":0,"enabled":false},"version":2}},"categories":[1161,9,44,10],"tags":[],"class_list":["post-65244","post","type-post","status-publish","format-standard","has-post-thumbnail","hentry","category-ciudadania","category-medio-ambiente","category-noticias-de-hoy","category-salud"],"jetpack_publicize_connections":[],"jetpack_featured_media_url":"https:\/\/i0.wp.com\/miradordeatarfe.es\/wp-content\/uploads\/2023\/11\/dba41603-1535-47c5-9d1d-0a4ea615d3ae_alta-libre-aspect-ratio_default_0-1.jpg?fit=1200%2C737&ssl=1","jetpack_likes_enabled":true,"jetpack_sharing_enabled":true,"_links":{"self":[{"href":"https:\/\/miradordeatarfe.es\/index.php?rest_route=\/wp\/v2\/posts\/65244","targetHints":{"allow":["GET"]}}],"collection":[{"href":"https:\/\/miradordeatarfe.es\/index.php?rest_route=\/wp\/v2\/posts"}],"about":[{"href":"https:\/\/miradordeatarfe.es\/index.php?rest_route=\/wp\/v2\/types\/post"}],"author":[{"embeddable":true,"href":"https:\/\/miradordeatarfe.es\/index.php?rest_route=\/wp\/v2\/users\/1"}],"replies":[{"embeddable":true,"href":"https:\/\/miradordeatarfe.es\/index.php?rest_route=%2Fwp%2Fv2%2Fcomments&post=65244"}],"version-history":[{"count":2,"href":"https:\/\/miradordeatarfe.es\/index.php?rest_route=\/wp\/v2\/posts\/65244\/revisions"}],"predecessor-version":[{"id":65247,"href":"https:\/\/miradordeatarfe.es\/index.php?rest_route=\/wp\/v2\/posts\/65244\/revisions\/65247"}],"wp:featuredmedia":[{"embeddable":true,"href":"https:\/\/miradordeatarfe.es\/index.php?rest_route=\/wp\/v2\/media\/65245"}],"wp:attachment":[{"href":"https:\/\/miradordeatarfe.es\/index.php?rest_route=%2Fwp%2Fv2%2Fmedia&parent=65244"}],"wp:term":[{"taxonomy":"category","embeddable":true,"href":"https:\/\/miradordeatarfe.es\/index.php?rest_route=%2Fwp%2Fv2%2Fcategories&post=65244"},{"taxonomy":"post_tag","embeddable":true,"href":"https:\/\/miradordeatarfe.es\/index.php?rest_route=%2Fwp%2Fv2%2Ftags&post=65244"}],"curies":[{"name":"wp","href":"https:\/\/api.w.org\/{rel}","templated":true}]}}