{"id":65248,"date":"2023-11-28T09:31:55","date_gmt":"2023-11-28T08:31:55","guid":{"rendered":"https:\/\/miradordeatarfe.es\/?p=65248"},"modified":"2023-11-26T19:58:04","modified_gmt":"2023-11-26T18:58:04","slug":"la-subida-de-las-pensiones-de-la-seguridad-social-en-2024-prevista-para-estas-rentas","status":"publish","type":"post","link":"https:\/\/miradordeatarfe.es\/?p=65248","title":{"rendered":"La subida de las pensiones de la Seguridad Social en 2024 prevista para estas rentas"},"content":{"rendered":"<article class=\"v-a v-a--d v-a--d-bs v-a--p-b\">\n<div class=\"v-a-info-c \">\n<h3 class=\"v-a-sub-t\" style=\"text-align: justify;\">El complemento a m\u00ednimos puede aumentar la paga hasta la cuant\u00eda m\u00ednima legal a partir del pr\u00f3ximo a\u00f1o<\/h3>\n<\/div>\n<\/article>\n<p class=\"v-p\" style=\"text-align: justify;\">\u00daltima hora para los pensionistas. Seg\u00fan estima el Gobierno de Espa\u00f1a, las pensiones contributivas de la Seguridad Social aumentar\u00e1n su cuant\u00eda a partir de 2024 en base al incremento del IPC. Adem\u00e1s de las pagas, tambi\u00e9n subir\u00e1 el l\u00edmite que marca los ingresos m\u00ednimos necesarios para recibir los complementos m\u00ednimos. Una condici\u00f3n que afectar\u00e1 a numerosos beneficiarios.<\/p>\n<p class=\"v-p\" style=\"text-align: justify;\">Actualmente la pensi\u00f3n m\u00ednima para jubilados con c\u00f3nyuge no a cargo se sit\u00faa en 743,30 euros al mes. Una cuant\u00eda superior a la m\u00ednima de viudedad para menores de 60 a\u00f1os de edad, que desciende hasta los 593,30 euros. Con respecto a las pensiones de incapacidad permanente, la paga m\u00e1s baja est\u00e1 fijada en 572,30 euros. Por diversas causas no son pocos los beneficiarios de estas ayudas que cobran una cantidad inferior. Desde el pr\u00f3ximo a\u00f1o podr\u00edan tener acceso al complemento a m\u00ednimos de la Seguridad Social.<\/p>\n<p class=\"v-p\" style=\"text-align: justify;\">Este extra pretende ayudar a estos pensionistas a alcanzar la paga m\u00ednima legal, siempre y cuando se tenga reconocida una pensi\u00f3n contributiva m\u00e1s baja y se resida en Espa\u00f1a. El beneficiario tampoco podr\u00e1 superar una cantidad determinada de ingresos anuales para poder recibir este complemento a m\u00ednimos.<\/p>\n<p class=\"v-p\" style=\"text-align: justify;\">A d\u00eda de hoy este <em>l\u00edmite se sit\u00faa en los 8.614 euros al a\u00f1o para aquellos pensionistas sin c\u00f3nyuge o sin c\u00f3nyuge a cargo<\/em>. En caso contrario, el requisito asciende hasta los 10.048 euros anuales. Si estas cantidades aumentan a ra\u00edz de la actualizaci\u00f3n prevista por parte de la Seguridad Social, pensionistas que ahora no tienen derecho a cobrar el complemento s\u00ed que podr\u00edan recibirlo en 2024. Para ello deber\u00e1n solicitarlo a la Seguridad Social de manera presencial en alguna oficina o bien por v\u00eda telem\u00e1tica.<\/p>\n<p style=\"text-align: justify;\">\u00e1.M.<\/p>\n<div class=\"v-a-img-c v-a-img-c--fw-xs\">\n<figure class=\"v-a-fig\"><figcaption class=\"v-fc\"><span class=\"v-fc__text\">FOTO<\/span> <span class=\"v-fc__ath\">Ram\u00f3n L. P\u00e9rez<\/p>\n<p>https:\/\/www.ideal.es\/sociedad\/subida-pensiones-seguridad-social-2024-prevista-rentas-20231123113032-nt.html<br \/>\n<\/span><\/figcaption><\/figure>\n<\/div>\n","protected":false},"excerpt":{"rendered":"<p>El complemento a m\u00ednimos puede aumentar la paga hasta la cuant\u00eda m\u00ednima legal a partir&#8230;<\/p>\n","protected":false},"author":1,"featured_media":65249,"comment_status":"closed","ping_status":"closed","sticky":false,"template":"","format":"standard","meta":{"_coblocks_attr":"","_coblocks_dimensions":"","_coblocks_responsive_height":"","_coblocks_accordion_ie_support":"","jetpack_post_was_ever_published":false,"_jetpack_newsletter_access":"","_jetpack_dont_email_post_to_subs":false,"_jetpack_newsletter_tier_id":0,"_jetpack_memberships_contains_paywalled_content":false,"_jetpack_memberships_contains_paid_content":false,"footnotes":"","jetpack_publicize_message":"","jetpack_publicize_feature_enabled":true,"jetpack_social_post_already_shared":true,"jetpack_social_options":{"image_generator_settings":{"template":"highway","default_image_id":0,"enabled":false},"version":2}},"categories":[1161,44,7671],"tags":[],"class_list":["post-65248","post","type-post","status-publish","format-standard","has-post-thumbnail","hentry","category-ciudadania","category-noticias-de-hoy","category-politica"],"jetpack_publicize_connections":[],"jetpack_featured_media_url":"https:\/\/i0.wp.com\/miradordeatarfe.es\/wp-content\/uploads\/2023\/11\/pensiones-seguridad-social-rentas-scaled.webp?fit=2560%2C1707&ssl=1","jetpack_likes_enabled":true,"jetpack_sharing_enabled":true,"_links":{"self":[{"href":"https:\/\/miradordeatarfe.es\/index.php?rest_route=\/wp\/v2\/posts\/65248","targetHints":{"allow":["GET"]}}],"collection":[{"href":"https:\/\/miradordeatarfe.es\/index.php?rest_route=\/wp\/v2\/posts"}],"about":[{"href":"https:\/\/miradordeatarfe.es\/index.php?rest_route=\/wp\/v2\/types\/post"}],"author":[{"embeddable":true,"href":"https:\/\/miradordeatarfe.es\/index.php?rest_route=\/wp\/v2\/users\/1"}],"replies":[{"embeddable":true,"href":"https:\/\/miradordeatarfe.es\/index.php?rest_route=%2Fwp%2Fv2%2Fcomments&post=65248"}],"version-history":[{"count":1,"href":"https:\/\/miradordeatarfe.es\/index.php?rest_route=\/wp\/v2\/posts\/65248\/revisions"}],"predecessor-version":[{"id":65250,"href":"https:\/\/miradordeatarfe.es\/index.php?rest_route=\/wp\/v2\/posts\/65248\/revisions\/65250"}],"wp:featuredmedia":[{"embeddable":true,"href":"https:\/\/miradordeatarfe.es\/index.php?rest_route=\/wp\/v2\/media\/65249"}],"wp:attachment":[{"href":"https:\/\/miradordeatarfe.es\/index.php?rest_route=%2Fwp%2Fv2%2Fmedia&parent=65248"}],"wp:term":[{"taxonomy":"category","embeddable":true,"href":"https:\/\/miradordeatarfe.es\/index.php?rest_route=%2Fwp%2Fv2%2Fcategories&post=65248"},{"taxonomy":"post_tag","embeddable":true,"href":"https:\/\/miradordeatarfe.es\/index.php?rest_route=%2Fwp%2Fv2%2Ftags&post=65248"}],"curies":[{"name":"wp","href":"https:\/\/api.w.org\/{rel}","templated":true}]}}