{"id":65251,"date":"2023-11-28T11:15:27","date_gmt":"2023-11-28T10:15:27","guid":{"rendered":"https:\/\/miradordeatarfe.es\/?p=65251"},"modified":"2023-11-26T20:13:32","modified_gmt":"2023-11-26T19:13:32","slug":"jimenez-blanco-hijo-adoptivo-de-atarfe","status":"publish","type":"post","link":"https:\/\/miradordeatarfe.es\/?p=65251","title":{"rendered":"ANTONIO JIM\u00c9NEZ BLANCO HIJO ADOPTIVO DE ATARFE"},"content":{"rendered":"<div class=\"\" dir=\"auto\">\n<div id=\":r45:\" class=\"x1iorvi4 x1pi30zi x1l90r2v x1swvt13\" data-ad-comet-preview=\"message\" data-ad-preview=\"message\">\n<div class=\"x78zum5 xdt5ytf xz62fqu x16ldp7u\">\n<div class=\"xu06os2 x1ok221b\">\n<div class=\"xdj266r x11i5rnm xat24cr x1mh8g0r x1vvkbs x126k92a\">\n<h3 dir=\"auto\" style=\"text-align: justify;\">En enero de 2015, Atarfe nombr\u00f3 hijo adoptivo al letrado D. Antonio Jim\u00e9nez Blanco. El reconocimiento se le otorg\u00f3 \u00abpor tratarse de una personalidad hist\u00f3rica, clave en la transici\u00f3n espa\u00f1ola y haber sido un destacado abogado defensor de la democracia y de las libertades\u00bb.<\/h3>\n<div dir=\"auto\" style=\"text-align: justify;\">Jim\u00e9nez Blanco era oriundo de nuestro municipio. Reproducimos el art\u00edculo de Jer\u00f3nimo P\u00e1ez, publicado en EL PAIS en septiembre de 2014, con motivo de su fallecimiento.<\/div>\n<div dir=\"auto\" style=\"text-align: justify;\">\u00a0<\/div>\n<\/div>\n<div class=\"x11i5rnm xat24cr x1mh8g0r x1vvkbs xtlvy1s x126k92a\" style=\"text-align: justify;\">\n<div dir=\"auto\">&lt;&lt;<em>El pasado d\u00eda 31 de agosto falleci\u00f3 en Madrid, a la edad de 90 a\u00f1os, Antonio Jim\u00e9nez Blanco. Muri\u00f3 pl\u00e1cidamente rodeado de su mujer y sus numerosos hijos y nietos. Nacido en Granada, curs\u00f3 sus estudios universitarios de derecho en Sevilla, ciudad que nunca olvid\u00f3. Volvi\u00f3 a su villa natal, donde desarroll\u00f3 una larga y fruct\u00edfera vida profesional como abogado, incorpor\u00e1ndose y tomando parte activa en la lucha por la democracia, jugando un papel importante en el periodo constituyente.<\/em><\/div>\n<div dir=\"auto\">\u00a0<\/div>\n<\/div>\n<div class=\"x11i5rnm xat24cr x1mh8g0r x1vvkbs xtlvy1s x126k92a\" style=\"text-align: justify;\">\n<div dir=\"auto\"><em>Inteligente y sutil, desde muy joven se impregn\u00f3 de las m\u00e1s puras esencias andaluzas, toda vez que asimil\u00f3 en su formaci\u00f3n el barroquismo sevillano, el senequismo cordob\u00e9s y la sensibilidad po\u00e9tica de Federico Garc\u00eda Lorca, al que siempre am\u00f3 y rindi\u00f3 homenaje. Culto, buen conversador, ameno, con una prodigiosa memoria, pronto se convirti\u00f3 en el centro de las reuniones a las que asist\u00eda, impulsando numerosas actividades c\u00edvicas en una ciudad como Granada, algo aletargada que Antonio quer\u00eda dinamizar, tratando de hacer compatible la Granada bella de \u00c1ngel Ganivet y la modernidad. Tuvo uno de los despachos m\u00e1s sobresalientes de la ciudad, prodiga entonces, en notables juristas, quiz\u00e1s por su antigua tradici\u00f3n, y porque todav\u00eda los despachos de provincias jugaban cierto papel a nivel nacional, casi desaparecido hoy d\u00eda como consecuencia de la globalizaci\u00f3n.<\/em><\/div>\n<div dir=\"auto\">\u00a0<\/div>\n<div dir=\"auto\"><em>En aquellos iniciales y prometedores a\u00f1os, tuvo la suerte de conocer, y como no, enamorarse de Lola Carrillo de Albornoz, bella, dulce y luminosa granadina, con la que se cas\u00f3. Tuvieron seis hijos de los que pueden sentirse orgullosos. Antonio y Lola vivieron desde entonces en una ininterrumpida luna de miel durante los casi sesenta a\u00f1os que han permanecido juntos. Solo la muerte los ha podido separar; y a buen seguro que sus almas y sus corazones, uno aqu\u00ed y otro all\u00e1, siguen unidos con la misma ilusi\u00f3n que el primer d\u00eda que se conocieron.<\/em><\/div>\n<div dir=\"auto\">\u00a0<\/div>\n<\/div>\n<div class=\"x11i5rnm xat24cr x1mh8g0r x1vvkbs xtlvy1s x126k92a\" style=\"text-align: justify;\">\n<div dir=\"auto\"><em>En los vertiginosos a\u00f1os de la Transici\u00f3n se involucr\u00f3 en la lucha por las libertades democr\u00e1ticas, sin escatimar esfuerzos, convirti\u00e9ndose en uno de los referentes democr\u00e1ticos de la ciudad de Granada, y en el nexo de uni\u00f3n entre la izquierda y la derecha. Liberal hasta la m\u00e9dula, su inteligencia y sentido com\u00fan le hac\u00edan dudar de cualquier radicalismo. Fund\u00f3 con otros granadinos el Club Larra, que se convirti\u00f3 en el centro de los debates pol\u00edticos de la ciudad. Fue uno de los promotores el a\u00f1o 1976 del primer homenaje a Federico Garc\u00eda Lorca. Tuvo muy claro desde el principio que su lugar pol\u00edtico era UCD donde llego a tener importantes cargos, siendo elegido senador por Granada el a\u00f1o 1977, portavoz del grupo de UCD en el Senado en la Legislatura Constituyente y posteriormente en el Congreso de los Diputados en la primera legislatura; finalmente fue Presidente del Consejo de Estado desde 1980 a 1982. Brill\u00f3 por su talante dialogante, sus conocimientos jur\u00eddicos, sus elaborados y rigurosos dict\u00e1menes.<\/em><\/div>\n<div dir=\"auto\">\u00a0<\/div>\n<\/div>\n<div class=\"x11i5rnm xat24cr x1mh8g0r x1vvkbs xtlvy1s x126k92a\" style=\"text-align: justify;\">\n<div dir=\"auto\"><em>Amaba m\u00e1s la libertad que el poder y cuando consider\u00f3 que hab\u00eda conseguido sus objetivos se retir\u00f3 a cultivar su jard\u00edn, porque cre\u00eda que hab\u00eda llegado el momento y correspond\u00eda a los m\u00e1s j\u00f3venes llevar a buen puerto la aventura que su generaci\u00f3n hab\u00eda iniciado y dise\u00f1ado. Su jard\u00edn no era ni fue otro que el de su vida familiar. Fue quiz\u00e1s su m\u00e1s dif\u00edcil decisi\u00f3n y sin duda su mayor triunfo, tambi\u00e9n el que le dio los mejores frutos, aunque no fueron pocos los que consigui\u00f3 en su vida pol\u00edtica y profesional. Verdad es que contaba con Lola, aparentemente fr\u00e1gil pero que nunca desfalleci\u00f3 y siempre fue el soporte firme y poderoso que estimulaba a Antonio Jim\u00e9nez Blanco a cumplir sus sue\u00f1os.<\/em><\/div>\n<div dir=\"auto\">\u00a0<\/div>\n<\/div>\n<div class=\"x11i5rnm xat24cr x1mh8g0r x1vvkbs xtlvy1s x126k92a\" style=\"text-align: justify;\">\n<div dir=\"auto\"><em>Qui\u00e9nes tuvimos el placer de trabajar con \u00e9l y compartir pasiones y actividades pol\u00edticas &#8211; incluso desde ideolog\u00edas distintas- recordamos su magisterio, su serenidad y sus ense\u00f1anzas. Sol\u00eda decir que ser liberal en nuestro pa\u00eds quiz\u00e1s era algo anacr\u00f3nico, toda vez que por razones que nunca consigui\u00f3 entender, parec\u00edamos m\u00e1s proclives hacia los extremos que a las pol\u00edticas moderadas e integradoras; si bien nunca dej\u00f3 de pensar que sus ilusiones se cumplir\u00edan y fructificar\u00edan.<\/em><\/div>\n<div dir=\"auto\">\u00a0<\/div>\n<\/div>\n<div class=\"x11i5rnm xat24cr x1mh8g0r x1vvkbs xtlvy1s x126k92a\" style=\"text-align: justify;\">\n<div dir=\"auto\"><em>Perteneci\u00f3 Antonio Jim\u00e9nez Blanco a esa estirpe de grandes hombres que dedicaron sus mejores a\u00f1os y esfuerzos, a traer la democracia a nuestro pa\u00eds; y que cuando creyeron haber cumplido sus objetivos, se retiraron callada y elegantemente, con la satisfacci\u00f3n del deber cumplido, a su vida privada, a cuidar de los suyos. Descansa en Paz, te lo mereces; y quienes te conocimos queremos decirte que te recordamos porque tambi\u00e9n te lo mereces, y porque tu recuerdo es lo \u00fanico que puede paliar, en alguna medida, el dolor y la tristeza de no volver a verte.<\/em>&gt;&gt;<\/div>\n<\/div>\n<div class=\"x11i5rnm xat24cr x1mh8g0r x1vvkbs xtlvy1s x126k92a\">\n<div dir=\"auto\" style=\"text-align: justify;\">\u00a0<\/div>\n<div dir=\"auto\">Gacetilla y curiosidades elvirenses.<\/div>\n<\/div>\n<\/div>\n<div dir=\"auto\"><a href=\"https:\/\/i0.wp.com\/miradordeatarfe.es\/wp-content\/uploads\/2023\/11\/397475672_808713054595512_468690654755423064_n.jpg?ssl=1\"><img data-recalc-dims=\"1\" loading=\"lazy\" decoding=\"async\" class=\"alignnone wp-image-65252 size-full\" src=\"https:\/\/i0.wp.com\/miradordeatarfe.es\/wp-content\/uploads\/2023\/11\/397475672_808713054595512_468690654755423064_n.jpg?resize=520%2C540&#038;ssl=1\" alt=\"\" width=\"520\" height=\"540\" srcset=\"https:\/\/i0.wp.com\/miradordeatarfe.es\/wp-content\/uploads\/2023\/11\/397475672_808713054595512_468690654755423064_n.jpg?w=520&amp;ssl=1 520w, https:\/\/i0.wp.com\/miradordeatarfe.es\/wp-content\/uploads\/2023\/11\/397475672_808713054595512_468690654755423064_n.jpg?resize=289%2C300&amp;ssl=1 289w\" sizes=\"auto, (max-width: 520px) 100vw, 520px\" \/><\/a><\/div>\n<\/div>\n<\/div>\n<\/div>\n","protected":false},"excerpt":{"rendered":"<p>En enero de 2015, Atarfe nombr\u00f3 hijo adoptivo al letrado D. Antonio Jim\u00e9nez Blanco. El&#8230;<\/p>\n","protected":false},"author":1,"featured_media":65253,"comment_status":"closed","ping_status":"closed","sticky":false,"template":"","format":"standard","meta":{"_coblocks_attr":"","_coblocks_dimensions":"","_coblocks_responsive_height":"","_coblocks_accordion_ie_support":"","jetpack_post_was_ever_published":false,"_jetpack_newsletter_access":"","_jetpack_dont_email_post_to_subs":false,"_jetpack_newsletter_tier_id":0,"_jetpack_memberships_contains_paywalled_content":false,"_jetpack_memberships_contains_paid_content":false,"footnotes":"","jetpack_publicize_message":"","jetpack_publicize_feature_enabled":true,"jetpack_social_post_already_shared":true,"jetpack_social_options":{"image_generator_settings":{"template":"highway","default_image_id":0,"enabled":false},"version":2}},"categories":[6916,186,44,6539],"tags":[],"class_list":["post-65251","post","type-post","status-publish","format-standard","has-post-thumbnail","hentry","category-ayuntamiento-de-atarfe","category-instituciones","category-noticias-de-hoy","category-personajes-de-ataref"],"jetpack_publicize_connections":[],"jetpack_featured_media_url":"https:\/\/i0.wp.com\/miradordeatarfe.es\/wp-content\/uploads\/2023\/11\/Antonio-Jimenez-Blanco.jpg?fit=970%2C545&ssl=1","jetpack_likes_enabled":true,"jetpack_sharing_enabled":true,"_links":{"self":[{"href":"https:\/\/miradordeatarfe.es\/index.php?rest_route=\/wp\/v2\/posts\/65251","targetHints":{"allow":["GET"]}}],"collection":[{"href":"https:\/\/miradordeatarfe.es\/index.php?rest_route=\/wp\/v2\/posts"}],"about":[{"href":"https:\/\/miradordeatarfe.es\/index.php?rest_route=\/wp\/v2\/types\/post"}],"author":[{"embeddable":true,"href":"https:\/\/miradordeatarfe.es\/index.php?rest_route=\/wp\/v2\/users\/1"}],"replies":[{"embeddable":true,"href":"https:\/\/miradordeatarfe.es\/index.php?rest_route=%2Fwp%2Fv2%2Fcomments&post=65251"}],"version-history":[{"count":2,"href":"https:\/\/miradordeatarfe.es\/index.php?rest_route=\/wp\/v2\/posts\/65251\/revisions"}],"predecessor-version":[{"id":65255,"href":"https:\/\/miradordeatarfe.es\/index.php?rest_route=\/wp\/v2\/posts\/65251\/revisions\/65255"}],"wp:featuredmedia":[{"embeddable":true,"href":"https:\/\/miradordeatarfe.es\/index.php?rest_route=\/wp\/v2\/media\/65253"}],"wp:attachment":[{"href":"https:\/\/miradordeatarfe.es\/index.php?rest_route=%2Fwp%2Fv2%2Fmedia&parent=65251"}],"wp:term":[{"taxonomy":"category","embeddable":true,"href":"https:\/\/miradordeatarfe.es\/index.php?rest_route=%2Fwp%2Fv2%2Fcategories&post=65251"},{"taxonomy":"post_tag","embeddable":true,"href":"https:\/\/miradordeatarfe.es\/index.php?rest_route=%2Fwp%2Fv2%2Ftags&post=65251"}],"curies":[{"name":"wp","href":"https:\/\/api.w.org\/{rel}","templated":true}]}}