{"id":65257,"date":"2023-11-30T11:22:25","date_gmt":"2023-11-30T10:22:25","guid":{"rendered":"https:\/\/miradordeatarfe.es\/?p=65257"},"modified":"2023-11-28T20:35:21","modified_gmt":"2023-11-28T19:35:21","slug":"65257","status":"publish","type":"post","link":"https:\/\/miradordeatarfe.es\/?p=65257","title":{"rendered":"\u00abConflicto ideol\u00f3gico\u00bb  por Alberto Granados"},"content":{"rendered":"<div id=\"container\">\n<div id=\"content\">\n<div id=\"content-inner\" class=\"hfeed\">\n<div id=\"post-8968\" class=\"post-8968 post type-post status-publish format-standard hentry category-lo-que-me-pasa-es-que-este-mundo-no-lo-entiendo tag-alberto-granados-palacios tag-alberto-nunez-feijoo tag-debate-de-investidura tag-elecciones-generales tag-extrema-derecha tag-ley-de-amnistia tag-neonazis tag-pactos-electorales tag-pedro-sanchez tag-santiago-abascal\">\n<div class=\"entry-content\">\n<h3 data-adtags-visited=\"true\">Algo ha cambiado sustancialmente en mi percepci\u00f3n actual y quiero exponer mi reubicaci\u00f3n, especialmente para mis amigos de siempre.<\/h3>\n<p class=\"has-black-color has-text-color has-link-color has-medium-font-size wp-elements-ce82e1cf3c87c19fd489dc1f6ce3af64\" style=\"text-align: justify;\" data-adtags-visited=\"true\">La larga pol\u00e9mica ideol\u00f3gica que llevo manteniendo en Facebook durante los \u00faltimos a\u00f1os con viejos amigos de la ni\u00f1ez (Jos\u00e9 Enrique, Agust\u00edn, Manuel H. Z.) o con conocidos m\u00e1s o menos recientes y el hecho m\u00e1s relevante de nuestra pol\u00edtica, la ley de amnist\u00eda, hacen que me vea \u00a0obligado a explicarles mi conflicto ideol\u00f3gico reciente. Si no fuera por todo lo que hemos discutido en Facebook, con alg\u00fan desplante o descalificaci\u00f3n gruesa por medio, me guardar\u00eda mis ideas, certezas y dudas, que ya se ha hablado mucho del asunto y no creo poder aportar nada nuevo. Pero algo ha cambiado sustancialmente en mi percepci\u00f3n actual y quiero exponer mi reubicaci\u00f3n, especialmente para estos amigos de siempre.<\/p>\n<p class=\"has-black-color has-text-color has-link-color has-medium-font-size wp-elements-02ab518d8d7866aa5eb3ffcc284d67bc\" style=\"text-align: justify;\" data-adtags-visited=\"true\">Empezar\u00e9 por decir que, aunque me di de baja como militante del PSOE, por un encontronazo con un capitoste de \u00ednfulas censoras, me siento <em>socialista sin partido<\/em>, expresi\u00f3n esta que le tomo prestada a Antonio Mu\u00f1oz Molina. Un socialista que, adem\u00e1s, siente una furibunda aversi\u00f3n por ese extra\u00f1o corpus ideol\u00f3gico que, sin ser exactamente pol\u00edtico, se convierte en el ADN ideol\u00f3gico de la derecha: la tauromaquia, la semana santa, el empresariado voraz y con pocos escr\u00fapulos, el rancio caciquismo que todav\u00eda trasminan por encima de todo, esa arraigad\u00edsima costumbre de deslegitimar, sin ninguna \u00e9tica, aquello que no va con su valoraci\u00f3n de las cosas, el no querer cortar con el franquismo\u2026 Con frecuencia he llamado a esta derecha <em>la caverna<\/em>, por su apego a lo rancio y su cerraz\u00f3n a todo lo nuevo (divorcio, aborto, igualdad, memoria hist\u00f3rica, derechos de homosexuales, laicismo, etc.). La necesidad de pactar con VOX ya los degrada hasta un pensamiento casi medievalista. Y yo siento un rechazo frontal a ese universo ideol\u00f3gico. Y siento lo que de encontronazo haya habido con mis amigos de la ni\u00f1ez, \u00e9poca desde la que la sociedad ha cambiado radicalmente, sin que ellos parezcan notarlo o dejen un margen para asumir cambios.<\/p>\n<p class=\"has-black-color has-text-color has-link-color has-medium-font-size wp-elements-6522536aa4a74baae6556de07b65bbf7\" style=\"text-align: justify;\" data-adtags-visited=\"true\">La caverna se mueve en unas l\u00edneas que me desazonan: la permanente deslegitimaci\u00f3n de S\u00e1nchez, antes, por haber llegado a la Moncloa a trav\u00e9s de una moci\u00f3n de censura, despu\u00e9s a trav\u00e9s de un costoso pacto con Unidas Podemos, los insultos al \u00fanico Presidente que puede dialogar con otros mandatarios en ingl\u00e9s, la cr\u00edtica ciega a la gesti\u00f3n de la pandemia, el hablar de dictadura, de traidor, de golpe de estado, el judicializar lo que nunca debi\u00f3 salir del terreno pol\u00edtico\u2026 me suenan a viejos h\u00e1bitos de cacique del XIX que se cree \u00fanico merecedor para ostentar el poder y que el mero hecho de que la izquierda gane unas elecciones (o dos , en el caso del S\u00e1nchez, hace cuatro a\u00f1os) es un sindi\u00f3s. La continua intoxicaci\u00f3n (Ayuso, como se muerda un d\u00eda la lengua, generar\u00e1 un entierro de estado), la falta de l\u00edmites en sus catastr\u00f3ficos augurios, el penoso N\u00fa\u00f1ez Feij\u00f3o, que ni es ganador ni encaja como perdedor digno, con su permanente rabieta de ni\u00f1o caprichoso y su inmoral llamada a nuevos tamayazos\u2026 Esta abundante acumulaci\u00f3n de desprop\u00f3sitos me reafirman en mi posici\u00f3n socialista, sin que se pueda decir que sea sanchista al 100%. Le censuro varias cosas: el mantener a Grande Marlaska tras los de las vallas de Melilla; la p\u00e9sima faena a los saharauis, lo de la chapucera ley del solo s\u00ed es s\u00ed, el mantener de ministra a Belarra, que parece una irresponsable ni\u00f1a mala del recreo, sin fuste para la responsabilidad de un ministerio, y alg\u00fan otro detalle, pero con una amplia base de aceptaci\u00f3n de su pol\u00edtica global.<\/p>\n<figure class=\"wp-block-image size-large\" style=\"text-align: justify;\"><a href=\"https:\/\/albertogranados.files.wordpress.com\/2023\/11\/esto-no-es-una-sede-esto-es-un-puti-club-imagen-de-el-pais.jpeg\"><img data-recalc-dims=\"1\" loading=\"lazy\" decoding=\"async\" class=\"wp-image-8971\" src=\"https:\/\/albertogranados.files.wordpress.com\/2023\/11\/esto-no-es-una-sede-esto-es-un-puti-club-imagen-de-el-pais.jpeg?w=1024&#038;resize=640%2C360\" sizes=\"auto, (max-width: 1024px) 100vw, 1024px\" srcset=\"https:\/\/albertogranados.files.wordpress.com\/2023\/11\/esto-no-es-una-sede-esto-es-un-puti-club-imagen-de-el-pais.jpeg?w=1024 1024w, https:\/\/albertogranados.files.wordpress.com\/2023\/11\/esto-no-es-una-sede-esto-es-un-puti-club-imagen-de-el-pais.jpeg?w=2048 2048w, https:\/\/albertogranados.files.wordpress.com\/2023\/11\/esto-no-es-una-sede-esto-es-un-puti-club-imagen-de-el-pais.jpeg?w=150 150w, https:\/\/albertogranados.files.wordpress.com\/2023\/11\/esto-no-es-una-sede-esto-es-un-puti-club-imagen-de-el-pais.jpeg?w=300 300w, https:\/\/albertogranados.files.wordpress.com\/2023\/11\/esto-no-es-una-sede-esto-es-un-puti-club-imagen-de-el-pais.jpeg?w=768 768w\" alt=\"\" width=\"640\" height=\"360\" data-attachment-id=\"8971\" data-permalink=\"https:\/\/albertogranados.wordpress.com\/2023\/11\/16\/conflicto-ideologico\/esto-no-es-una-sede-esto-es-un-puti-club-imagen-de-el-pais\/\" data-orig-file=\"https:\/\/albertogranados.files.wordpress.com\/2023\/11\/esto-no-es-una-sede-esto-es-un-puti-club-imagen-de-el-pais.jpeg\" data-orig-size=\"6000,3375\" data-comments-opened=\"1\" data-image-meta=\"{&quot;aperture&quot;:&quot;0&quot;,&quot;credit&quot;:&quot;&quot;,&quot;camera&quot;:&quot;&quot;,&quot;caption&quot;:&quot;&quot;,&quot;created_timestamp&quot;:&quot;0&quot;,&quot;copyright&quot;:&quot;&quot;,&quot;focal_length&quot;:&quot;0&quot;,&quot;iso&quot;:&quot;0&quot;,&quot;shutter_speed&quot;:&quot;0&quot;,&quot;title&quot;:&quot;&quot;,&quot;orientation&quot;:&quot;0&quot;}\" data-image-title=\"esto-no-es-una-sede-esto-es-un-puti-club-imagen-de-el-pais\" data-image-description=\"\" data-image-caption=\"\" data-medium-file=\"https:\/\/albertogranados.files.wordpress.com\/2023\/11\/esto-no-es-una-sede-esto-es-un-puti-club-imagen-de-el-pais.jpeg?w=300\" data-large-file=\"https:\/\/albertogranados.files.wordpress.com\/2023\/11\/esto-no-es-una-sede-esto-es-un-puti-club-imagen-de-el-pais.jpeg?w=560\" \/><\/a><\/figure>\n<p class=\"has-black-color has-text-color has-link-color has-small-font-size wp-elements-05ceeaaffbf764678058c440845d65d8\" style=\"text-align: justify;\" data-adtags-visited=\"true\">La bazofia mental de los manifestantes los impuls\u00f3 a plantarse ante Ferraz con mu\u00f1ecas hinchables al grito de \u00abEsto no es una sede. Es un puti-club\u00bb. \u00bfQu\u00e9 nivel!<\/p>\n<p id=\"inline-ad-0\" class=\"inline-ad-slot\" style=\"text-align: justify;\" data-adtags-width=\"560\" data-adtags-visited=\"true\">\u00a0<\/p>\n<p class=\"has-black-color has-text-color has-link-color has-medium-font-size wp-elements-7d99d82a1394f2952681374b61a59571\" style=\"text-align: justify;\" data-adtags-visited=\"true\">Pero esta semana ha cambiado totalmente mi valoraci\u00f3n de su pol\u00edtica y ha sido por algo que yo cre\u00eda firmemente que jam\u00e1s har\u00eda: bajarse los pantalones con un personajillo de opereta como es Puigdemont. Hab\u00eda afirmado tantas veces que nunca se saldr\u00eda de lo asentado y yo lo hab\u00eda cre\u00eddo tan a pies juntillas, que su renuncia de estos \u00faltimos d\u00edas tengo que considerarla una voladura de puentes y una cat\u00e1strofe. Aqu\u00ed termina mi explicaci\u00f3n a mis amigos. Pero tengo que a\u00f1adir unas consideraciones.<\/p>\n<p class=\"has-black-color has-text-color has-link-color has-medium-font-size wp-elements-1a496b3cf038cc09d9311e9fe87bbfbf\" style=\"text-align: justify;\" data-adtags-visited=\"true\">Mi repugnancia a lo que \u00faltimamente ha hecho nuestro leg\u00edtimo Presidente no hace que lo inhabilite globalmente. Puestos a inhabilitar, inhabilitar\u00eda a los manifestantes aborregados que quieren hacernos creer que defienden la integridad de Espa\u00f1a cuando lo que defienden es salvarle los muebles a N\u00fa\u00f1ez Feij\u00f3o e imponer un corpus ideol\u00f3gico neonazi, en el caso de VOX y sus grup\u00fasculos afines. Todas estas algaradas callejeras solo pretenden presionar para hacer imposible la formaci\u00f3n de un nuevo gobierno y forzar nuevas elecciones, aunque llegado el caso Feij\u00f3o podr\u00eda encontrarse con un nuevo rechazo del resto de grupos pol\u00edticos.<\/p>\n<p class=\"has-black-color has-text-color has-link-color has-medium-font-size wp-elements-1e23f0d00e75c6257b0bf6fbe8e992d4\" style=\"text-align: justify;\" data-adtags-visited=\"true\">Habr\u00eda que procesar a Abascal por sus llamadas a la rebeli\u00f3n de las fuerzas del orden al pedirles que no cumplan las \u00f3rdenes de sus superiores que a \u00e9l no le parecen admisibles. Esto es golpismo descarado y cuando pase esta oleada de manifestaciones, que ya est\u00e1 resultando desestabilizadora y peligrosa, habr\u00e1 que aplicar a cada idea y a cada personaje (Abascal, Feij\u00f3o, Gamarra, Bendodo, etc.) su adjetivo: golpista, fascista, neonazi, inmoral, provocador, embustero, desestabilizador\u2026 porque no veo \u00e9tico limosnear que aquellos barones socialistas que no est\u00e9n de acuerdo con S\u00e1nchez se presten a votar la investidura del gallego, que perdi\u00f3 as\u00ed toda dimensi\u00f3n \u00e9tica y se convirti\u00f3 en un pelele.<\/p>\n<p style=\"text-align: justify;\" data-adtags-visited=\"true\">\u00a0<\/p>\n<figure class=\"wp-block-image size-large\" style=\"text-align: justify;\"><a href=\"https:\/\/albertogranados.files.wordpress.com\/2023\/11\/el-confidencial.jpg\"><img data-recalc-dims=\"1\" loading=\"lazy\" decoding=\"async\" class=\"wp-image-8974\" src=\"https:\/\/albertogranados.files.wordpress.com\/2023\/11\/el-confidencial.jpg?w=1024&#038;resize=640%2C480\" sizes=\"auto, (max-width: 1024px) 100vw, 1024px\" srcset=\"https:\/\/albertogranados.files.wordpress.com\/2023\/11\/el-confidencial.jpg?w=1024 1024w, https:\/\/albertogranados.files.wordpress.com\/2023\/11\/el-confidencial.jpg?w=150 150w, https:\/\/albertogranados.files.wordpress.com\/2023\/11\/el-confidencial.jpg?w=300 300w, https:\/\/albertogranados.files.wordpress.com\/2023\/11\/el-confidencial.jpg?w=768 768w, https:\/\/albertogranados.files.wordpress.com\/2023\/11\/el-confidencial.jpg 1200w\" alt=\"\" width=\"640\" height=\"480\" data-attachment-id=\"8974\" data-permalink=\"https:\/\/albertogranados.wordpress.com\/2023\/11\/16\/conflicto-ideologico\/el-confidencial\/\" data-orig-file=\"https:\/\/albertogranados.files.wordpress.com\/2023\/11\/el-confidencial.jpg\" data-orig-size=\"1200,900\" data-comments-opened=\"1\" data-image-meta=\"{&quot;aperture&quot;:&quot;0&quot;,&quot;credit&quot;:&quot;&quot;,&quot;camera&quot;:&quot;&quot;,&quot;caption&quot;:&quot;&quot;,&quot;created_timestamp&quot;:&quot;0&quot;,&quot;copyright&quot;:&quot;&quot;,&quot;focal_length&quot;:&quot;0&quot;,&quot;iso&quot;:&quot;0&quot;,&quot;shutter_speed&quot;:&quot;0&quot;,&quot;title&quot;:&quot;&quot;,&quot;orientation&quot;:&quot;0&quot;}\" data-image-title=\"el-confidencial\" data-image-description=\"\" data-image-caption=\"\" data-medium-file=\"https:\/\/albertogranados.files.wordpress.com\/2023\/11\/el-confidencial.jpg?w=300\" data-large-file=\"https:\/\/albertogranados.files.wordpress.com\/2023\/11\/el-confidencial.jpg?w=560\" \/><\/a><\/figure>\n<p class=\"has-black-color has-text-color has-link-color has-small-font-size wp-elements-c04c33786feb63b9b280a9d37b241fc7\" style=\"text-align: justify;\" data-adtags-visited=\"true\">Estos mandan a prisi\u00f3n a alguien en un pis-pas. Hubo un tiempo peor: mandaban al pared\u00f3n. Y son los mismos.<\/p>\n<p id=\"inline-ad-1\" class=\"inline-ad-slot\" style=\"text-align: justify;\" data-adtags-width=\"560\" data-adtags-visited=\"true\">\u00a0<\/p>\n<p class=\"has-black-color has-text-color has-link-color has-medium-font-size wp-elements-85aa8bf86cc2c2d23b4f1e32f8bd0b31\" style=\"text-align: justify;\" data-adtags-visited=\"true\">Si es que alguna vez llega el momento de modificar la Constituci\u00f3n (para m\u00ed deber\u00eda haberse hecho hace mucho, pero nuestros parlamentarios no son lo suficientemente valientes para abordar qu\u00e9 modelo de estado quieren los espa\u00f1oles -\u00bffederal, monarqu\u00eda, rep\u00fablica?- ni la relaci\u00f3n con la iglesia, ni otros aspectos y dejan dormir el problema por simple cobard\u00eda). Si alguna vez llegara la reforma o sustituci\u00f3n de la Constituci\u00f3n, ser\u00eda cosa de establecer un arbitraje de la pr\u00e1ctica pol\u00edtica con capacidad para sancionar la mentira, la intoxicaci\u00f3n, el enrarecimiento de la convivencia, etc. De existir ese \u00e1rbitro ver\u00edamos qui\u00e9n quedaba a los pies de los caballos.<\/p>\n<p class=\"has-black-color has-text-color has-link-color has-medium-font-size wp-elements-b61c32acdd676643445802b243595bb6\" style=\"text-align: justify;\" data-adtags-visited=\"true\">Mientras, habr\u00e1 que acostumbrarse a pactos repugnantes: o el PSOE pacta con quien pueda, Bildu o Junts incluidos, o el PP pacta con VOX, que no es menos escandaloso. El espectro social del electorado es el que hay y parece descartar las mayor\u00edas absolutas. El futuro requerir\u00e1 pactos y ah\u00ed veremos cosas que nos sonrojar\u00e1n. Yo desde luego debo de ser raro, pues prefiero sonrojarme con la bajada de pantalones de S\u00e1nchez que ver al PP asumir la censura de obras de teatro del Siglo de Oro, o el pin parental, o aceptar que la problem\u00e1tica cineg\u00e9tica o cofrade entre en el curr\u00edculo escolar mientras se fulmina Educaci\u00f3n para la Ciudadan\u00eda.<\/p>\n<p class=\"has-black-color has-text-color has-link-color has-medium-font-size wp-elements-98ec8af3c32989590c95903a4175f853\" data-adtags-visited=\"true\"><strong>Alberto Granados<\/strong><\/p>\n<p><a href=\"https:\/\/albertogranados.wordpress.com\/\">https:\/\/albertogranados.wordpress.com\/<\/a><\/p>\n<p>FOTO:<a class=\"featured-name\" href=\"https:\/\/www.eldiario.es\/autores\/bernardo_vergara\/\">Bernardo Vergara<\/a><\/p>\n<\/div>\n<\/div>\n<\/div>\n<\/div>\n<\/div>\n","protected":false},"excerpt":{"rendered":"<p>Algo ha cambiado sustancialmente en mi percepci\u00f3n actual y quiero exponer mi reubicaci\u00f3n, especialmente para&#8230;<\/p>\n","protected":false},"author":1,"featured_media":65258,"comment_status":"closed","ping_status":"closed","sticky":false,"template":"","format":"standard","meta":{"_coblocks_attr":"","_coblocks_dimensions":"","_coblocks_responsive_height":"","_coblocks_accordion_ie_support":"","jetpack_post_was_ever_published":false,"_jetpack_newsletter_access":"","_jetpack_dont_email_post_to_subs":false,"_jetpack_newsletter_tier_id":0,"_jetpack_memberships_contains_paywalled_content":false,"_jetpack_memberships_contains_paid_content":false,"footnotes":"","jetpack_publicize_message":"","jetpack_publicize_feature_enabled":true,"jetpack_social_post_already_shared":true,"jetpack_social_options":{"image_generator_settings":{"template":"highway","default_image_id":0,"enabled":false},"version":2}},"categories":[39,7671,6937],"tags":[],"class_list":["post-65257","post","type-post","status-publish","format-standard","has-post-thumbnail","hentry","category-opinion-de-alberto-granados","category-politica","category-sociedad"],"jetpack_publicize_connections":[],"jetpack_featured_media_url":"https:\/\/i0.wp.com\/miradordeatarfe.es\/wp-content\/uploads\/2023\/11\/9c05093c-62cb-4316-9fd1-0ada238aba8f_16-9-discover-aspect-ratio_default_0.jpg?fit=1200%2C675&ssl=1","jetpack_likes_enabled":true,"jetpack_sharing_enabled":true,"_links":{"self":[{"href":"https:\/\/miradordeatarfe.es\/index.php?rest_route=\/wp\/v2\/posts\/65257","targetHints":{"allow":["GET"]}}],"collection":[{"href":"https:\/\/miradordeatarfe.es\/index.php?rest_route=\/wp\/v2\/posts"}],"about":[{"href":"https:\/\/miradordeatarfe.es\/index.php?rest_route=\/wp\/v2\/types\/post"}],"author":[{"embeddable":true,"href":"https:\/\/miradordeatarfe.es\/index.php?rest_route=\/wp\/v2\/users\/1"}],"replies":[{"embeddable":true,"href":"https:\/\/miradordeatarfe.es\/index.php?rest_route=%2Fwp%2Fv2%2Fcomments&post=65257"}],"version-history":[{"count":2,"href":"https:\/\/miradordeatarfe.es\/index.php?rest_route=\/wp\/v2\/posts\/65257\/revisions"}],"predecessor-version":[{"id":65260,"href":"https:\/\/miradordeatarfe.es\/index.php?rest_route=\/wp\/v2\/posts\/65257\/revisions\/65260"}],"wp:featuredmedia":[{"embeddable":true,"href":"https:\/\/miradordeatarfe.es\/index.php?rest_route=\/wp\/v2\/media\/65258"}],"wp:attachment":[{"href":"https:\/\/miradordeatarfe.es\/index.php?rest_route=%2Fwp%2Fv2%2Fmedia&parent=65257"}],"wp:term":[{"taxonomy":"category","embeddable":true,"href":"https:\/\/miradordeatarfe.es\/index.php?rest_route=%2Fwp%2Fv2%2Fcategories&post=65257"},{"taxonomy":"post_tag","embeddable":true,"href":"https:\/\/miradordeatarfe.es\/index.php?rest_route=%2Fwp%2Fv2%2Ftags&post=65257"}],"curies":[{"name":"wp","href":"https:\/\/api.w.org\/{rel}","templated":true}]}}