{"id":65264,"date":"2023-11-29T11:24:58","date_gmt":"2023-11-29T10:24:58","guid":{"rendered":"https:\/\/miradordeatarfe.es\/?p=65264"},"modified":"2023-11-27T13:07:24","modified_gmt":"2023-11-27T12:07:24","slug":"apuntes-del-atarfe-de-1732-por-mari-carmen-cabrera-martel","status":"publish","type":"post","link":"https:\/\/miradordeatarfe.es\/?p=65264","title":{"rendered":"\u00abApuntes del Atarfe de 1732\u00bb por  Mari Carmen Cabrera Martel"},"content":{"rendered":"<h3 style=\"text-align: justify;\">En este art\u00edculo vamos a transcribir algunos apuntes relacionados con Atarfe, publicados por Francisco Fern\u00e1ndez Navarrete en su libro \u201cCielo y suelo granadinos (1732), transcrito por F. Antonio Gil Albarracin en 1997.<\/h3>\n<p style=\"text-align: justify;\"><strong><i>De las condiciones del cielo elemental de Granada <\/i><\/strong><\/p>\n<p style=\"text-align: justify;\">&#8230;&#8230; Pero no hay duda que esto ser\u00eda peor y m\u00e1s da\u00f1oso si hubiera subsistido la siembra de arroces que unos valencianos entablaron en los llanos del Atarfe, Pinos, Santa Fe y cercan\u00edas del Soto, convidados de la copia de agua y sitio declive; y con efecto con la retenci\u00f3n y putrefacci\u00f3n de aguas que pide esta semilla, se empez\u00f3 a sentir tanto da\u00f1o en la salud de aquellos cercanos pueblos que se hubo de prohibir por autoridad p\u00fablica y mandar enjugar las lagunas y recoger el agua en madres que hoy en d\u00eda se ven. Verdad es que aunque concurriera esta causa con las que quedan dichas nunca este da\u00f1o ser\u00eda mucho, ni frecuente, o porque raras veces hay calma en aquellos parajes o porque aunque haya alguna, antes de difundirse el da\u00f1o, entran a tiempo de cortarle los vientos nortes.<\/p>\n<p style=\"text-align: justify;\"><i><strong>Del fundamento o subterr\u00e1neo de Granada<\/strong> <\/i><\/p>\n<p style=\"text-align: justify;\">Conviene a la integridad de la Historia natural el describir el subterr\u00e1neo fundamento de Granada, pues siendo en orden a conocer, capitular y filosofar sobre sus mutaciones y productos no se debe omitir esta parte como una de sus causas m\u00e1s permanentes y precisas&#8230;.. Las fuentes prueban la existencia de los lagos subterr\u00e1neos o hidrofilacios m\u00e1s o menos distantes y de los canales o acueductos. Quieren en esta parte los fil\u00f3sofos que estos pr\u00f3ximos lagos o estanques est\u00e9n incluidos en el coraz\u00f3n de las monta\u00f1as pr\u00f3ximas. Granada est\u00e1 en todas partes cercada de cumbres y todas deben de encerrar abundantes hidrofil\u00e1cios.<\/p>\n<p style=\"text-align: justify;\">En la Sierra de Elvira hay un sitio desde donde se oye distintamente el ruido de un r\u00edo que se despe\u00f1a dentro de la monta\u00f1a. Y es de suerte que ha pocos a\u00f1os que una persona muy curiosa gast\u00f3 algunos reales en procurar abrir puerta por donde aquella agua saliese para beneficio de aquellas pr\u00f3ximas tierras, bien que no lo consigui\u00f3 porque dio en gruesa y dur\u00edsima pe\u00f1a y desisti\u00f3 del intento. Es congruente que el abismo grande que tiene comunicaci\u00f3n con el oc\u00e9ano por largu\u00edsimos canales y anfractos (sic) se comunica el agua a los lagos subterr\u00e1neos (en cuyo camino se deja la sal) y de ellos se distribuye a las fuentes, siendo tambi\u00e9n \u00e9stos como unos dep\u00f3sitos de las grandes lluvias.<\/p>\n<p style=\"text-align: justify;\">Los ba\u00f1os calientes de esta comarca acreditan la existencia de los hornos o pirofilacios de fuego subterr\u00e1neo, no causal, ni dependiente de causas accidentarias, sino perenne y estable, pues duran lo que el mundo. Esto es preciso que tengan un p\u00e1bulo indeficiente (que es lo m\u00e1s f\u00e1cil) o incombustible (si puede serlo y ser p\u00e1bulo) y oportuna transpiraci\u00f3n y organizaci\u00f3n. No falta quien diga que el concurso de agua, marte y azufre resulta sin fuego el calor de los ba\u00f1os. Apunto esta sentencia y no la sigo. No creo que esto pod\u00eda bastar para la perpetuidad, ni hay para que excusar en esto la existencia de fuegos subterr\u00e1neos, que por otra parte est\u00e1 tan averiguada.<\/p>\n<p style=\"text-align: justify;\">El p\u00e1bulo en el coraz\u00f3n del globo no puede faltar, siendo succos (sic) y betunes de internas y pingues tierras y minerales cocidos, espesados y fundidos por el mismo fuego y que perpetuamente concurren a \u00e9l. Los respiraderos de estos hornos son unas rimas o canales largu\u00edsimos que salen a las b\u00f3vedas a\u00e9reas o aerofilacios subterr\u00e1neos donde se acaba de extinguir el calor, sirviendo por toda ella a la vaporizaci\u00f3n subterr\u00e1nea, cocci\u00f3n de los metales y minerales. Estas b\u00f3vedas o aerofilacios tienen dos efectos que salen a la superficie del globo que son los terremotos peque\u00f1os (porque los grandes los causan los volcanes y pirofilacios) y las fuentes calientes. La qu\u00edmica da a entender como es preciso que los techos y paredes de estas b\u00f3vedas a\u00e9reas por la continua efumaci\u00f3n (sic) de los hornos, que queman azufres, betunes y minerales est\u00e9n llenas sulf\u00fareas, sublimadas de ellos; de la superficie de la tierra despu\u00e9s de las lluvias baja mucho salitre hasta instilar en las mismas b\u00f3vedas o conductos. Si se llevan minero de hierro tienen bastante para encenderse all\u00e1 dentro, como si fuese p\u00f3lvora y con s\u00fabita rarefacci\u00f3n y detonaci\u00f3n sacudir y conmover la tierra; y esta es una causa de los terremotos leves. Digo leves porque consisten en flores y materias tenues y no en mucha cantidad; y aunque parece pudiera bastar a levantar y arruinar la superficie no lo hace por las respiraciones de las mismas canales a otras b\u00f3vedas y concavidades que reciben y enfrenan la s\u00fabita expansi\u00f3n del aire cansada en la misma distancia.<\/p>\n<p><a href=\"https:\/\/i0.wp.com\/miradordeatarfe.es\/wp-content\/uploads\/2023\/11\/Captura20231127123257.png?ssl=1\"><img data-recalc-dims=\"1\" loading=\"lazy\" decoding=\"async\" class=\"wp-image-65265 size-full alignleft\" src=\"https:\/\/i0.wp.com\/miradordeatarfe.es\/wp-content\/uploads\/2023\/11\/Captura20231127123257.png?resize=640%2C422&#038;ssl=1\" alt=\"\" width=\"640\" height=\"422\" srcset=\"https:\/\/i0.wp.com\/miradordeatarfe.es\/wp-content\/uploads\/2023\/11\/Captura20231127123257.png?w=662&amp;ssl=1 662w, https:\/\/i0.wp.com\/miradordeatarfe.es\/wp-content\/uploads\/2023\/11\/Captura20231127123257.png?resize=300%2C198&amp;ssl=1 300w\" sizes=\"auto, (max-width: 640px) 100vw, 640px\" \/><\/a><\/p>\n<p style=\"text-align: justify;\">Siendo muchas veces por raz\u00f3n de estas b\u00f3vedas a\u00e9reas, por cuyo suelo pasan arroyos subterr\u00e1neos o hay lagos o hidrofilacios dichos, que s\u00ed all\u00ed sali\u00f3 o respir\u00f3 por alguna rima o cavidad el aire y vapor violentamente atenuado en el terremoto \u00e9ste, comprimiendo violentamente el agua, hace salir de madre las fuentes, verterse afuera el agua de los pozos y otros efectos semejantes. Tal causa hubo el citado a\u00f1o de 1702, el d\u00eda 23 de diciembre, en que el Tiber sali\u00f3 violentamente de madre e inund\u00f3 a Roma.<\/p>\n<p style=\"text-align: justify;\">Habr\u00e1 cosa de 20 a\u00f1os que v\u00ed esto palpable. Pasando por el Ba\u00f1o de la Sierra de Elvira (que es una gruta de muchos estados de profundidad, antes de encontrar el agua) acababa de suceder un terremoto; y el agua no s\u00f3lo hab\u00eda subido violent\u00edsimamente, pero sus espumas hab\u00edan salpicado gran trecho del campo y toda la casa de hospeder\u00eda que est\u00e1 inmediata. \u201cFue horroroso fen\u00f3meno para un abogado de la Chanciller\u00eda que a este tiempo hab\u00eda bajado al ba\u00f1o y experiment\u00f3 tan horrendo fracaso. Pero habi\u00e9ndole Dios conservado la vida en la pronta violencia del borbot\u00f3n, subi\u00f3 cuando no lo esperaban desnudo y el m\u00e1s propio retrato de Ad\u00e1n reci\u00e9n echado del Para\u00edso\u201d.<\/p>\n<p style=\"text-align: justify;\">Sobre estos supuestos s\u00e9ame l\u00edcito formar una hip\u00f3tesis del subterr\u00e1neo de Granada. No porque me atreva a decir que as\u00ed est\u00e9, sino tomando el ejemplar del gran Cartesio, porque me parece que as\u00ed fuese, suceder\u00edan como hoy suceden los productos, meteoros o mutaciones dichas&#8230;..<\/p>\n<p style=\"text-align: justify;\">Est\u00e1 en una profundidad m\u00e1s cercana al centro que a la superficie de la tierra el abismo grande de las aguas, por el cual se comunican y circulan las del universo, sorbi\u00e9ndolas por el polo Arcaico y vomit\u00e1ndolas por el Ant\u00e1rtico. De este abismo salen distintos canales o diversos hidrofilacios o lagos y de cada uno de estos salen otros menores que suelen terminar en otros particulares hidrofilacios por el coraz\u00f3n de las monta\u00f1as, que cercan a Granada, y \u00e9stos abastecen las fuentes.<\/p>\n<p style=\"text-align: justify;\">En un lugar m\u00e1s alto y correspondiente al sitio de la ciudad est\u00e1 un grande horno o pirofilacio de fuego perenne y eterna sucesi\u00f3n de p\u00e1bulos, que basta a animar toda esta subterr\u00e1nea provincia&#8230;&#8230; De uno y otro ramo de los canales \u00edgneos o que nacen del gran horno, salen transversales otros dos menores y m\u00e1s tortuosos, por los cuales entra en dos particulares hidrofilacios, d\u00e1ndoles un moderado y blando calor, y produce como a igual distancia como de dos leguas y media de Granada, los ba\u00f1os templados de la Sierra de Elvira y de la Mal\u00e1; y otro tercer ramo algo m\u00e1s capaz y con m\u00e1s calor se alarga a la parte de all\u00e1 a la Alpujarra y produce los Ba\u00f1os de las Guardas Viejas&#8230;&#8230;.\u00a0<\/p>\n<p style=\"text-align: justify;\"><strong><i>Sierras de Elvira, Parapanda y sus dependencias, <\/i><\/strong><i><strong>con las occidentales desde Loxa hasta Almu\u00f1ecar<\/strong> <\/i><\/p>\n<p style=\"text-align: justify;\">&#8230;..Los l\u00edmites de estas sierras, que quedan cortadas por el r\u00edo Genil y alcanzan hasta el barrio de San Francisco de Loxa, es preciso que nos dejen volver atr\u00e1s siete leguas adonde se nos queda la Sierra de Elvira, como islada (sic) e independiente de las dichas, c\u00e9lebre por su nombre, por sus antig\u00fcedades y sus ba\u00f1os, que est\u00e1 colocada entre la ciudad de Granada y Mocl\u00edn. Tiene al oriente la sierra de Cogollos y el camino de Ja\u00e9n y Madrid, al occidente a Pinos de la Puente y el Soto de Roma, al norte las sierras de Mocl\u00edn y Colomera y al mediod\u00eda la Vega de Granada y los llanos del Atarfe. Quien quisiere ver las antig\u00fcedades de esta sierra y su etimolog\u00eda, lea a nuestro Pedraza y hallar\u00e1 deshecha y convencida la f\u00e1bula de haber sido all\u00ed la antigua y c\u00e9lebre Illiberia.<\/p>\n<p style=\"text-align: justify;\">Esta es moderna impostura de envidiosos de esta ciudad que, con esto, intentaron obscurecer a Granada, la gloria del municipal honor y del Concilio Illiberitano, pero el referido autor, con irrefragables testimonios convence los d\u00e9biles y cortos de qui\u00e9n invent\u00f3 este delirio. Dio colorido a \u00e9l la equivocaci\u00f3n de la ciudad antiqu\u00edsima de Iberia (que fue aqu\u00ed) fundaci\u00f3n de Ibero y anterior a la venida de los Cartaginenses y Fenices.<\/p>\n<p style=\"text-align: justify;\">Tiene legua y media de largo y a\u00fan no una de ancho. Es tierra est\u00e9ril y pe\u00f1ascosa, tiene buenas canteras de piedra jabaluna, ba\u00f1os y algunas fuentes, como se dir\u00e1 adelante.<\/p>\n<p style=\"text-align: justify;\"><i><strong>De los ba\u00f1os de Sierra de Elvira<\/strong> <\/i><\/p>\n<p style=\"text-align: justify;\">A la parte occidental de Granada, casi a la misma distancia, a media legua del lugar del Atarfe, a la falda de la Sierra de Elvira est\u00e1n estos ba\u00f1os, sobre el camino de Pinos. En la boca de una pe\u00f1a empieza una gruta como un pozo, a que se baja por una ruda escalera con dos descansos, y en ellos dos cuevas o estancias a los lados, todo picado en la pe\u00f1a, que el de abajo pod\u00eda servir de estufa, si el calor del agua bastase a sudar. En el fondo se ve penetrar el monte por ocho o diez varas una tosca nave que es el ba\u00f1o. Su profundidad al principio es poca, pero en el medio es inaveriguable. Ba\u00f1\u00e1ndome yo all\u00ed con D. Bartolom\u00e9 Badar\u00e1n, del Consejo de Hacienda, superintendente y corregidor de Granada, la medimos con una cuerda de 32 brazas y al cabo una grande piedra y nos encontramos el fondo, si que a lo \u00faltimo pesaba tanto que nos pareci\u00f3 haber alguna corriente o gran sumidero de aquellos hidrofilacios. El agua a la luz de vela es clar\u00edsima, su temple tibio y, no obstante, a poca diligencia hace sudar. Parece nitro-sulf\u00farea, aluminosa. <\/p>\n<p style=\"text-align: justify;\">Este ba\u00f1o en su virtud es policresto. Corrige toda intemperie, como el de Lamal\u00e1. Su energ\u00eda particular es para empeines, sarna, herpes y afectos cut\u00e1neos, pero \u00fasense con debidas cautelas y prevenciones, no siempre sin ellas se pueden curar, vg, los herpes. Algunos se los han dejado all\u00ed y han sacado un buen tabardillo. Lo especial de este ba\u00f1o es par los dolores g\u00e1lico reum\u00e1ticos no muy grandes. Por el de un brazo que hasta para firmar le imped\u00eda, llev\u00e9 all\u00e1 a Badar\u00e1n y a 12 ba\u00f1os vino bueno.<\/p>\n<p><a href=\"https:\/\/i0.wp.com\/miradordeatarfe.es\/wp-content\/uploads\/2023\/11\/Captura20231127130054.png?ssl=1\"><img data-recalc-dims=\"1\" loading=\"lazy\" decoding=\"async\" class=\"wp-image-65266 size-full aligncenter\" src=\"https:\/\/i0.wp.com\/miradordeatarfe.es\/wp-content\/uploads\/2023\/11\/Captura20231127130054.png?resize=626%2C286&#038;ssl=1\" alt=\"\" width=\"626\" height=\"286\" srcset=\"https:\/\/i0.wp.com\/miradordeatarfe.es\/wp-content\/uploads\/2023\/11\/Captura20231127130054.png?w=626&amp;ssl=1 626w, https:\/\/i0.wp.com\/miradordeatarfe.es\/wp-content\/uploads\/2023\/11\/Captura20231127130054.png?resize=300%2C137&amp;ssl=1 300w\" sizes=\"auto, (max-width: 626px) 100vw, 626px\" \/><\/a>Art\u00edculo editado por Corporaci\u00f3n de Medios de Andaluc\u00eda y el Ayuntamiento de Atarfe, coordinado por Jos\u00e9 Enrique Granados y tiene por nombre \u00abAtarfe en el papel\u00bb de IDEAL<\/p>\n","protected":false},"excerpt":{"rendered":"<p>En este art\u00edculo vamos a transcribir algunos apuntes relacionados con Atarfe, publicados por Francisco Fern\u00e1ndez&#8230;<\/p>\n","protected":false},"author":1,"featured_media":65266,"comment_status":"closed","ping_status":"closed","sticky":false,"template":"","format":"standard","meta":{"_coblocks_attr":"","_coblocks_dimensions":"","_coblocks_responsive_height":"","_coblocks_accordion_ie_support":"","jetpack_post_was_ever_published":false,"_jetpack_newsletter_access":"","_jetpack_dont_email_post_to_subs":false,"_jetpack_newsletter_tier_id":0,"_jetpack_memberships_contains_paywalled_content":false,"_jetpack_memberships_contains_paid_content":false,"footnotes":"","jetpack_publicize_message":"","jetpack_publicize_feature_enabled":true,"jetpack_social_post_already_shared":true,"jetpack_social_options":{"image_generator_settings":{"template":"highway","default_image_id":0,"enabled":false},"version":2}},"categories":[7537,1225,44],"tags":[],"class_list":["post-65264","post","type-post","status-publish","format-standard","has-post-thumbnail","hentry","category-atarfe-en-papel-de-ideal","category-ha-de-atarfe","category-noticias-de-hoy"],"jetpack_publicize_connections":[],"jetpack_featured_media_url":"https:\/\/i0.wp.com\/miradordeatarfe.es\/wp-content\/uploads\/2023\/11\/Captura20231127130054.png?fit=626%2C286&ssl=1","jetpack_likes_enabled":true,"jetpack_sharing_enabled":true,"_links":{"self":[{"href":"https:\/\/miradordeatarfe.es\/index.php?rest_route=\/wp\/v2\/posts\/65264","targetHints":{"allow":["GET"]}}],"collection":[{"href":"https:\/\/miradordeatarfe.es\/index.php?rest_route=\/wp\/v2\/posts"}],"about":[{"href":"https:\/\/miradordeatarfe.es\/index.php?rest_route=\/wp\/v2\/types\/post"}],"author":[{"embeddable":true,"href":"https:\/\/miradordeatarfe.es\/index.php?rest_route=\/wp\/v2\/users\/1"}],"replies":[{"embeddable":true,"href":"https:\/\/miradordeatarfe.es\/index.php?rest_route=%2Fwp%2Fv2%2Fcomments&post=65264"}],"version-history":[{"count":1,"href":"https:\/\/miradordeatarfe.es\/index.php?rest_route=\/wp\/v2\/posts\/65264\/revisions"}],"predecessor-version":[{"id":65267,"href":"https:\/\/miradordeatarfe.es\/index.php?rest_route=\/wp\/v2\/posts\/65264\/revisions\/65267"}],"wp:featuredmedia":[{"embeddable":true,"href":"https:\/\/miradordeatarfe.es\/index.php?rest_route=\/wp\/v2\/media\/65266"}],"wp:attachment":[{"href":"https:\/\/miradordeatarfe.es\/index.php?rest_route=%2Fwp%2Fv2%2Fmedia&parent=65264"}],"wp:term":[{"taxonomy":"category","embeddable":true,"href":"https:\/\/miradordeatarfe.es\/index.php?rest_route=%2Fwp%2Fv2%2Fcategories&post=65264"},{"taxonomy":"post_tag","embeddable":true,"href":"https:\/\/miradordeatarfe.es\/index.php?rest_route=%2Fwp%2Fv2%2Ftags&post=65264"}],"curies":[{"name":"wp","href":"https:\/\/api.w.org\/{rel}","templated":true}]}}