{"id":65268,"date":"2023-11-28T11:01:11","date_gmt":"2023-11-28T10:01:11","guid":{"rendered":"https:\/\/miradordeatarfe.es\/?p=65268"},"modified":"2023-11-27T13:12:20","modified_gmt":"2023-11-27T12:12:20","slug":"victoria-sobre-la-bocina-del-atarfe-ante-el-colista-3-2","status":"publish","type":"post","link":"https:\/\/miradordeatarfe.es\/?p=65268","title":{"rendered":"Victoria sobre la bocina del Atarfe ante el colista, 3-2"},"content":{"rendered":"<h3 style=\"text-align: justify;\">Los atarfe\u00f1os derrotaron al Berja con un gol del juvenil Adam en el a\u00f1adido<\/h3>\n<p style=\"text-align: justify;\">Triunfo ag\u00f3nico del equipo dirigido por Johny Prieto con gol del juvenil Adam en el a\u00f1adido ante un Berja que no demostr\u00f3 en el Municipal la posici\u00f3n que ocupa en la tabla clasificatoria.\u00a0<\/p>\n<p style=\"text-align: justify;\">Fue el equipo local el que llev\u00f3 la iniciativa en unos buenos quince primer minutos fue capaz de adelantarse pronto en el marcador cuando a los cinco minutos una acci\u00f3n individual del juvenil Emilio finaliz\u00f3 con un pase desde la l\u00ednea de fondo que aprovech\u00f3 entrando en racha Cristian para hacer el 1-0. Un minuto antes el mismo Cristian dio el primer aviso del partido. Acto seguido al gol, Toni Iglesias remat\u00f3 en plancha una falta lateral que Fran envi\u00f3 a c\u00f3rner. El propio Toni volvi\u00f3 a rematar muy cruzado en la que fue la \u00faltima ocasi\u00f3n de los verdiblancos. El Berja empez\u00f3 a transformarse y ll\u00e9velo peso del partido con criterio, pero con poca profundidad, s\u00f3lo con disparos lejanos trat\u00f3 de poner cerco a la porter\u00eda de V\u00edctor. Esto impidi\u00f3 que el marcador no se moviese y se llegase al descanso con el 1-0.<\/p>\n<p style=\"text-align: justify;\">No pudo empezar mejor la segunda parte, cuando en el primer minuto el Atarfe tuvo su primera llegada y de nuevo Cristian bati\u00f3 al meta almeriense tras recibir un pase interior de Zarcos y en el que quiz\u00e1s Fran pudo hacer algo m\u00e1s. Un jarro de agua fr\u00eda para los visitantes que pudo ser definitivo pero el partido volvi\u00f3 a las andadas con otro momento de relax de los locales que volvio6a aprovechar el Berja esta vez para hacer el 2-1, cuando Antonio remat\u00f3 un centro desde la izquierda sin oposici\u00f3n y llev\u00f3 la incertidumbre al terreno de juego y a las gradas. El Berja estuvo m\u00e1s crecido y sin crear demasiado peligro fue creyendo en sus opciones. Fue en el minuto 80 cuando Samuel desde 25 metros se sac\u00f3 un zapatazo que primero toc\u00f3 en el larguero para alojarse en la meta de V\u00edctor y dejar sorprendidos a todos los presentes con este golazo y convertir el 2-2. Justo cuando el cron\u00f3metro alcanz\u00f3 el primer minuto del a\u00f1adido, la presi\u00f3n de Juanma en un saque de banda tuvo un efecto providencia, el bal\u00f3n le llevo6a Desting que esper\u00f3 el momento oportuno para el desmarque del juvenil Adam, que de manera sutil aprovech\u00f3 ese fenomenal servicio para empujar a la red el definitivo 3-2 que llev\u00f3 la alegr\u00eda a la grada por sumar tres puntos.\u00a0<\/p>\n<p style=\"text-align: justify;\"><strong>ATARFE INDUSTRIAL:<\/strong> V\u00edctor Jim\u00e9nez, Paco (Rub\u00e9n, m. 78&#8242;), Sierra, Marfil, \u00d3scar, Adri Vegas (Zarcos, m. 13&#8242;), Casares, Sanna (Adam, m. 67), Toni (Juanma, m. 57), Cristian y Emilio (Desting, m. 57&#8242;)<\/p>\n<p style=\"text-align: justify;\"><strong>BERJA C.F.: <\/strong>Fran, Sagna, Samuel, Jes\u00fas (Adunay, m. 93), Barijho, Rom\u00e1n (Na\u00edm, m. 68&#8242;), Ilias, Gnangoro (Carlos, m. 94&#8242;), Manu, Nacho y Alercio (Jose Antonio, m. 89&#8242;).<\/p>\n<p style=\"text-align: justify;\"><strong>GOLES<\/strong> : 1-0, m. 4,\u00a0 Cristian; 2-0, m. 46,\u00a0 Cristian; 2-1, m. 62,\u00a0 Alercio; 2-2,, m. 80,\u00a0 Samuel; 3-2, m. 91,\u00a0 Adam;<\/p>\n<p style=\"text-align: justify;\"><strong>\u00c1RBITRO<\/strong>: Palacios Quero, Javier (Ja\u00e9n). Amonest\u00f3 por los locales a Jonny, \u00d3scar, Sierra, Sanna y por los visitantes a Rom\u00e1n.<\/p>\n<p style=\"text-align: justify;\"><strong>INCIDENCIAS<\/strong>: Encuentro de la jornada 11\u00aa en Divisi\u00f3n de Honor en el MUNICIPAL de\u00a0 Atarfe ante 150 aficionados.\u00a0<\/p>\n<h3 style=\"text-align: justify;\"><strong>JES\u00daS ROSILLO<\/strong><\/h3>\n<p style=\"text-align: justify;\">FOTO: <i>El Atarfe Industrial consigui\u00f3 un importante triunfo ante el Berja (JOS\u00c9 M. BALDOMERO)<\/i><\/p>\n<p style=\"text-align: justify;\">https:\/\/www.granadaenjuego.com\/atarfe-industrial-\/victoria-sobre-la-bocina-del-atarfe-ante-el-colista&#8211;3-2<\/p>\n","protected":false},"excerpt":{"rendered":"<p>Los atarfe\u00f1os derrotaron al Berja con un gol del juvenil Adam en el a\u00f1adido Triunfo&#8230;<\/p>\n","protected":false},"author":1,"featured_media":65269,"comment_status":"closed","ping_status":"closed","sticky":false,"template":"","format":"standard","meta":{"_coblocks_attr":"","_coblocks_dimensions":"","_coblocks_responsive_height":"","_coblocks_accordion_ie_support":"","jetpack_post_was_ever_published":false,"_jetpack_newsletter_access":"","_jetpack_dont_email_post_to_subs":false,"_jetpack_newsletter_tier_id":0,"_jetpack_memberships_contains_paywalled_content":false,"_jetpack_memberships_contains_paid_content":false,"footnotes":"","jetpack_publicize_message":"","jetpack_publicize_feature_enabled":true,"jetpack_social_post_already_shared":true,"jetpack_social_options":{"image_generator_settings":{"template":"highway","default_image_id":0,"enabled":false},"version":2}},"categories":[2,1161,182,44],"tags":[],"class_list":["post-65268","post","type-post","status-publish","format-standard","has-post-thumbnail","hentry","category-atarfe","category-ciudadania","category-deportes","category-noticias-de-hoy"],"jetpack_publicize_connections":[],"jetpack_featured_media_url":"https:\/\/i0.wp.com\/miradordeatarfe.es\/wp-content\/uploads\/2023\/11\/imagen54383_0_original.jpg?fit=665%2C443&ssl=1","jetpack_likes_enabled":true,"jetpack_sharing_enabled":true,"_links":{"self":[{"href":"https:\/\/miradordeatarfe.es\/index.php?rest_route=\/wp\/v2\/posts\/65268","targetHints":{"allow":["GET"]}}],"collection":[{"href":"https:\/\/miradordeatarfe.es\/index.php?rest_route=\/wp\/v2\/posts"}],"about":[{"href":"https:\/\/miradordeatarfe.es\/index.php?rest_route=\/wp\/v2\/types\/post"}],"author":[{"embeddable":true,"href":"https:\/\/miradordeatarfe.es\/index.php?rest_route=\/wp\/v2\/users\/1"}],"replies":[{"embeddable":true,"href":"https:\/\/miradordeatarfe.es\/index.php?rest_route=%2Fwp%2Fv2%2Fcomments&post=65268"}],"version-history":[{"count":2,"href":"https:\/\/miradordeatarfe.es\/index.php?rest_route=\/wp\/v2\/posts\/65268\/revisions"}],"predecessor-version":[{"id":65271,"href":"https:\/\/miradordeatarfe.es\/index.php?rest_route=\/wp\/v2\/posts\/65268\/revisions\/65271"}],"wp:featuredmedia":[{"embeddable":true,"href":"https:\/\/miradordeatarfe.es\/index.php?rest_route=\/wp\/v2\/media\/65269"}],"wp:attachment":[{"href":"https:\/\/miradordeatarfe.es\/index.php?rest_route=%2Fwp%2Fv2%2Fmedia&parent=65268"}],"wp:term":[{"taxonomy":"category","embeddable":true,"href":"https:\/\/miradordeatarfe.es\/index.php?rest_route=%2Fwp%2Fv2%2Fcategories&post=65268"},{"taxonomy":"post_tag","embeddable":true,"href":"https:\/\/miradordeatarfe.es\/index.php?rest_route=%2Fwp%2Fv2%2Ftags&post=65268"}],"curies":[{"name":"wp","href":"https:\/\/api.w.org\/{rel}","templated":true}]}}