{"id":65282,"date":"2023-11-29T10:28:06","date_gmt":"2023-11-29T09:28:06","guid":{"rendered":"https:\/\/miradordeatarfe.es\/?p=65282"},"modified":"2023-11-29T13:31:11","modified_gmt":"2023-11-29T12:31:11","slug":"atarfe-un-muerto-y-un-herido-grave-tras-una-colision-entre-un-coche-y-un-camion","status":"publish","type":"post","link":"https:\/\/miradordeatarfe.es\/?p=65282","title":{"rendered":"ATARFE: Un muerto y un herido grave tras una colisi\u00f3n entre un coche y un cami\u00f3n"},"content":{"rendered":"<article class=\"v-a v-a--d v-a--d-bs v-a--p-b\">\n<div class=\"v-a-img-c v-a-img-c--fw-xs\">\n<figure class=\"v-a-fig\"><figcaption class=\"v-fc\">\n<h3>Nuestro vecino Seraf\u00edn Garc\u00eda Carrasco es el fallecido en este accidente<\/h3>\n<p class=\"v-p\" style=\"text-align: justify;\">Un accidente entre un cami\u00f3n frigor\u00edfico de reparto y un turismo se ha saldado con una persona muerta y otra herida muy grave. Los hechos han tenido lugar pasadas las 8.30 horas de este lunes en la carretera de C\u00f3rdoba, a la altura de Sierra Elvira, en el municipio de Atarfe.<\/p>\n<p class=\"v-p\" style=\"text-align: justify;\">Bomberos de Granada han tenido que intervenir para rescatar al conductor del coche implicado en el accidente, que ha quedado atrapado en el veh\u00edculo tras la colisi\u00f3n. Desde el servicio de emergencias 112 se\u00f1alaron en primera instancia que el conductor del cami\u00f3n de congelados hab\u00eda resultado herido y el del turismo, que qued\u00f3 insconsciente, estaba grave, pero finalmente se ha confirmado su fallecimiento.<\/p>\n<p class=\"v-p\" style=\"text-align: justify;\">Fuentes sanitarias se\u00f1alan que el conductor herido, un hombre de 42 a\u00f1os, se encuentra en observaci\u00f3n en el servicio de Urgencias del Hospital de Neurotraumatolog\u00eda de Granada. Las mismas fuentes confirman que se le est\u00e1n practicando pruebas pero que se encuentra estable.<\/p>\n<div class=\"v-c-cmp \" style=\"text-align: justify;\">\n<div class=\"v-d-cmp-m\">\n<article class=\"v-a v-a--cmp-m \">\n<div class=\"v-a-img-c v-a-img-c--fw-xs\">\n<figure class=\"v-a-fig\"><img data-recalc-dims=\"1\" loading=\"lazy\" decoding=\"async\" class=\"v-a-img lzld\" src=\"https:\/\/i0.wp.com\/s3.ppllstatics.com\/ideal\/www\/multimedia\/2023\/11\/27\/accidente-atarfe-U190631671717AjD--650x455%40Ideal.jpg?resize=640%2C448&#038;ssl=1\" alt=\"Estado en el que ha quedado el coche en el que viajaba el fallecido\" width=\"640\" height=\"448\" data-voc-vtm-id=\"in-text-traffic\" \/><\/figure>\n<\/div>\n<\/article>\n<\/div>\n<\/div>\n<\/figcaption><figcaption class=\"v-fc\"><span class=\"v-fc__text\"> Estado en el que ha quedado el coche en el que viajaba el fallecido <\/span> <span class=\"v-fc__ath\"> 061 <\/span><\/figcaption><\/figure>\n<\/div>\n<\/article>\n<p class=\"v-p\" style=\"text-align: justify;\">Adem\u00e1s de los bomberos, se han desplazado efectivos de la Guardia Civil de Tr\u00e1fico, mantenimiento de carreteras y funcionarios de la Inspecci\u00f3n de Trabajo y de la Oficina de Prevenci\u00f3n de Riesgos Laborales, ya que en el accidente hay involucrado un profesional del sector del reparto en veh\u00edculo de empresa.<\/p>\n<p class=\"v-p\" style=\"text-align: justify;\">El siniestro se ha registrado en al N-432, a la altura de kil\u00f3metro 424 sentido Granada, en el t\u00e9rmino municipal de Atarfe. La localidad metropolitana ya registr\u00f3 otro suceso relacionado con el tr\u00e1fico de madrugada en la A-92, cuando un cami\u00f3n de reparto sali\u00f3 ardiendo en mitad de la autov\u00eda.<\/p>\n<p><span class=\"v-fc__text\"><br \/>\n<a href=\"https:\/\/www.ideal.es\/autor\/camilo-alvarez-407.html\"><strong>Camilo \u00c1lvarez<\/strong><\/a><\/span><\/p>\n<p>FOTO:Bomberos de Granada intervienen en el lugar del suceso. <span class=\"v-fc__ath\">Bomberos<\/span><\/p>\n<div class=\"v-a-info-c \">https:\/\/www.ideal.es\/granada\/area-metropolitana\/herido-grave-tras-colision-coche-camion-atarfe-20231127101948-nt.html<\/div>\n<div class=\"v-d v-d--ab-c v-d--bs\">\n<div class=\"v-mdl-ath \" data-voc-component=\"viewport-not-visible\">\n<div class=\"v-mdl-ath__c v-mdl-ath__c--1\">\n<div class=\"v-mdl-ath__img-c\">\u00a0<\/div>\n<div class=\"v-mdl-ath__inf\">\n<p class=\"v-mdl-ath__p v-mdl-ath__p--2\">\u00a0<\/p>\n<\/div>\n<\/div>\n<\/div>\n<\/div>\n","protected":false},"excerpt":{"rendered":"<p>Nuestro vecino Seraf\u00edn Garc\u00eda Carrasco es el fallecido en este accidente Un accidente entre un&#8230;<\/p>\n","protected":false},"author":1,"featured_media":65284,"comment_status":"closed","ping_status":"closed","sticky":false,"template":"","format":"standard","meta":{"_coblocks_attr":"","_coblocks_dimensions":"","_coblocks_responsive_height":"","_coblocks_accordion_ie_support":"","jetpack_post_was_ever_published":false,"_jetpack_newsletter_access":"","_jetpack_dont_email_post_to_subs":false,"_jetpack_newsletter_tier_id":0,"_jetpack_memberships_contains_paywalled_content":false,"_jetpack_memberships_contains_paid_content":false,"footnotes":"","jetpack_publicize_message":"","jetpack_publicize_feature_enabled":true,"jetpack_social_post_already_shared":true,"jetpack_social_options":{"image_generator_settings":{"template":"highway","default_image_id":0,"enabled":false},"version":2}},"categories":[2,44,6937],"tags":[],"class_list":["post-65282","post","type-post","status-publish","format-standard","has-post-thumbnail","hentry","category-atarfe","category-noticias-de-hoy","category-sociedad"],"jetpack_publicize_connections":[],"jetpack_featured_media_url":"https:\/\/i0.wp.com\/miradordeatarfe.es\/wp-content\/uploads\/2023\/11\/accidente-mortal-granada.webp?fit=2000%2C1500&ssl=1","jetpack_likes_enabled":true,"jetpack_sharing_enabled":true,"_links":{"self":[{"href":"https:\/\/miradordeatarfe.es\/index.php?rest_route=\/wp\/v2\/posts\/65282","targetHints":{"allow":["GET"]}}],"collection":[{"href":"https:\/\/miradordeatarfe.es\/index.php?rest_route=\/wp\/v2\/posts"}],"about":[{"href":"https:\/\/miradordeatarfe.es\/index.php?rest_route=\/wp\/v2\/types\/post"}],"author":[{"embeddable":true,"href":"https:\/\/miradordeatarfe.es\/index.php?rest_route=\/wp\/v2\/users\/1"}],"replies":[{"embeddable":true,"href":"https:\/\/miradordeatarfe.es\/index.php?rest_route=%2Fwp%2Fv2%2Fcomments&post=65282"}],"version-history":[{"count":5,"href":"https:\/\/miradordeatarfe.es\/index.php?rest_route=\/wp\/v2\/posts\/65282\/revisions"}],"predecessor-version":[{"id":65380,"href":"https:\/\/miradordeatarfe.es\/index.php?rest_route=\/wp\/v2\/posts\/65282\/revisions\/65380"}],"wp:featuredmedia":[{"embeddable":true,"href":"https:\/\/miradordeatarfe.es\/index.php?rest_route=\/wp\/v2\/media\/65284"}],"wp:attachment":[{"href":"https:\/\/miradordeatarfe.es\/index.php?rest_route=%2Fwp%2Fv2%2Fmedia&parent=65282"}],"wp:term":[{"taxonomy":"category","embeddable":true,"href":"https:\/\/miradordeatarfe.es\/index.php?rest_route=%2Fwp%2Fv2%2Fcategories&post=65282"},{"taxonomy":"post_tag","embeddable":true,"href":"https:\/\/miradordeatarfe.es\/index.php?rest_route=%2Fwp%2Fv2%2Ftags&post=65282"}],"curies":[{"name":"wp","href":"https:\/\/api.w.org\/{rel}","templated":true}]}}