{"id":65294,"date":"2023-11-30T11:17:00","date_gmt":"2023-11-30T10:17:00","guid":{"rendered":"https:\/\/miradordeatarfe.es\/?p=65294"},"modified":"2023-11-29T11:17:35","modified_gmt":"2023-11-29T10:17:35","slug":"atarfe-quiere-mayor-seguridad-ciudadana","status":"publish","type":"post","link":"https:\/\/miradordeatarfe.es\/?p=65294","title":{"rendered":"ATARFE QUIERE MAYOR SEGURIDAD CIUDADANA"},"content":{"rendered":"<div class=\"x11i5rnm xat24cr x1mh8g0r x1vvkbs xtlvy1s x126k92a\">\n<h3 dir=\"auto\">El Ayuntamiento de Atarfe\u00a0 sigue trabajando para cumplir el compromiso de velar por la seguridad de todos los Atarfe\u00f1os y Atarfe\u00f1as.<\/h3>\n<div dir=\"auto\">Por ello, se han incorporado 5 nuevas c\u00e1maras en los anejos de Sierra Elvira y Caparacena, as\u00ed como en\u00a0 urbanizaciones Llanos De Silva y Se\u00f1or\u00edo del Cubillas.<\/div>\n<\/div>\n<div class=\"x11i5rnm xat24cr x1mh8g0r x1vvkbs xtlvy1s x126k92a\">\n<div dir=\"auto\">Se trata de trabajar juntos por un entorno m\u00e1s seguro.\u00a0 El Ayuntamiento de Atarfe quiere contar con la colaboraci\u00f3n para hacer de Atarfe un lugar cada vez m\u00e1s protegido!<\/div>\n<\/div>\n<p><strong>\u00bfQu\u00e9 ocurre con las c\u00e1maras en la calle?<\/strong><\/p>\n<p>\u00bf<strong>Puede un ayuntamiento colocar c\u00e1maras de vigilancia exterior<\/strong>? \u00bfO <strong>puede un ayuntamiento colocar c\u00e1maras de vigilancia a la pared<\/strong>, por ejemplo, sobre las puertas de acceso? \u00bfY en la v\u00eda p\u00fablica, es decir, en las calles, plazas y barrios del municipio?<\/p>\n<p>La respuesta para cualquiera de estas preguntas es la misma que ya dimos para la instalaci\u00f3n de c\u00e1maras en espacios p\u00fablicos; poner c\u00e1maras de vigilancia en la calle requiere cumplir con lo establecido en la Ley 4\/1997 y el Real Decreto 596\/1999, es decir, <strong>hay que pedir autorizaci\u00f3n previa al Delegado del Gobierno.<\/strong> Adem\u00e1s, hay que t<strong>ener en cuenta la legislaci\u00f3n auton\u00f3mica,<\/strong> que en muchos casos no permite la instalaci\u00f3n de c\u00e1maras en la v\u00eda p\u00fablica, si la localidad no cuenta con un cuerpo de Polic\u00eda Local.<\/p>\n<p>Cabe recordar que la instalaci\u00f3n de c\u00e1maras de vigilancia en la v\u00eda p\u00fablica compete \u00fanicamente a las Fuerzas y Cuerpos de Seguridad del Estado. Y que para la instalaci\u00f3n de estas c\u00e1maras se deben tener en cuenta el principio de proporcionalidad y los criterios de intervenci\u00f3n m\u00ednima e idoneidad, es decir, que las c\u00e1maras sean el medio m\u00e1s adecuado para conseguir el fin perseguido (mantener la seguridad ciudadana), ponder\u00e1ndolo siempre frente al derecho al honor, a la propia imagen y la intimidad de las personas.<\/p>\n<p>Estas c\u00e1maras no podr\u00e1n, en ning\u00fan caso, grabar el interior de viviendas, ni espacios privados, ni en aquellos lugares p\u00fablicos en los que se afecte de forma directa y grave a la intimidad de las personas. La captaci\u00f3n de audio queda prohibida, salvo que lo autorice una orden judicial.<\/p>\n<p><iframe loading=\"lazy\" title=\"\ud83d\udee1\ufe0f Nuestro Compromiso: La Seguridad en Atarfe \ud83d\udee1\ufe0f\" width=\"540\" height=\"960\" src=\"https:\/\/www.youtube.com\/embed\/ioPVVQGDe-w?feature=oembed\" frameborder=\"0\" allow=\"accelerometer; autoplay; clipboard-write; encrypted-media; gyroscope; picture-in-picture; web-share\" referrerpolicy=\"strict-origin-when-cross-origin\" allowfullscreen><\/iframe><\/p>\n","protected":false},"excerpt":{"rendered":"<p>El Ayuntamiento de Atarfe\u00a0 sigue trabajando para cumplir el compromiso de velar por la seguridad&#8230;<\/p>\n","protected":false},"author":1,"featured_media":65327,"comment_status":"closed","ping_status":"closed","sticky":false,"template":"","format":"standard","meta":{"_coblocks_attr":"","_coblocks_dimensions":"","_coblocks_responsive_height":"","_coblocks_accordion_ie_support":"","jetpack_post_was_ever_published":false,"_jetpack_newsletter_access":"","_jetpack_dont_email_post_to_subs":false,"_jetpack_newsletter_tier_id":0,"_jetpack_memberships_contains_paywalled_content":false,"_jetpack_memberships_contains_paid_content":false,"footnotes":"","jetpack_publicize_message":"","jetpack_publicize_feature_enabled":true,"jetpack_social_post_already_shared":true,"jetpack_social_options":{"image_generator_settings":{"template":"highway","default_image_id":0,"enabled":false},"version":2}},"categories":[2,6916,44],"tags":[],"class_list":["post-65294","post","type-post","status-publish","format-standard","has-post-thumbnail","hentry","category-atarfe","category-ayuntamiento-de-atarfe","category-noticias-de-hoy"],"jetpack_publicize_connections":[],"jetpack_featured_media_url":"https:\/\/i0.wp.com\/miradordeatarfe.es\/wp-content\/uploads\/2023\/11\/CAMARAS.png?fit=470%2C322&ssl=1","jetpack_likes_enabled":true,"jetpack_sharing_enabled":true,"_links":{"self":[{"href":"https:\/\/miradordeatarfe.es\/index.php?rest_route=\/wp\/v2\/posts\/65294","targetHints":{"allow":["GET"]}}],"collection":[{"href":"https:\/\/miradordeatarfe.es\/index.php?rest_route=\/wp\/v2\/posts"}],"about":[{"href":"https:\/\/miradordeatarfe.es\/index.php?rest_route=\/wp\/v2\/types\/post"}],"author":[{"embeddable":true,"href":"https:\/\/miradordeatarfe.es\/index.php?rest_route=\/wp\/v2\/users\/1"}],"replies":[{"embeddable":true,"href":"https:\/\/miradordeatarfe.es\/index.php?rest_route=%2Fwp%2Fv2%2Fcomments&post=65294"}],"version-history":[{"count":2,"href":"https:\/\/miradordeatarfe.es\/index.php?rest_route=\/wp\/v2\/posts\/65294\/revisions"}],"predecessor-version":[{"id":65328,"href":"https:\/\/miradordeatarfe.es\/index.php?rest_route=\/wp\/v2\/posts\/65294\/revisions\/65328"}],"wp:featuredmedia":[{"embeddable":true,"href":"https:\/\/miradordeatarfe.es\/index.php?rest_route=\/wp\/v2\/media\/65327"}],"wp:attachment":[{"href":"https:\/\/miradordeatarfe.es\/index.php?rest_route=%2Fwp%2Fv2%2Fmedia&parent=65294"}],"wp:term":[{"taxonomy":"category","embeddable":true,"href":"https:\/\/miradordeatarfe.es\/index.php?rest_route=%2Fwp%2Fv2%2Fcategories&post=65294"},{"taxonomy":"post_tag","embeddable":true,"href":"https:\/\/miradordeatarfe.es\/index.php?rest_route=%2Fwp%2Fv2%2Ftags&post=65294"}],"curies":[{"name":"wp","href":"https:\/\/api.w.org\/{rel}","templated":true}]}}