{"id":6534,"date":"2016-02-09T09:00:18","date_gmt":"2016-02-09T09:00:18","guid":{"rendered":"http:\/\/miradordeatarfe.es\/?p=6534"},"modified":"2016-02-09T09:05:48","modified_gmt":"2016-02-09T09:05:48","slug":"nuestra-historia-carnavalesca-en-atarfe-por-jose-enrique-granados","status":"publish","type":"post","link":"https:\/\/miradordeatarfe.es\/?p=6534","title":{"rendered":"\u00abNuestra historia carnavalesca en Atarfe\u00bb por Jos\u00e9 Enrique Granados"},"content":{"rendered":"<div class=\"_1dwg\">\n<div id=\"js_10\" class=\"_5pbx userContent\" data-ft=\"{&quot;tn&quot;:&quot;K&quot;}\">\n<div id=\"id_56b8f1bb06ac98e67403847\" class=\"text_exposed_root text_exposed\">\n<p>Por aquellos a\u00f1os exist\u00eda en nuestro pueblo una asociaci\u00f3n<span class=\"text_exposed_show\"> carnavalesca llamada \u201cComparsa Libertad\u201d. La tardanza en la construcci\u00f3n de esta infraestructura fue motivo de las letras de este grupo de atarfe\u00f1os que desafiaban la prohibici\u00f3n imperante de celebrar el carnaval.<\/span><\/p>\n<p><!--more--><\/p>\n<p>Aunque aparece en el Plan de Obras Hidr\u00e1ulicas para Riegos de 1933, la construcci\u00f3n de la presa de Cubillas no se llev\u00f3 a cabo hasta a\u00f1os despu\u00e9s, entre 1948 y 1955, bajo la direcci\u00f3n del ingeniero Francisco Abell\u00e1n, impulsada por las reiteradas peticiones de los vecinos de los pueblos de la Depresi\u00f3n de Granada. Como bien pudimos leer en la Gacetilla del otro d\u00eda, la inauguraci\u00f3n del mismo tuvo lugar en mayo de 1956.<\/p>\n<p>Por aquellos a\u00f1os exist\u00eda en nuestro pueblo una asociaci\u00f3n<span class=\"text_exposed_show\"> carnavalesca llamada \u201cComparsa Libertad\u201d. La tardanza en la construcci\u00f3n de esta infraestructura fue motivo de las letras de este grupo de atarfe\u00f1os que desafiaban la prohibici\u00f3n imperante de celebrar el carnaval. <\/span><\/p>\n<div class=\"text_exposed_show\">\n<p>Hemos podido rescatar alguna de dichas letras, las cuales reproducimos a continuaci\u00f3n:<\/p>\n<p>\u201cMadre la patria nos llama, muy pronto voy a partir, que triste ser\u00e1 vivir, lejos del ser que uno ama. Mi sangre, mi vida toda, yo la consagr\u00e9 a su amor, y la patria me la roba, sin la menor compasi\u00f3n. Mi sangre toda se inflama, al contemplar la maldad, en que nuestra sociedad, ella misma nos arroja, deshojando hoja por hoja, la flor de la LIBERTAD\u201d.<\/p>\n<p>\u201cAnoche so\u00f1aba toda, la comparsa LIBERTAD, que el pantano del Cubillas, concluido estaba ya. Corr\u00eda agua abundante, por los campos del trazado, y un magn\u00edfico arbolado, que daba fruto bastante, y salimos a pescar, all\u00e1 por la escalerilla, y pudimos atrapar, cangrejos, peces y anguilas y lavaba una chiquilla al lado de un matorral\u201d.<\/p>\n<p>La fotograf\u00eda est\u00e1 tambi\u00e9n datada en los a\u00f1os cincuenta-sesenta del siglo pasado. En ella contemplamos a un grupo de personas celebrando las carnestolendas.<\/p>\n<p>Curiosidades elvirenses.<\/p>\n<\/div>\n<\/div>\n<div class=\"_5wpt\"><\/div>\n<\/div>\n<div class=\"_3x-2\">\n<div data-ft=\"{&quot;tn&quot;:&quot;H&quot;}\">\n<div class=\"mtm\">\n<div class=\"_5cq3\" data-ft=\"{&quot;tn&quot;:&quot;E&quot;}\">\n<div id=\"u_jsonp_2_x\" class=\"uiScaledImageContainer _4-ep\"><img loading=\"lazy\" decoding=\"async\" class=\"scaledImageFitWidth img\" src=\"https:\/\/scontent-mad1-1.xx.fbcdn.net\/hphotos-xta1\/v\/t1.0-0\/s480x480\/12651173_953289841423698_4802722478386764865_n.jpg?oh=020d4271293de4acf12ab149b8740480&amp;oe=572720D9\" alt=\"Foto de Gacetilla y curiosidades elvirenses.\" width=\"470\" height=\"352\" \/><\/div>\n<\/div>\n<\/div>\n<h2 class=\"uiScaledImageContainer _4-ep\"><\/h2>\n<h2 class=\"uiScaledImageContainer _4-ep\"><strong>ALGUNA LETRA<\/strong><\/h2>\n<div class=\"uiScaledImageContainer _4-ep\"><\/div>\n<\/div>\n<\/div>\n<\/div>\n<div id=\"u_jsonp_2_b\" class=\"_4-u2 mbm _5jmm _5pat _5v3q _4-u8\" data-ft=\"{&quot;top_level_post_id&quot;:&quot;953289148090434&quot;,&quot;tl_objid&quot;:&quot;953289148090434&quot;,&quot;fbfeed_location&quot;:36}\" data-time=\"1454848200\">\n<div id=\"u_jsonp_2_k\" class=\"_3ccb\" data-gt=\"{&quot;type&quot;:&quot;click2canvas&quot;,&quot;fbsource&quot;:703,&quot;ref&quot;:&quot;nf_generic&quot;}\">\n<div class=\"userContentWrapper _5pcr\">\n<div class=\"_1dwg\">\n<div id=\"js_14\" class=\"_5pbx userContent\" data-ft=\"{&quot;tn&quot;:&quot;K&quot;}\">\n<div id=\"id_56b8f1bb06ddf9439500958\" class=\"text_exposed_root text_exposed\">\n<p>Hoy reproducimos una de las letras que entonaron aquellas gargantas hace ya 33 a\u00f1os de La comparsa \u201cLa \u00danica\u201d dirigida por Pepe El Lechero en el carnaval de 1983, . La fotograf\u00eda aunque no de mucha calidad, denota alegr\u00eda y satisfacci\u00f3n. Est\u00e1 realizada en la plaza del Dr. Prados Picazo.<br \/>\nNi\u00f1as de Atarfe<\/p>\n<p>En este pueblo de Atarfe\/ pueblo de categor\u00eda \/ hay unas ni\u00f1as \u201cmu\u201d guapas\/ y todas \u201cmu\u201d presum\u00edas.<br \/>\nLlevan \u201cmu \u201cg\u00fcenos\u201d vest\u00edos\/ y lo llevan con esmero<span class=\"text_exposed_show\">\/ y parecen palomitas\/ que van a arrancar el vuelo.<br \/>\nS\u00f3lo piensan en los chicos\/ y los chicos no las quieren\/ por esos est\u00e1n todos m\u00e1s fr\u00edos\/ que los cubitos de nieve.<br \/>\nUna ni\u00f1a muy bonita\/ llorando a m\u00ed me dec\u00eda\/ quiero que me salga un novio\/ que me tenga \u201centreten\u00eda\u201d.<br \/>\nPorque estoy desesperada\/ y no s\u00e9 ni lo que hago\/ y me voy a Holiday, \u00a1a ver si me parte un rayo!.<br \/>\nLa otra ma\u00f1ana se\u00f1ores\/ en la valla de Santana\/ me encontr\u00e9 a una parejita\/ y a las doce la ma\u00f1ana.<br \/>\nSe besaban fuertemente\/ cogidos de la cintura\/ y a los poquitos momentos\/ ya ten\u00edan calentura.<br \/>\nSe pusieron muy nerviosos\/ y no sab\u00edan lo que hacer\/ y el muchacho le mord\u00eda\/ de la cabeza a los pies.<br \/>\nAnduvieron \u201cmu\u201d lentamente\u201d\/ los dos de aquella manera\/ y la ni\u00f1a le dec\u00eda\/ \u201cque te abro la cremallera\u201d.<br \/>\nLa ni\u00f1a que era atrevida\/ y la cremallera abri\u00f3\/ se encontr\u00f3 con un cipote\/ que parec\u00eda un salchich\u00f3n.<br \/>\nMadres que teng\u00e1is hijas\/ os damos un consejo\/ que las teng\u00e1is sujeticas\/ \u201cque les cogen el conejo\u201d.<br \/>\nPorque eso est\u00e1 de moda\/ y \u201cextendi\u00f3 \u201cpor \u201ctos\u201d los \u201claos\u201d\/ cuando pasa poco tiempo\/ ya se ven los \u201cresultaos\u201d.<\/span><\/p>\n<div class=\"text_exposed_show\">\n<p>Curiosidades elvirenses.<\/p>\n<\/div>\n<\/div>\n<div class=\"_5wpt\"><\/div>\n<\/div>\n<div class=\"_3x-2\">\n<div data-ft=\"{&quot;tn&quot;:&quot;H&quot;}\">\n<div class=\"mtm\">\n<div class=\"_5cq3\" data-ft=\"{&quot;tn&quot;:&quot;E&quot;}\">\n<div id=\"u_jsonp_2_u\" class=\"uiScaledImageContainer _4-ep\"><img loading=\"lazy\" decoding=\"async\" class=\"scaledImageFitWidth img\" src=\"https:\/\/scontent-mad1-1.xx.fbcdn.net\/hphotos-xpt1\/v\/t1.0-9\/s851x315\/12644777_953289148090434_8728910070784690657_n.jpg?oh=c4ac1317203c277053846f3c329b5ac4&amp;oe=576B96F2\" alt=\"Foto de Gacetilla y curiosidades elvirenses.\" width=\"470\" height=\"311\" \/><\/div>\n<\/div>\n<\/div>\n<\/div>\n<\/div>\n<\/div>\n<\/div>\n<\/div>\n<\/div>\n","protected":false},"excerpt":{"rendered":"<p>Por aquellos a\u00f1os exist\u00eda en nuestro pueblo una asociaci\u00f3n carnavalesca llamada \u201cComparsa Libertad\u201d. La tardanza&#8230;<\/p>\n","protected":false},"author":1,"featured_media":6536,"comment_status":"closed","ping_status":"closed","sticky":false,"template":"","format":"standard","meta":{"_coblocks_attr":"","_coblocks_dimensions":"","_coblocks_responsive_height":"","_coblocks_accordion_ie_support":"","jetpack_post_was_ever_published":false,"_jetpack_newsletter_access":"","_jetpack_dont_email_post_to_subs":false,"_jetpack_newsletter_tier_id":0,"_jetpack_memberships_contains_paywalled_content":false,"_jetpack_memberships_contains_paid_content":false,"footnotes":"","jetpack_publicize_message":"","jetpack_publicize_feature_enabled":true,"jetpack_social_post_already_shared":false,"jetpack_social_options":{"image_generator_settings":{"template":"highway","default_image_id":0,"enabled":false},"version":2}},"categories":[2,12,1225,38,44,15],"tags":[81,2135,1125],"class_list":["post-6534","post","type-post","status-publish","format-standard","has-post-thumbnail","hentry","category-atarfe","category-cultura","category-ha-de-atarfe","category-opinion-de-jose-enrique-granados","category-noticias-de-hoy","category-ultimas-noticias","tag-atarfe","tag-carnaval","tag-historia"],"jetpack_publicize_connections":[],"jetpack_featured_media_url":"https:\/\/i0.wp.com\/miradordeatarfe.es\/wp-content\/uploads\/2016\/02\/12548956_950003221752360_4413769142254711848_n.jpg?fit=960%2C662&ssl=1","jetpack_likes_enabled":true,"jetpack_sharing_enabled":true,"_links":{"self":[{"href":"https:\/\/miradordeatarfe.es\/index.php?rest_route=\/wp\/v2\/posts\/6534","targetHints":{"allow":["GET"]}}],"collection":[{"href":"https:\/\/miradordeatarfe.es\/index.php?rest_route=\/wp\/v2\/posts"}],"about":[{"href":"https:\/\/miradordeatarfe.es\/index.php?rest_route=\/wp\/v2\/types\/post"}],"author":[{"embeddable":true,"href":"https:\/\/miradordeatarfe.es\/index.php?rest_route=\/wp\/v2\/users\/1"}],"replies":[{"embeddable":true,"href":"https:\/\/miradordeatarfe.es\/index.php?rest_route=%2Fwp%2Fv2%2Fcomments&post=6534"}],"version-history":[{"count":1,"href":"https:\/\/miradordeatarfe.es\/index.php?rest_route=\/wp\/v2\/posts\/6534\/revisions"}],"predecessor-version":[{"id":6535,"href":"https:\/\/miradordeatarfe.es\/index.php?rest_route=\/wp\/v2\/posts\/6534\/revisions\/6535"}],"wp:featuredmedia":[{"embeddable":true,"href":"https:\/\/miradordeatarfe.es\/index.php?rest_route=\/wp\/v2\/media\/6536"}],"wp:attachment":[{"href":"https:\/\/miradordeatarfe.es\/index.php?rest_route=%2Fwp%2Fv2%2Fmedia&parent=6534"}],"wp:term":[{"taxonomy":"category","embeddable":true,"href":"https:\/\/miradordeatarfe.es\/index.php?rest_route=%2Fwp%2Fv2%2Fcategories&post=6534"},{"taxonomy":"post_tag","embeddable":true,"href":"https:\/\/miradordeatarfe.es\/index.php?rest_route=%2Fwp%2Fv2%2Ftags&post=6534"}],"curies":[{"name":"wp","href":"https:\/\/api.w.org\/{rel}","templated":true}]}}