{"id":65343,"date":"2023-12-01T09:43:15","date_gmt":"2023-12-01T08:43:15","guid":{"rendered":"https:\/\/miradordeatarfe.es\/?p=65343"},"modified":"2023-11-30T14:12:34","modified_gmt":"2023-11-30T13:12:34","slug":"los-pueblos-metropolitanos-de-granada-recibiran-56-millones-de-euros-mas-en-los-planes-de-obras-y-servicios-24-27","status":"publish","type":"post","link":"https:\/\/miradordeatarfe.es\/?p=65343","title":{"rendered":"Los pueblos metropolitanos de Granada recibir\u00e1n 5,6 millones de euros m\u00e1s en los Planes de Obras y Servicios 24\/27"},"content":{"rendered":"<h3 style=\"text-align: justify;\">Diputaci\u00f3n de Granada incrementa un 71% la partida para desarrollar proyectos en las 32 localidades de la comarca<\/h3>\n<p style=\"text-align: justify;\">El cambio de bianual a un mandato al compleno del P<strong>lan Provincial de Cooperaci\u00f3n a las Obras y Servicios de Competencia Municipal (Ppoys)<\/strong> de la <strong>Diputaci\u00f3n de Granada <\/strong>provocar\u00e1n un incremento de 5,6 millones de euros en el cuatrienio que va de 2024 a 2027 en los 32 pueblos del <strong>\u00c1rea Metropolitana.<\/strong><\/p>\n<p style=\"text-align: justify;\">En este periodo los municipios del Cintur\u00f3n recibir\u00e1n 13,45 millones de euros en total por los 7,83 millones de euros que percibieron con la anterior f\u00f3rmula, seg\u00fan los datos de la instituci\u00f3n provincial consultados por <strong><a href=\"http:\/\/www.ahoragranada.com\" target=\"_blank\" rel=\"noreferrer noopener\">ahoraGranada<\/a><\/strong>.<\/p>\n<p style=\"text-align: justify;\">La instituci\u00f3n ha querido hacer \u00abuna apuesta importante\u00bb para los proyectos que pueden desarrollar todos los ayuntamientos, incluyendo aquellos de m\u00e1s de 20.000 habitantes, que en el caso de la comarca m\u00e1s poblada de la provincia repercute en<strong> Armilla, Maracena o Las Gab<\/strong>ias, aunque a las puertas tambi\u00e9n est\u00e1n otros como<strong> La Zubia o Albolote.<\/strong><\/p>\n<p style=\"text-align: justify;\">El presidente de la Diputaci\u00f3n, Francis Rodr\u00edguez, destac\u00f3 hace una semana en su aprobaci\u00f3n que estos Ppoys son los \u00abm\u00e1s ambiciosos de la historia\u00bb en la instituci\u00f3n, con una asignaci\u00f3n econ\u00f3mica que aumenta un 71% en comparaci\u00f3n con los planes del periodo 20\/23 del anterior mandato.<\/p>\n<p style=\"text-align: justify;\">Otra de las circunstancias que tambi\u00e9n se tienen en cuenta a la hora de su confecci\u00f3n es el hecho de que <span style=\"color: #800000;\">se d\u00e9 prioridad a localidades que tienen anejos y pedan\u00edas<\/span>, situaci\u00f3n que en el caso metropolitano repercute especialmente en <strong>Albolote, Atarfe, Pinos Puente, L\u00e1char, Chauchina, Las Gabias, Santa Fe<\/strong> o <strong>Pinos Genil,<\/strong> entre otros.<\/p>\n<p style=\"text-align: justify;\">Estos Ppoys primar\u00e1n los servicios obligatorios municipales en el \u00e1mbito del Ciclo Integral del Agua, as\u00ed como el de las conexiones intermunicipales y se a\u00f1ade un plus para aquellos ayuntamientos que desarrollen proyectos que luchen contra la despoblaci\u00f3n.<\/p>\n<h3 class=\"wp-block-heading\" style=\"text-align: justify;\">Reparto por pueblos en el \u00c1rea Metropolitana<\/h3>\n<p style=\"text-align: justify;\"><span style=\"color: #800000;\">En la distribuci\u00f3n por localidades, son las m\u00e1s pobladas las que han experimentado un mayor incremento en los Ppoys del periodo 24\/27, siendo <strong>Atarfe <\/strong>el que m\u00e1s aumenta con un 162% m\u00e1s y hasta 452.505 euros<\/span>, seguido de<strong> Las Gabias<\/strong>, donde el aumento suponen 454.377 euros m\u00e1s (162%), <strong>La Zubia, <\/strong>con 413.623 euros m\u00e1s (156%) y <strong>Albolote<\/strong>, con hasta 395.295 euros, lo que supone un 144% m\u00e1s en datos relativos.<\/p>\n<p style=\"text-align: justify;\">Por encima de los 300.000 euros de incremento tambi\u00e9n est\u00e1n localidades como <strong>Maracena, Armilla o Santa Fe<\/strong>, mientras que por encima de los 200.000 euros se sit\u00faan <strong>Churriana de la Vega, Pinos Puente, Og\u00edjares, Peligros y Vegas del Genil.<\/strong><\/p>\n<p style=\"text-align: justify;\">En el caso de <strong>Hu\u00e9tor Vega<\/strong> el aumento supone 187.458 euros, un 79% m\u00e1s; al que siguen <strong>Alhend\u00edn<\/strong>, con 149.378 euros m\u00e1s (64,22%); <strong>Monachil<\/strong>, donde la cuant\u00eda que aumenta llega a los 159.840 euros (61,83%); <strong>C\u00fallar Vega,<\/strong> con 149.188 euros de aumento, lo que suponen un 57% m\u00e1s; y <strong>Cenes de la Vega<\/strong>, donde ha aumentado un 50,45% hasta llegar a los 116.000 euros.<\/p>\n<p style=\"text-align: justify;\">Tambi\u00e9n han aumentado por encima de los 100.000 euros los municipios de <strong>Otura, Alfacar y Chauchina, <\/strong>en donde la partida pasa de los 254.387 a los 361.182 euros.<\/p>\n<p style=\"text-align: justify;\">En <strong>Pulianas <\/strong>el aumento es de 98.586 euros, lo que se refleja en un 38,11% pasando de los 258.684 euros a los 357.270; mientras que en <strong>G\u00f3jar <\/strong>la subida suponen 81.441 euros m\u00e1s.<\/p>\n<p style=\"text-align: justify;\">Adem\u00e1s, en <strong>L\u00e1char <\/strong>el incremento supone un 28,99% respecto al anterior mandato, para invertir un total de 315.476 euros, en <strong>Jun <\/strong>la partida ser\u00e1 de 269.717 euros y en <strong>D\u00edlar <\/strong>se alcanzar\u00e1n los 282.074 euros al subir en 43.305 en total.<\/p>\n<p style=\"text-align: justify;\">Por \u00faltimo, en <strong>Pinos Genil<\/strong> la cuant\u00eda alcanza los 267.000 euros, en <strong>G\u00fcev\u00e9jar <\/strong>a los 244.000 y en <strong>Valderrubio <\/strong>a los 232.351 euros. <strong>V\u00edznar <\/strong>en es la localidad donde menos aumento se produce, con un 1,22% y 2.561 euros.<\/p>\n<h3 class=\"wp-block-heading\" style=\"text-align: justify;\">Reparto de los Ppoys en el \u00c1rea Metropolitana de Granada de 2024 a 2027<\/h3>\n<p style=\"text-align: justify;\"><a href=\"https:\/\/i0.wp.com\/miradordeatarfe.es\/wp-content\/uploads\/2023\/11\/Screenshot-2023-11-29-at-11-45-37-Los-pueblos-metropolitanos-de-Granada-recibiran-5-6-millones-de-euros-mas-en-los-Planes-de-Obras-y-Servicios-24_27-Ahora-Granada-1.png?ssl=1\"><img data-recalc-dims=\"1\" loading=\"lazy\" decoding=\"async\" class=\"alignnone wp-image-65345 size-full\" src=\"https:\/\/i0.wp.com\/miradordeatarfe.es\/wp-content\/uploads\/2023\/11\/Screenshot-2023-11-29-at-11-45-37-Los-pueblos-metropolitanos-de-Granada-recibiran-5-6-millones-de-euros-mas-en-los-Planes-de-Obras-y-Servicios-24_27-Ahora-Granada-1.png?resize=538%2C588&#038;ssl=1\" alt=\"\" width=\"538\" height=\"588\" srcset=\"https:\/\/i0.wp.com\/miradordeatarfe.es\/wp-content\/uploads\/2023\/11\/Screenshot-2023-11-29-at-11-45-37-Los-pueblos-metropolitanos-de-Granada-recibiran-5-6-millones-de-euros-mas-en-los-Planes-de-Obras-y-Servicios-24_27-Ahora-Granada-1.png?w=538&amp;ssl=1 538w, https:\/\/i0.wp.com\/miradordeatarfe.es\/wp-content\/uploads\/2023\/11\/Screenshot-2023-11-29-at-11-45-37-Los-pueblos-metropolitanos-de-Granada-recibiran-5-6-millones-de-euros-mas-en-los-Planes-de-Obras-y-Servicios-24_27-Ahora-Granada-1.png?resize=274%2C300&amp;ssl=1 274w\" sizes=\"auto, (max-width: 538px) 100vw, 538px\" \/><\/a><\/p>\n<p style=\"text-align: justify;\"><span class=\"section-name\"> <span class=\"autor\"><strong> Luis F. Ruiz &#8211; Noelia S. Lorca<\/strong> <\/span><\/span><\/p>\n<blockquote class=\"wp-embedded-content\" data-secret=\"6eUb3W4OAd\"><p><a href=\"https:\/\/www.ahoragranada.com\/noticias\/los-pueblos-metropolitanos-de-granada-recibiran-56-millones-de-euros-mas-en-los-planes-de-obras-y-servicios-24-27\/\">Los pueblos metropolitanos de Granada recibir\u00e1n 5,6 millones de euros m\u00e1s en los Planes de Obras y Servicios 24\/27<\/a><\/p><\/blockquote>\n<p><iframe loading=\"lazy\" class=\"wp-embedded-content\" sandbox=\"allow-scripts\" security=\"restricted\" style=\"position: absolute; visibility: hidden;\" title=\"\u00abLos pueblos metropolitanos de Granada recibir\u00e1n 5,6 millones de euros m\u00e1s en los Planes de Obras y Servicios 24\/27\u00bb \u2014 Ahora Granada\" src=\"https:\/\/www.ahoragranada.com\/noticias\/los-pueblos-metropolitanos-de-granada-recibiran-56-millones-de-euros-mas-en-los-planes-de-obras-y-servicios-24-27\/embed\/#?secret=6qoQCVriEk#?secret=6eUb3W4OAd\" data-secret=\"6eUb3W4OAd\" width=\"600\" height=\"338\" frameborder=\"0\" marginwidth=\"0\" marginheight=\"0\" scrolling=\"no\"><\/iframe><\/p>\n","protected":false},"excerpt":{"rendered":"<p>Diputaci\u00f3n de Granada incrementa un 71% la partida para desarrollar proyectos en las 32 localidades&#8230;<\/p>\n","protected":false},"author":1,"featured_media":65346,"comment_status":"closed","ping_status":"closed","sticky":false,"template":"","format":"standard","meta":{"_coblocks_attr":"","_coblocks_dimensions":"","_coblocks_responsive_height":"","_coblocks_accordion_ie_support":"","jetpack_post_was_ever_published":false,"_jetpack_newsletter_access":"","_jetpack_dont_email_post_to_subs":false,"_jetpack_newsletter_tier_id":0,"_jetpack_memberships_contains_paywalled_content":false,"_jetpack_memberships_contains_paid_content":false,"footnotes":"","jetpack_publicize_message":"","jetpack_publicize_feature_enabled":true,"jetpack_social_post_already_shared":true,"jetpack_social_options":{"image_generator_settings":{"template":"highway","default_image_id":0,"enabled":false},"version":2}},"categories":[2,44,7671],"tags":[],"class_list":["post-65343","post","type-post","status-publish","format-standard","has-post-thumbnail","hentry","category-atarfe","category-noticias-de-hoy","category-politica"],"jetpack_publicize_connections":[],"jetpack_featured_media_url":"https:\/\/i0.wp.com\/miradordeatarfe.es\/wp-content\/uploads\/2023\/11\/areametropolitana.gif?fit=500%2C365&ssl=1","jetpack_likes_enabled":true,"jetpack_sharing_enabled":true,"_links":{"self":[{"href":"https:\/\/miradordeatarfe.es\/index.php?rest_route=\/wp\/v2\/posts\/65343","targetHints":{"allow":["GET"]}}],"collection":[{"href":"https:\/\/miradordeatarfe.es\/index.php?rest_route=\/wp\/v2\/posts"}],"about":[{"href":"https:\/\/miradordeatarfe.es\/index.php?rest_route=\/wp\/v2\/types\/post"}],"author":[{"embeddable":true,"href":"https:\/\/miradordeatarfe.es\/index.php?rest_route=\/wp\/v2\/users\/1"}],"replies":[{"embeddable":true,"href":"https:\/\/miradordeatarfe.es\/index.php?rest_route=%2Fwp%2Fv2%2Fcomments&post=65343"}],"version-history":[{"count":2,"href":"https:\/\/miradordeatarfe.es\/index.php?rest_route=\/wp\/v2\/posts\/65343\/revisions"}],"predecessor-version":[{"id":65348,"href":"https:\/\/miradordeatarfe.es\/index.php?rest_route=\/wp\/v2\/posts\/65343\/revisions\/65348"}],"wp:featuredmedia":[{"embeddable":true,"href":"https:\/\/miradordeatarfe.es\/index.php?rest_route=\/wp\/v2\/media\/65346"}],"wp:attachment":[{"href":"https:\/\/miradordeatarfe.es\/index.php?rest_route=%2Fwp%2Fv2%2Fmedia&parent=65343"}],"wp:term":[{"taxonomy":"category","embeddable":true,"href":"https:\/\/miradordeatarfe.es\/index.php?rest_route=%2Fwp%2Fv2%2Fcategories&post=65343"},{"taxonomy":"post_tag","embeddable":true,"href":"https:\/\/miradordeatarfe.es\/index.php?rest_route=%2Fwp%2Fv2%2Ftags&post=65343"}],"curies":[{"name":"wp","href":"https:\/\/api.w.org\/{rel}","templated":true}]}}