{"id":65363,"date":"2023-12-02T09:49:21","date_gmt":"2023-12-02T08:49:21","guid":{"rendered":"https:\/\/miradordeatarfe.es\/?p=65363"},"modified":"2023-11-29T12:54:43","modified_gmt":"2023-11-29T11:54:43","slug":"las-tres-ciudades-del-area-metropolitana-de-granada-alcanzan-diez-delitos-al-dia","status":"publish","type":"post","link":"https:\/\/miradordeatarfe.es\/?p=65363","title":{"rendered":"Las tres ciudades del \u00c1rea Metropolitana de Granada alcanzan diez delitos al d\u00eda"},"content":{"rendered":"<h3 style=\"text-align: justify;\">Armilla, Las Gabias y Maracena registran el 10% de las 20.000 infracciones penales que se cometen en la provincia<\/h3>\n<p style=\"text-align: justify;\">Las tres ciudades que actualmente superan los 20.000 habitantes en el <strong>\u00c1rea Metropolitana <\/strong>alcanzan una media de diez delitos diarios en total, llegando adem\u00e1s a regentar el 10% de las 20.000 infracciones penales que se cometen en la provincia de <strong>Granada<\/strong>.<\/p>\n<p style=\"text-align: justify;\">Estos son los datos del Ministerio del Interior respecto a su balance de criminalidad, que hasta mitad de a\u00f1o reflejan que entre los tres municipios m\u00e1s poblados de la comarca, <strong>Armilla, Las Gabias y Maracena<\/strong>; se alcanzaron los 1.997 delitos en total.<\/p>\n<p style=\"text-align: justify;\">Esta cifra supone uno de cada diez de los que se cometen en la provincia, donde hasta junio se llegaron a las 20.542 infracciones penales en el total, de entre las que, adem\u00e1s, el 32,49% se cometen en Granada capital, donde se alcanzan las 6.674.<\/p>\n<p style=\"text-align: justify;\">En lo que se refiere a la comarca metropolitana, la mayor\u00eda de delitos que se producen son de criminalidad convencional, donde se llegan a los 1.604 casos, de los que 862 se producen en <strong>Armilla <\/strong>y 371 en <strong>Las Gabias y Maracena<\/strong>, mientras que los delitos de cibercriminalidad alcanzaron los 393.<\/p>\n<p style=\"text-align: justify;\">En estos municipios, donde es la Guardia Civil la que se encarga de la seguridad ciudadana, los hurtos son el delito tipificado que m\u00e1s se produce, con hasta 688 casos, si bien de ellos 503 se producen en la localidad armillera, debido a la existencia del Centro Comercial Nevada. En el municipio gabirro estos delitos llegan a los 132 y en el maracenero a los 53.<\/p>\n<p style=\"text-align: justify;\">Otro de los datos que arroja el informe es el hecho de que entre estas tres localidades la cifra de robos con fuerza en domicilios, establecimientos y otras instalaciones llega a los 49 casos de los 928 de toda la provincia, mientras que el de robos con violencia e intimidaci\u00f3n lleg\u00f3 a los 25 de los 314 que se produjeron en toda Granada.<\/p>\n<p style=\"text-align: justify;\">Solo 25 delitos de tr\u00e1fico de drogas se registraron en los t\u00e9rminos municipales de <strong>Armilla, Las Gabias y Maracena<\/strong> hasta junio de los 572 que fueron registrados por las fuerzas del orden, mientras que el n\u00famero de delitos contra la libertad sexual lleg\u00f3 a la docena de los 146 en total.<\/p>\n<p style=\"text-align: justify;\">Respecto a la cibedelincuencia, las estafas inform\u00e1ticas llegaron a los 348 casos entre estas tres ciudades de las 4.010 registradas en toda la provincia.<\/p>\n<p>Interior solo ofrece datos por municipios mayores de 20.000 habitantes y lo hace trimestralmente, por lo que se est\u00e1 a la espera de que en los pr\u00f3ximos d\u00edas se conozcan los del tercer trimestre del a\u00f1o, hasta septiembre.<\/p>\n<p><a href=\"https:\/\/i0.wp.com\/miradordeatarfe.es\/wp-content\/uploads\/2023\/11\/Screenshot-2023-11-29-at-12-51-46-Las-tres-ciudades-del-Area-Metropolitana-de-Granada-alcanzan-diez-delitos-al-dia-Ahora-Granada.png?ssl=1\"><img data-recalc-dims=\"1\" loading=\"lazy\" decoding=\"async\" class=\"alignnone wp-image-65364 size-full\" src=\"https:\/\/i0.wp.com\/miradordeatarfe.es\/wp-content\/uploads\/2023\/11\/Screenshot-2023-11-29-at-12-51-46-Las-tres-ciudades-del-Area-Metropolitana-de-Granada-alcanzan-diez-delitos-al-dia-Ahora-Granada.png?resize=507%2C403&#038;ssl=1\" alt=\"\" width=\"507\" height=\"403\" srcset=\"https:\/\/i0.wp.com\/miradordeatarfe.es\/wp-content\/uploads\/2023\/11\/Screenshot-2023-11-29-at-12-51-46-Las-tres-ciudades-del-Area-Metropolitana-de-Granada-alcanzan-diez-delitos-al-dia-Ahora-Granada.png?w=507&amp;ssl=1 507w, https:\/\/i0.wp.com\/miradordeatarfe.es\/wp-content\/uploads\/2023\/11\/Screenshot-2023-11-29-at-12-51-46-Las-tres-ciudades-del-Area-Metropolitana-de-Granada-alcanzan-diez-delitos-al-dia-Ahora-Granada.png?resize=300%2C238&amp;ssl=1 300w\" sizes=\"auto, (max-width: 507px) 100vw, 507px\" \/><\/a><\/p>\n<p>&nbsp;<\/p>\n<p><span class=\"section-name\"><span class=\"autor\"><strong>Luis F. Ruiz &#8211; Noelia S. Lorca<\/strong> <\/span><\/span><\/p>\n<div id=\"content\" class=\"fw\">\n<div class=\"w66 pr7 left col1\">\n<article class=\"fw main hentry post-242382 noticias type-noticias status-publish has-post-thumbnail hentry secciones-area-metropolitana secciones-armilla secciones-las-gabias secciones-maracena etiquetas-area-metropolitana etiquetas-armilla etiquetas-balance-de-criminalidad etiquetas-robos-en-el-area-metropolitana etiquetas-sucesos etiquetas-sucesos-en-granada\">\n<section class=\"fw\">\n<figure class=\"wp-block-image size-full\"><figcaption class=\"wp-element-caption\">FOTO: La Guardia Civil se encarga de la seguridad ciudadana en estos municipios. Foto: \u00c1lex C\u00e1mara<\/p>\n<p>https:\/\/www.ahoragranada.com\/noticias\/las-tres-ciudades-del-area-metropolitana-de-granada-alcanzan-una-decena-de-delitos-diarios\/<\/figcaption><\/figure>\n<\/section>\n<\/article>\n<\/div>\n<\/div>\n","protected":false},"excerpt":{"rendered":"<p>Armilla, Las Gabias y Maracena registran el 10% de las 20.000 infracciones penales que se&#8230;<\/p>\n","protected":false},"author":1,"featured_media":65365,"comment_status":"closed","ping_status":"closed","sticky":false,"template":"","format":"standard","meta":{"_coblocks_attr":"","_coblocks_dimensions":"","_coblocks_responsive_height":"","_coblocks_accordion_ie_support":"","jetpack_post_was_ever_published":false,"_jetpack_newsletter_access":"","_jetpack_dont_email_post_to_subs":false,"_jetpack_newsletter_tier_id":0,"_jetpack_memberships_contains_paywalled_content":false,"_jetpack_memberships_contains_paid_content":false,"footnotes":"","jetpack_publicize_message":"","jetpack_publicize_feature_enabled":true,"jetpack_social_post_already_shared":true,"jetpack_social_options":{"image_generator_settings":{"template":"highway","default_image_id":0,"enabled":false},"version":2}},"categories":[1161,44,6937],"tags":[],"class_list":["post-65363","post","type-post","status-publish","format-standard","has-post-thumbnail","hentry","category-ciudadania","category-noticias-de-hoy","category-sociedad"],"jetpack_publicize_connections":[],"jetpack_featured_media_url":"https:\/\/i0.wp.com\/miradordeatarfe.es\/wp-content\/uploads\/2023\/11\/LAGUAR1-746x420-1.jpg?fit=746%2C420&ssl=1","jetpack_likes_enabled":true,"jetpack_sharing_enabled":true,"_links":{"self":[{"href":"https:\/\/miradordeatarfe.es\/index.php?rest_route=\/wp\/v2\/posts\/65363","targetHints":{"allow":["GET"]}}],"collection":[{"href":"https:\/\/miradordeatarfe.es\/index.php?rest_route=\/wp\/v2\/posts"}],"about":[{"href":"https:\/\/miradordeatarfe.es\/index.php?rest_route=\/wp\/v2\/types\/post"}],"author":[{"embeddable":true,"href":"https:\/\/miradordeatarfe.es\/index.php?rest_route=\/wp\/v2\/users\/1"}],"replies":[{"embeddable":true,"href":"https:\/\/miradordeatarfe.es\/index.php?rest_route=%2Fwp%2Fv2%2Fcomments&post=65363"}],"version-history":[{"count":2,"href":"https:\/\/miradordeatarfe.es\/index.php?rest_route=\/wp\/v2\/posts\/65363\/revisions"}],"predecessor-version":[{"id":65367,"href":"https:\/\/miradordeatarfe.es\/index.php?rest_route=\/wp\/v2\/posts\/65363\/revisions\/65367"}],"wp:featuredmedia":[{"embeddable":true,"href":"https:\/\/miradordeatarfe.es\/index.php?rest_route=\/wp\/v2\/media\/65365"}],"wp:attachment":[{"href":"https:\/\/miradordeatarfe.es\/index.php?rest_route=%2Fwp%2Fv2%2Fmedia&parent=65363"}],"wp:term":[{"taxonomy":"category","embeddable":true,"href":"https:\/\/miradordeatarfe.es\/index.php?rest_route=%2Fwp%2Fv2%2Fcategories&post=65363"},{"taxonomy":"post_tag","embeddable":true,"href":"https:\/\/miradordeatarfe.es\/index.php?rest_route=%2Fwp%2Fv2%2Ftags&post=65363"}],"curies":[{"name":"wp","href":"https:\/\/api.w.org\/{rel}","templated":true}]}}