{"id":65368,"date":"2023-12-02T10:19:16","date_gmt":"2023-12-02T09:19:16","guid":{"rendered":"https:\/\/miradordeatarfe.es\/?p=65368"},"modified":"2023-11-29T13:04:56","modified_gmt":"2023-11-29T12:04:56","slug":"65368","status":"publish","type":"post","link":"https:\/\/miradordeatarfe.es\/?p=65368","title":{"rendered":"LA SANIDAD QUE NO CURA"},"content":{"rendered":"<h3 style=\"text-align: justify;\">Marta naci\u00f3 en democracia y pensaba que la beca que pag\u00f3 su universidad, la variedad de peri\u00f3dicos en el quiosco y las pensiones de sus abuelos formaban parte del paisaje.<\/h3>\n<p style=\"text-align: justify;\">Nunca crey\u00f3 que fueran derechos ni conquistas sociales, simplemente estaban all\u00ed. Si te levantas por la ma\u00f1ana y tienes guarder\u00edas, autobuses y hospitales, no te preguntas cu\u00e1ndo llegaron ni piensas que puedan faltar. Se nos olvida el privilegio que supone vivir bajo un sistema de protecci\u00f3n social y lo dif\u00edcil que es mantenerlo, pero eso es precisamente el \u2018Estado Social\u2019 al que se refiere la Constituci\u00f3n, una forma de organizar la sociedad en la que los gobiernos tienen la obligaci\u00f3n de garantizar lo m\u00e1s b\u00e1sico.<\/p>\n<p style=\"text-align: justify;\">Ahora que el patriotismo consiste en llevar una pulserita en la mu\u00f1eca, ignoramos que la sanidad p\u00fablica, universal y gratuita tambi\u00e9n forma parte del pacto constitucional. El sistema sanitario es una parte esencial del tipo de sociedad que quiso construir la democracia: un modelo solidario, donde la mayor\u00eda paga impuestos para que todos y todas estemos protegidos. Para que, cuando estamos enfermos, solo tengamos que pensar en curarnos y no en c\u00f3mo pagarle al m\u00e9dico.<\/p>\n<p style=\"text-align: justify;\">Por eso son especialmente preocupantes los datos que acaba de confesarnos el gobierno de Juanma Moreno sobre la sanidad andaluza. Seg\u00fan la propia Junta, hay 24.000 granadinos y granadinas en lista de espera para operarse y 70.000 personas esperando la primera consulta con el especialista. Y la cosa empeora r\u00e1pidamente: solo en el \u00faltimo a\u00f1o ha aumentado un 20% el n\u00famero de personas que espera su operaci\u00f3n. \u00bfQu\u00e9 ocurrir\u00e1 el a\u00f1o que viene?<\/p>\n<p style=\"text-align: justify;\">Cuando un pol\u00edtico reconoce que se est\u00e1 equivocando recuerda a un empresario que no disimula que se est\u00e1 haciendo rico, solo confiesa cuando ya no puede ocultarlo. La situaci\u00f3n es grave: una de cada cinco personas lleva m\u00e1s de un a\u00f1o esperando su operaci\u00f3n y se tarda una media de seis meses en ver al especialista.<\/p>\n<p style=\"text-align: justify;\">A punto de cumplir 40 a\u00f1os y con dos ni\u00f1os peque\u00f1os, no es buen momento para que te den un susto con los marcadores tumorales. Marta sali\u00f3 del centro de salud con el coraz\u00f3n en un pu\u00f1o y el cron\u00f3metro en marcha: seis meses hasta que me vean y un a\u00f1o si me tienen que operar. No salen las cuentas.<\/p>\n<p style=\"text-align: justify;\">Lo m\u00e1s triste es que el deterioro del sistema sanitario es completamente innecesario. No podemos evitar ponernos enfermos, pero tener un buen sistema asistencial solo es cuesti\u00f3n de voluntad pol\u00edtica. El empeoramiento de la salud p\u00fablica se parece al de nuestra propia salud personal, muchas veces es lento, sutil, ocurre sin darte cuenta y llega un momento en que es irreversible. La diferencia es que nosotros enfermamos sin querer y a la sanidad p\u00fablica se la est\u00e1n cargando a conciencia.<\/p>\n<p style=\"text-align: justify;\">Todos los sindicatos coinciden en que el problema es la falta de personal -plantillas deficitarias que dan lugar a profesionales agotados- y la merma de la inversi\u00f3n p\u00fablica. Un buen sistema sanitario se construye con dinero, con voluntad pol\u00edtica para orientar el gasto p\u00fablico. Pero, para eso, hace falta cre\u00e9rselo, que no es el caso. Nuestro Juanma Moreno empeora a prop\u00f3sito la calidad de los servicios p\u00fablicos para que los ciudadanos prefieran la oferta privada. Ya no se privatiza por decreto, sencillamente se deja morir. Por eso los seguros m\u00e9dicos han aumentado en Espa\u00f1a un 20% en los \u00faltimos 5 a\u00f1os y ya los tienen 12 millones de personas. El deterioro premeditado de la sanidad p\u00fablica produce desconfianza en el sistema e invita sutilmente a pensar en alternativas. Primero se genera el problema y despu\u00e9s se ponen sobre la mesa soluciones basadas en la privada.<\/p>\n<p style=\"text-align: justify;\">Por eso, los padres de Marta le dec\u00edan que la sanidad p\u00fablica solo se defiende votando a partidos que defienden la sanidad p\u00fablica. Pero ella ya no tiene tiempo de pensar ni de votar, ahora tiene que resolver un dilema: esperar la cita del especialista o buscar un seguro, soportar la incertidumbre de la lista de espera o abonar la minuta de la cl\u00ednica privada, luchar por sus derechos o darlos por perdidos. Marta ya ha pasado de \u2018ciudadana\u2019 a \u2018cliente\u2019.<\/p>\n<p><a href=\"https:\/\/i0.wp.com\/miradordeatarfe.es\/wp-content\/uploads\/2023\/11\/04-291123-Pablo-Hervas-746x471-1.jpg?ssl=1\"><img data-recalc-dims=\"1\" loading=\"lazy\" decoding=\"async\" class=\"alignnone wp-image-65369 size-full\" src=\"https:\/\/i0.wp.com\/miradordeatarfe.es\/wp-content\/uploads\/2023\/11\/04-291123-Pablo-Hervas-746x471-1.jpg?resize=640%2C404&#038;ssl=1\" alt=\"\" width=\"640\" height=\"404\" srcset=\"https:\/\/i0.wp.com\/miradordeatarfe.es\/wp-content\/uploads\/2023\/11\/04-291123-Pablo-Hervas-746x471-1.jpg?w=746&amp;ssl=1 746w, https:\/\/i0.wp.com\/miradordeatarfe.es\/wp-content\/uploads\/2023\/11\/04-291123-Pablo-Hervas-746x471-1.jpg?resize=300%2C189&amp;ssl=1 300w, https:\/\/i0.wp.com\/miradordeatarfe.es\/wp-content\/uploads\/2023\/11\/04-291123-Pablo-Hervas-746x471-1.jpg?resize=540%2C340&amp;ssl=1 540w\" sizes=\"auto, (max-width: 640px) 100vw, 640px\" \/><\/a><\/p>\n<p>FOTO: Cursos Baremables En Sanidad Web Oficial Euroinnova from cdn.euroinnova.edu.es<\/p>\n<p>PUBLICADO EN AHORAGRANADA<\/p>\n","protected":false},"excerpt":{"rendered":"<p>Marta naci\u00f3 en democracia y pensaba que la beca que pag\u00f3 su universidad, la variedad&#8230;<\/p>\n","protected":false},"author":1,"featured_media":65370,"comment_status":"closed","ping_status":"closed","sticky":false,"template":"","format":"standard","meta":{"_coblocks_attr":"","_coblocks_dimensions":"","_coblocks_responsive_height":"","_coblocks_accordion_ie_support":"","jetpack_post_was_ever_published":false,"_jetpack_newsletter_access":"","_jetpack_dont_email_post_to_subs":false,"_jetpack_newsletter_tier_id":0,"_jetpack_memberships_contains_paywalled_content":false,"_jetpack_memberships_contains_paid_content":false,"footnotes":"","jetpack_publicize_message":"","jetpack_publicize_feature_enabled":true,"jetpack_social_post_already_shared":true,"jetpack_social_options":{"image_generator_settings":{"template":"highway","default_image_id":0,"enabled":false},"version":2}},"categories":[1161,44,7671,10],"tags":[],"class_list":["post-65368","post","type-post","status-publish","format-standard","has-post-thumbnail","hentry","category-ciudadania","category-noticias-de-hoy","category-politica","category-salud"],"jetpack_publicize_connections":[],"jetpack_featured_media_url":"https:\/\/i0.wp.com\/miradordeatarfe.es\/wp-content\/uploads\/2023\/11\/sanidad-1608025887.webp?fit=1280%2C854&ssl=1","jetpack_likes_enabled":true,"jetpack_sharing_enabled":true,"_links":{"self":[{"href":"https:\/\/miradordeatarfe.es\/index.php?rest_route=\/wp\/v2\/posts\/65368","targetHints":{"allow":["GET"]}}],"collection":[{"href":"https:\/\/miradordeatarfe.es\/index.php?rest_route=\/wp\/v2\/posts"}],"about":[{"href":"https:\/\/miradordeatarfe.es\/index.php?rest_route=\/wp\/v2\/types\/post"}],"author":[{"embeddable":true,"href":"https:\/\/miradordeatarfe.es\/index.php?rest_route=\/wp\/v2\/users\/1"}],"replies":[{"embeddable":true,"href":"https:\/\/miradordeatarfe.es\/index.php?rest_route=%2Fwp%2Fv2%2Fcomments&post=65368"}],"version-history":[{"count":3,"href":"https:\/\/miradordeatarfe.es\/index.php?rest_route=\/wp\/v2\/posts\/65368\/revisions"}],"predecessor-version":[{"id":65373,"href":"https:\/\/miradordeatarfe.es\/index.php?rest_route=\/wp\/v2\/posts\/65368\/revisions\/65373"}],"wp:featuredmedia":[{"embeddable":true,"href":"https:\/\/miradordeatarfe.es\/index.php?rest_route=\/wp\/v2\/media\/65370"}],"wp:attachment":[{"href":"https:\/\/miradordeatarfe.es\/index.php?rest_route=%2Fwp%2Fv2%2Fmedia&parent=65368"}],"wp:term":[{"taxonomy":"category","embeddable":true,"href":"https:\/\/miradordeatarfe.es\/index.php?rest_route=%2Fwp%2Fv2%2Fcategories&post=65368"},{"taxonomy":"post_tag","embeddable":true,"href":"https:\/\/miradordeatarfe.es\/index.php?rest_route=%2Fwp%2Fv2%2Ftags&post=65368"}],"curies":[{"name":"wp","href":"https:\/\/api.w.org\/{rel}","templated":true}]}}