{"id":6537,"date":"2016-02-12T09:30:35","date_gmt":"2016-02-12T09:30:35","guid":{"rendered":"http:\/\/miradordeatarfe.es\/?p=6537"},"modified":"2016-02-12T09:35:10","modified_gmt":"2016-02-12T09:35:10","slug":"atarfe-recupera-el-dia-d-ela-candelaria","status":"publish","type":"post","link":"https:\/\/miradordeatarfe.es\/?p=6537","title":{"rendered":"ATARFE RECUPERA EL D\u00cdA DE LA CANDELARIA"},"content":{"rendered":"<div class=\"_1dwg\">\n<div id=\"js_1q\" class=\"_5pbx userContent\" data-ft=\"{&quot;tn&quot;:&quot;K&quot;}\">\n<div id=\"id_56b8f3962abd72f03491669\" class=\"text_exposed_root text_exposed\">\n<p>Recientemente nuestro pueblo ha recuperado la tradici\u00f3n de sacar procesionalmente a dicha imagen en este d\u00eda 2 DE FEBRERO.<\/p>\n<p><!--more--><\/p>\n<p>La Virgen de la Candelaria toma su nombre de la fiesta de la Candelaria o de la Luz, que tuvo su origen en el Oriente con el nombre del \u00abEncuentro\u00bb, y despu\u00e9s se extendi\u00f3 al Occidente en el siglo VI, llegando a celebrarse en Roma con un car\u00e1cter penitencial. Su fiesta se celebra, seg\u00fan el santoral cat\u00f3lico, el 2 de febrero en recuerdo al pasaje b\u00edblico de la Presentaci\u00f3n del Ni\u00f1o Jes\u00fas en el Templo de Jerusal\u00e9n (Lc 2;22-39) y la purificaci\u00f3n de la Virgen Mar\u00eda despu\u00e9s del par<span class=\"text_exposed_show\">to, para cumplir la prescripci\u00f3n de la Ley del Antiguo Testamento (Lev 12;1-8).<\/span><\/p>\n<div class=\"text_exposed_show\">\n<p>La fiesta es conocida y celebrada con diversos nombres: la Presentaci\u00f3n del Se\u00f1or, la Purificaci\u00f3n de Mar\u00eda, la fiesta de la Luz y la fiesta de las Candelas; todos estos nombres expresan el significado de la fiesta: Cristo la luz del mundo presentada por su madre en el templo viene a iluminar a todos como la vela o las candelas, de donde se deriva la advocaci\u00f3n de la Virgen de la \u00abCandelaria\u00bb.<\/p>\n<p>Recientemente nuestro pueblo ha recuperado la tradici\u00f3n de sacar procesionalmente a dicha imagen en este d\u00eda. Como ya dijimos en la Gacetilla, esta fiesta goz\u00f3 de gran esplendor en nuestro pueblo. En la fotograf\u00eda, cortes\u00eda de Mar\u00eda Victoria Correa Aguilar, podemos ver a una nutrida representaci\u00f3n de atarfe\u00f1os, ante la venerada imagen (a\u00f1os 60 del siglo pasado).<\/p>\n<p>Curiosidades elvirenses.<\/p>\n<\/div>\n<\/div>\n<div class=\"_5wpt\"><\/div>\n<\/div>\n<div class=\"_3x-2\">\n<div data-ft=\"{&quot;tn&quot;:&quot;H&quot;}\">\n<div class=\"mtm\">\n<div class=\"_5cq3\" data-ft=\"{&quot;tn&quot;:&quot;E&quot;}\">\n<div id=\"u_1f_l\" class=\"uiScaledImageContainer _4-ep\"><a href=\"https:\/\/i0.wp.com\/miradordeatarfe.es\/wp-content\/uploads\/2016\/02\/12512577_918821658232876_3947814862593130841_n.jpg?ssl=1\" rel=\"attachment wp-att-6539\"><img data-recalc-dims=\"1\" loading=\"lazy\" decoding=\"async\" class=\"alignnone size-full wp-image-6539\" src=\"https:\/\/i0.wp.com\/miradordeatarfe.es\/wp-content\/uploads\/2016\/02\/12512577_918821658232876_3947814862593130841_n.jpg?resize=624%2C855&#038;ssl=1\" alt=\"12512577_918821658232876_3947814862593130841_n\" width=\"624\" height=\"855\" srcset=\"https:\/\/i0.wp.com\/miradordeatarfe.es\/wp-content\/uploads\/2016\/02\/12512577_918821658232876_3947814862593130841_n.jpg?w=624&amp;ssl=1 624w, https:\/\/i0.wp.com\/miradordeatarfe.es\/wp-content\/uploads\/2016\/02\/12512577_918821658232876_3947814862593130841_n.jpg?resize=219%2C300&amp;ssl=1 219w, https:\/\/i0.wp.com\/miradordeatarfe.es\/wp-content\/uploads\/2016\/02\/12512577_918821658232876_3947814862593130841_n.jpg?resize=600%2C822&amp;ssl=1 600w\" sizes=\"auto, (max-width: 624px) 100vw, 624px\" \/><\/a><\/div>\n<\/div>\n<\/div>\n<\/div>\n<\/div>\n<\/div>\n<p>&nbsp;<\/p>\n<div>\n<form id=\"u_1f_p\" class=\"commentable_item\" action=\"\/ajax\/ufi\/modify.php\" method=\"post\" data-ft=\"{&quot;tn&quot;:&quot;]&quot;}\">\n<div class=\"_sa_ _5vsi _ca7\">\n<div class=\"_37uu\">\n<div data-reactroot=\"\">\n<div class=\"_3399 _a7s\">\n<div class=\"_3m9g\">\n<div class=\"_40yk _pbn\"><span class=\"_6vh\"><span data-hover=\"tooltip\"><a class=\"_4z8- _55pi _2agf _4jy0 _4jy3 _517h _51sy _59pe _42ft\" href=\"https:\/\/www.facebook.com\/Gacetilla-y-curiosidades-elvirenses-732817910137560\/?fref=ts#\" type=\"button\"><span class=\"_55pe\">\u00a0<\/span><\/a><\/span><\/span><\/div>\n<\/div>\n<\/div>\n<\/div>\n<\/div>\n<\/div>\n<\/form>\n<\/div>\n","protected":false},"excerpt":{"rendered":"<p>Recientemente nuestro pueblo ha recuperado la tradici\u00f3n de sacar procesionalmente a dicha imagen en este&#8230;<\/p>\n","protected":false},"author":1,"featured_media":6540,"comment_status":"closed","ping_status":"closed","sticky":false,"template":"","format":"standard","meta":{"_coblocks_attr":"","_coblocks_dimensions":"","_coblocks_responsive_height":"","_coblocks_accordion_ie_support":"","jetpack_post_was_ever_published":false,"_jetpack_newsletter_access":"","_jetpack_dont_email_post_to_subs":false,"_jetpack_newsletter_tier_id":0,"_jetpack_memberships_contains_paywalled_content":false,"_jetpack_memberships_contains_paid_content":false,"footnotes":"","jetpack_publicize_message":"","jetpack_publicize_feature_enabled":true,"jetpack_social_post_already_shared":false,"jetpack_social_options":{"image_generator_settings":{"template":"highway","default_image_id":0,"enabled":false},"version":2}},"categories":[2,1225,38,44,15],"tags":[81,2157,1125,2158],"class_list":["post-6537","post","type-post","status-publish","format-standard","has-post-thumbnail","hentry","category-atarfe","category-ha-de-atarfe","category-opinion-de-jose-enrique-granados","category-noticias-de-hoy","category-ultimas-noticias","tag-atarfe","tag-dia-de-la-candelaria","tag-historia","tag-procesion"],"jetpack_publicize_connections":[],"jetpack_featured_media_url":"https:\/\/i0.wp.com\/miradordeatarfe.es\/wp-content\/uploads\/2016\/02\/12631442_949998418419507_1478051058480356333_n.jpg?fit=960%2C705&ssl=1","jetpack_likes_enabled":true,"jetpack_sharing_enabled":true,"_links":{"self":[{"href":"https:\/\/miradordeatarfe.es\/index.php?rest_route=\/wp\/v2\/posts\/6537","targetHints":{"allow":["GET"]}}],"collection":[{"href":"https:\/\/miradordeatarfe.es\/index.php?rest_route=\/wp\/v2\/posts"}],"about":[{"href":"https:\/\/miradordeatarfe.es\/index.php?rest_route=\/wp\/v2\/types\/post"}],"author":[{"embeddable":true,"href":"https:\/\/miradordeatarfe.es\/index.php?rest_route=\/wp\/v2\/users\/1"}],"replies":[{"embeddable":true,"href":"https:\/\/miradordeatarfe.es\/index.php?rest_route=%2Fwp%2Fv2%2Fcomments&post=6537"}],"version-history":[{"count":4,"href":"https:\/\/miradordeatarfe.es\/index.php?rest_route=\/wp\/v2\/posts\/6537\/revisions"}],"predecessor-version":[{"id":6710,"href":"https:\/\/miradordeatarfe.es\/index.php?rest_route=\/wp\/v2\/posts\/6537\/revisions\/6710"}],"wp:featuredmedia":[{"embeddable":true,"href":"https:\/\/miradordeatarfe.es\/index.php?rest_route=\/wp\/v2\/media\/6540"}],"wp:attachment":[{"href":"https:\/\/miradordeatarfe.es\/index.php?rest_route=%2Fwp%2Fv2%2Fmedia&parent=6537"}],"wp:term":[{"taxonomy":"category","embeddable":true,"href":"https:\/\/miradordeatarfe.es\/index.php?rest_route=%2Fwp%2Fv2%2Fcategories&post=6537"},{"taxonomy":"post_tag","embeddable":true,"href":"https:\/\/miradordeatarfe.es\/index.php?rest_route=%2Fwp%2Fv2%2Ftags&post=6537"}],"curies":[{"name":"wp","href":"https:\/\/api.w.org\/{rel}","templated":true}]}}