{"id":65381,"date":"2023-12-02T09:36:18","date_gmt":"2023-12-02T08:36:18","guid":{"rendered":"https:\/\/miradordeatarfe.es\/?p=65381"},"modified":"2023-12-02T20:01:11","modified_gmt":"2023-12-02T19:01:11","slug":"los-expertos-alertan-del-riesgo-del-virus-de-la-gripe-este-invierno-e-insisten-en-la-vacuna","status":"publish","type":"post","link":"https:\/\/miradordeatarfe.es\/?p=65381","title":{"rendered":"Los expertos alertan del riesgo del virus de la gripe este invierno e insisten en la vacuna"},"content":{"rendered":"<h3 class=\"v-a-sub-t\" style=\"text-align: justify;\">La falta de exposici\u00f3n al virus y la relajaci\u00f3n de la prevenci\u00f3n podr\u00edan traducirse en una incidencia \u00abm\u00e1s intensa\u00bb este a\u00f1o<\/h3>\n<p class=\"v-p\" style=\"text-align: justify;\">El estallido de la pandemia por coronavirus en 2020 trastoc\u00f3 por completo el ciclo epidemiol\u00f3gico natural de la gripe estacional, habitual en los meses de invierno. Con la implantaci\u00f3n de medidas preventivas tan exhaustivas para hacer frente a la covid-19 \u2013como el distanciamiento social, el uso de mascarillas en interiores o la desinfecci\u00f3n constante con gel hidroalcoh\u00f3lico\u2013, parec\u00eda haber \u00abdesaparecido\u00bb.<\/p>\n<p class=\"v-p\" style=\"text-align: justify;\">Tres a\u00f1os despu\u00e9s, estos h\u00e1bitos se han relajado, un factor a tener en cuenta y que, unido a la falta de exposici\u00f3n al virus, podr\u00eda traducirse, alertan los expertos, en una incidencia \u00abm\u00e1s intensa\u00bb esta temporada, consecuencia de la baja inmunidad que presenta la sociedad actual. Ante esta situaci\u00f3n, la principal recomendaci\u00f3n es obedecer las pautas de la campa\u00f1a de vacunaci\u00f3n, especialmente menores de 5 a\u00f1os y mayores de 60. Estos \u00faltimos entran este a\u00f1o por primera vez en el cupo establecido por la Junta de Andaluc\u00eda para vacunarse, que hasta 2022 part\u00eda de los 65. La consejer\u00eda de Salud ha trasladado a este peri\u00f3dico su preocupaci\u00f3n ante la \u00abresistencia\u00bb que est\u00e1 demostrando este nuevo grupo tanto en la provincia de Granada como en el resto de la comunidad aut\u00f3noma. De hecho, es una problem\u00e1tica que se est\u00e1 dando en toda Espa\u00f1a.<\/p>\n<p class=\"v-p\" style=\"text-align: justify;\">\u00abEl cambio de temperaturas de este oto\u00f1o veraniego hace que sea menos frecuente la incidencia, as\u00ed que no percibimos el virus con tanta peligrosidad y mucha gente no se vacuna\u00bb, explic\u00f3 a IDEAL el m\u00e9dico especialista en Medicina Preventiva, Epidemiolog\u00eda y Salud P\u00fablica Jos\u00e9 Mart\u00ednez Olmos, tambi\u00e9n docente en la Escuela Andaluza de Salud P\u00fablica.<\/p>\n<p class=\"v-p\" style=\"text-align: justify;\">Seg\u00fan \u00e9l, \u00ablo m\u00e1s probable es que se retrase la ola\u00bb. El pico de contagios de gripe estacional suele producirse entre finales de diciembre y finales de enero, pero este invierno la incidencia podr\u00eda llegar m\u00e1s tarde. \u00abLa cuesti\u00f3n es que estamos a tiempo. Los servicios sanitarios tienen las vacunas y los profesionales y la sociedad, la accesibilidad para aprovechar esta oportunidad\u00bb, insisti\u00f3 el doctor.<\/p>\n<div class=\"v-c-cmp v-n-mrg\" style=\"text-align: justify;\">\n<h3 class=\"v-d-cmp-sub-hl\">Riesgo \u00abm\u00e1s alto\u00bb<\/h3>\n<\/div>\n<p class=\"v-p\" style=\"text-align: justify;\">Por su parte, la catedr\u00e1tica y directora del departamento de Medicina Preventiva y Salud P\u00fablica de la Universidad de Granada, Aurora Bueno, se\u00f1al\u00f3 que \u00ablas temporadas pasadas no hemos tenido gripe porque hemos tenido unas medidas preventivas exhaustivas con el coronavirus\u00bb. Es decir, al llevar desde 2020 con una circulaci\u00f3n muy baja de gripe, \u00abel riesgo es cada vez m\u00e1s alto porque la inmunidad se va desvaneciendo\u00bb, advirti\u00f3.<\/p>\n<p class=\"v-p\" style=\"text-align: justify;\">Por lo tanto, \u00abcuando venga una ola es posible que haya muchos m\u00e1s casos y que la incidencia sea m\u00e1s intensa\u00bb, aunque no hay indicio de que vaya a circular ning\u00fan virus no contemplado en la vacuna de la gripe y en el caso del covid, que se produzca una ola depender\u00e1 de si aparece una cepa que se salte la barrera inmunitaria. Sea como sea, \u00abnos vamos a enterar cuando empiece a circular por Europa\u00bb.<\/p>\n<p class=\"v-p\" style=\"text-align: justify;\">La red de m\u00e9dicos centinela toma muestras a la poblaci\u00f3n en atenci\u00f3n primaria y hospitalaria para saber \u00abqu\u00e9 est\u00e1 circulando\u00bb. \u00abEl problema es que todo puede cambiar de una semana a otra y lo recomendable es vacunarse m\u00ednimo dos semanas antes de que aparezca el virus, as\u00ed que el momento ideal para vacunarse es ahora\u00bb, subray\u00f3 Bueno.<\/p>\n<p class=\"v-p\" style=\"text-align: justify;\">Predecir la incidencia \u00abes siempre un misterio\u00bb porque el virus de la gripe muta r\u00e1pidamente. La vacuna se produce anticip\u00e1ndose a cu\u00e1l va a ser la cepa prevalente ese a\u00f1o. \u00abA veces, se acierta de pleno y otras, no tanto\u00bb, apunt\u00f3 el catedr\u00e1tico de Bioqu\u00edmica y Biolog\u00eda Molecular de la UGR, experto en Inmunolog\u00eda, Ignacio Molina. Seg\u00fan \u00e9l, \u00abno podemos olvidar que su tasa de mortalidad es apreciable, no es un pat\u00f3geno completamente inocuo\u00bb.<\/p>\n<p class=\"v-p\" style=\"text-align: justify;\">\u00abSe le tiene poco respeto porque se confunde con los resfriados comunes cuando son completamente diferentes y conlleva complicaciones muy severas\u00bb, resalt\u00f3 Molina. Cada a\u00f1o, dependiendo de las cepas, se registran en Espa\u00f1a entre 2.000 y 15.000 muertes por gripe, por lo que \u00abes fundamental mantener el nivel de inmunidad en la poblaci\u00f3n\u00bb.<\/p>\n<div class=\"v-c-cmp v-n-mrg\" style=\"text-align: justify;\">\n<h3 class=\"v-d-cmp-sub-hl\">\u00bfQui\u00e9n deber\u00eda vacunarse?<\/h3>\n<\/div>\n<p class=\"v-p\" style=\"text-align: justify;\">La vacuna de la gripe ha demostrado una protecci\u00f3n eficaz, no provoca efectos secundarios y fomenta el mantenimiento de la calidad de vida, motivo por el que muchas empresas se la financian a sus trabajadores. Se la puede poner todo el mundo, pero est\u00e1 especialmente indicada en mayores de 60 a\u00f1os, considerados de riesgo, adem\u00e1s de en personas con patolog\u00edas cr\u00f3nicas, cardiovasculares o pulmonares, con tensi\u00f3n arterial o diabetes, entre otras.<\/p>\n<p class=\"v-p\" style=\"text-align: justify;\">Tambi\u00e9n recomiendan su administraci\u00f3n a ni\u00f1os menores de 5 a\u00f1os, \u00abporque no han tenido exposici\u00f3n previa al virus y son los que m\u00e1s contribuyen a difundir la enfermedad\u00bb. A eso se suma la Navidad, \u00e9poca de encuentros y reuniones que multiplica los contagios. Por eso, \u00abes importante adoptar medidas como la distancia social o el uso de mascarillas, que han funcionado razonablemente en el covid, y vacunarse para aumentar la inmunidad\u00bb.<\/p>\n<p style=\"text-align: justify;\"><strong>Sara B\u00e1rcena<\/strong><\/p>\n<article class=\"v-a v-a--d v-a--d-bs v-a--p-b\">\n<div class=\"v-a-img-c v-a-img-c--fw-xs\">\n<figure class=\"v-a-fig\"><figcaption class=\"v-fc\"><span class=\"v-fc__text\">FOTO: Una enfermera administra la vacuna de la gripe a un usuario en un centro de salud de Granada.<\/span> <span class=\"v-fc__ath\">Alfredo Aguilar<\/span><\/figcaption><\/figure>\n<\/div>\n<div class=\"v-a-info-c \">\n<p class=\"v-a-sub-t\">https:\/\/www.ideal.es\/granada\/expertos-alertan-riesgo-virus-gripe-invierno-insisten-20231128002537-nt.html<\/p>\n<\/div>\n<\/article>\n<div class=\"v-d v-d--ab-c v-d--bs\">\n<div class=\"v-mdl-ath \" data-voc-component=\"viewport-not-visible\">\n<div class=\"v-mdl-ath__c v-mdl-ath__c--1\">\n<div class=\"v-mdl-ath__inf\">\n<p class=\"v-mdl-ath__p v-mdl-ath__p--2\" style=\"text-align: justify;\"><strong>\u00a0<\/strong><\/p>\n<\/div>\n<\/div>\n<\/div>\n<\/div>\n","protected":false},"excerpt":{"rendered":"<p>La falta de exposici\u00f3n al virus y la relajaci\u00f3n de la prevenci\u00f3n podr\u00edan traducirse en&#8230;<\/p>\n","protected":false},"author":1,"featured_media":65382,"comment_status":"closed","ping_status":"closed","sticky":false,"template":"","format":"standard","meta":{"_coblocks_attr":"","_coblocks_dimensions":"","_coblocks_responsive_height":"","_coblocks_accordion_ie_support":"","jetpack_post_was_ever_published":false,"_jetpack_newsletter_access":"","_jetpack_dont_email_post_to_subs":false,"_jetpack_newsletter_tier_id":0,"_jetpack_memberships_contains_paywalled_content":false,"_jetpack_memberships_contains_paid_content":false,"footnotes":"","jetpack_publicize_message":"","jetpack_publicize_feature_enabled":true,"jetpack_social_post_already_shared":false,"jetpack_social_options":{"image_generator_settings":{"template":"highway","default_image_id":0,"enabled":false},"version":2}},"categories":[1161,44,10],"tags":[],"class_list":["post-65381","post","type-post","status-publish","format-standard","has-post-thumbnail","hentry","category-ciudadania","category-noticias-de-hoy","category-salud"],"jetpack_publicize_connections":[],"jetpack_featured_media_url":"https:\/\/i0.wp.com\/miradordeatarfe.es\/wp-content\/uploads\/2023\/11\/gripe-scaled.webp?fit=2560%2C1707&ssl=1","jetpack_likes_enabled":true,"jetpack_sharing_enabled":true,"_links":{"self":[{"href":"https:\/\/miradordeatarfe.es\/index.php?rest_route=\/wp\/v2\/posts\/65381","targetHints":{"allow":["GET"]}}],"collection":[{"href":"https:\/\/miradordeatarfe.es\/index.php?rest_route=\/wp\/v2\/posts"}],"about":[{"href":"https:\/\/miradordeatarfe.es\/index.php?rest_route=\/wp\/v2\/types\/post"}],"author":[{"embeddable":true,"href":"https:\/\/miradordeatarfe.es\/index.php?rest_route=\/wp\/v2\/users\/1"}],"replies":[{"embeddable":true,"href":"https:\/\/miradordeatarfe.es\/index.php?rest_route=%2Fwp%2Fv2%2Fcomments&post=65381"}],"version-history":[{"count":1,"href":"https:\/\/miradordeatarfe.es\/index.php?rest_route=\/wp\/v2\/posts\/65381\/revisions"}],"predecessor-version":[{"id":65383,"href":"https:\/\/miradordeatarfe.es\/index.php?rest_route=\/wp\/v2\/posts\/65381\/revisions\/65383"}],"wp:featuredmedia":[{"embeddable":true,"href":"https:\/\/miradordeatarfe.es\/index.php?rest_route=\/wp\/v2\/media\/65382"}],"wp:attachment":[{"href":"https:\/\/miradordeatarfe.es\/index.php?rest_route=%2Fwp%2Fv2%2Fmedia&parent=65381"}],"wp:term":[{"taxonomy":"category","embeddable":true,"href":"https:\/\/miradordeatarfe.es\/index.php?rest_route=%2Fwp%2Fv2%2Fcategories&post=65381"},{"taxonomy":"post_tag","embeddable":true,"href":"https:\/\/miradordeatarfe.es\/index.php?rest_route=%2Fwp%2Fv2%2Ftags&post=65381"}],"curies":[{"name":"wp","href":"https:\/\/api.w.org\/{rel}","templated":true}]}}