{"id":65390,"date":"2023-12-30T09:00:34","date_gmt":"2023-12-30T08:00:34","guid":{"rendered":"https:\/\/miradordeatarfe.es\/?p=65390"},"modified":"2023-12-28T11:40:30","modified_gmt":"2023-12-28T10:40:30","slug":"yo-pongo-la-casa-y-tu-la-compania-el-nido-se-queda-vacio-y-estos-estudiantes-intentan-llenarlo","status":"publish","type":"post","link":"https:\/\/miradordeatarfe.es\/?p=65390","title":{"rendered":"Yo pongo la casa y t\u00fa, la compa\u00f1\u00eda: \u201cEl nido se queda vac\u00edo y estos estudiantes intentan llenarlo\u201d"},"content":{"rendered":"<h3 class=\"a_st\" style=\"text-align: justify;\">En distintas ciudades de Espa\u00f1a hay programas de convivencia intergeneracional con el objetivo de combatir la soledad no deseada de los mayores y paliar el problema habitacional de los universitarios<\/h3>\n<p class=\"\" style=\"text-align: justify;\">C\u00e1ndida Rey, de 87 a\u00f1os, viv\u00eda sola en Madrid desde 2007, cuando su hijo peque\u00f1o dej\u00f3 el hogar familiar. Tiene 11 nietos y cuatro bisnietos, pero a estos \u00faltimos a\u00fan no los conoce y de los primeros cuenta que, si se cruzara por la calle con alguno de ellos, quiz\u00e1s no lo conocer\u00eda porque crecen r\u00e1pido. No mantiene una relaci\u00f3n cercana con todos. \u201cLas noches son dif\u00edciles, aunque ya me he acostumbrado a estar sola\u201d, confiesa. Pero con dos habitaciones vac\u00edas y una casa que le quedaba demasiado grande, cuando vio anunciado el programa Convive \u2014que pone en contacto a ancianos que viven solos con estudiantes que buscan un hogar\u2014 no dud\u00f3 en apuntarse. As\u00ed, Andrea Ram\u00edrez, de 37 a\u00f1os, lleg\u00f3 a su casa en septiembre. Estudia un m\u00e1ster de Trabajo Social en la Universidad Complutense, viene desde Lima y es su nueva compa\u00f1era de piso. En diferentes provincias de Espa\u00f1a se desarrollan proyectos de convivencia para combatir<a href=\"https:\/\/elpais.com\/sociedad\/2022-09-28\/la-soledad-no-deseada-no-es-un-fracaso-individual-sino-un-fracaso-como-sociedad.html\" data-link-track-dtm=\"\" data-mrf-link=\"https:\/\/elpais.com\/sociedad\/2022-09-28\/la-soledad-no-deseada-no-es-un-fracaso-individual-sino-un-fracaso-como-sociedad.html\"> la soledad no deseada de las personas mayores<\/a> y paliar<a href=\"https:\/\/elpais.com\/educacion\/2022-09-21\/universitarios-desesperados-en-busca-de-piso-te-cobran-500-euros-por-una-habitacion-sin-iluminacion-ni-ventanas.html\" data-link-track-dtm=\"\" data-mrf-link=\"https:\/\/elpais.com\/educacion\/2022-09-21\/universitarios-desesperados-en-busca-de-piso-te-cobran-500-euros-por-una-habitacion-sin-iluminacion-ni-ventanas.html\"> el problema habitacional de los universitarios<\/a>.<\/p>\n<p class=\"\" style=\"text-align: justify;\">Ram\u00edrez acompa\u00f1a todos los jueves a Rey a la peluquer\u00eda y tambi\u00e9n al m\u00e9dico. \u201cSi llueve, estoy m\u00e1s pendiente. Me da miedo que se caiga en la calle\u201d, explica la mujer, que suele prepararle quinoa con pi\u00f1a para desayunar porque le encanta. Ambas muestran una preocupaci\u00f3n mutua. \u201cLe he dado una manta que ganchill\u00e9 yo para que no se muera de fr\u00edo. Antes de que llegue, ya enciendo la calefacci\u00f3n y bajo la persiana de su habitaci\u00f3n para que la encuentre calentita\u201d, cuenta Rey.<\/p>\n<p class=\"\" style=\"text-align: justify;\">El responsable del programa Convive, Marcos B\u00f6cker, de la organizaci\u00f3n Solidarios para el Desarrollo, defiende la importancia de su proyecto, iniciado en 1995, en un contexto en el que \u201clos lazos sociales son m\u00e1s fr\u00e1giles porque los hijos, aunque est\u00e9n presentes, se encuentran a mayor distancia\u201d. Un problema que se agrava en las grandes ciudades y que cada vez es m\u00e1s frecuente. \u201c<a href=\"https:\/\/elpais.com\/diario\/2008\/06\/23\/sociedad\/1214172001_850215.html\" target=\"_blank\" rel=\"noopener\" data-link-track-dtm=\"\" data-mrf-link=\"https:\/\/elpais.com\/diario\/2008\/06\/23\/sociedad\/1214172001_850215.html\">Se pretende alargar al m\u00e1ximo la estancia de la persona mayor en su propio domicilio<\/a> para que no pierda los v\u00ednculos con su entorno\u201d, comenta.<\/p>\n<p class=\"\" style=\"text-align: justify;\"><a href=\"https:\/\/elpais.com\/salud-y-bienestar\/2023-06-19\/una-revision-de-estudios-con-22-millones-de-personas-muestra-como-la-soledad-aumenta-el-riesgo-de-morir.html\" target=\"_blank\" rel=\"noopener\" data-link-track-dtm=\"\" data-mrf-link=\"https:\/\/elpais.com\/salud-y-bienestar\/2023-06-19\/una-revision-de-estudios-con-22-millones-de-personas-muestra-como-la-soledad-aumenta-el-riesgo-de-morir.html\">La soledad acorta la vida<\/a>, seg\u00fan un estudio de la Universidad de Glasgow, publicado este mes en la revista <i>BMC Medicine<\/i>. Las personas que no reciben una visita al mes de familiares o amigos tienen mayor riesgo de muerte prematura, un 39% m\u00e1s. Por otra parte, en 2021 en Espa\u00f1a hab\u00eda 14 estudiantes por cada cama ofertada, seg\u00fan un informe de la consultora inmobiliaria JLL.<\/p>\n<p class=\"\" style=\"text-align: justify;\">Esta situaci\u00f3n hace de la convivencia algo positivo para las dos partes, pese a la diferencia de edad. 54 a\u00f1os exactos separan a Isabel Gonz\u00e1lez, de 82, de Gabriel Leal, de 28. Ambos nacieron un 27 de abril, aunque ella en la dictadura franquista y \u00e9l en democracia, en Colombia. Viven juntos desde hace casi dos meses. Gonz\u00e1lez participa desde 2018 en el programa Viure i Conviure, promovido ahora por la Fundaci\u00f3 Roure en Barcelona y creado en 1996. \u201cLa soledad es un mal compa\u00f1ero de viaje, falleci\u00f3 mi marido y me qued\u00e9 sola\u201d, cuenta. Su hijo no vive en la ciudad.<\/p>\n<p class=\"\" style=\"text-align: justify;\">En el sal\u00f3n de Manoli P\u00e9rez, de 78 a\u00f1os, hay dos libros. <i>El tiempo entre costuras<\/i>, publicado en 2009, y <i>Los misterios de la taberna Kamogawa<\/i>, en 2023. Comparte su mayor afici\u00f3n, la lectura, con su <a href=\"https:\/\/verne.elpais.com\/verne\/2020\/01\/23\/articulo\/1579767413_450251.html\" target=\"_blank\" rel=\"noopener\" data-link-track-dtm=\"\" data-mrf-link=\"https:\/\/verne.elpais.com\/verne\/2020\/01\/23\/articulo\/1579767413_450251.html\">compa\u00f1era de piso<\/a>, Nerea Rodr\u00edguez, de 21 a\u00f1os, que cursa Estudios de Asia Oriental. \u201cEs m\u00e1s lista que una ardilla\u201d, r\u00ede P\u00e9rez. Viven juntas en Salamanca desde hace dos a\u00f1os. La propietaria de la casa se sum\u00f3 al programa de alojamientos compartidos entre personas mayores y estudiantes universitarios que ofrece el Servicio de Asuntos Sociales de la Universidad de Salamanca, desde el a\u00f1o 2005, en colaboraci\u00f3n con la Junta de Castilla y Le\u00f3n y los ayuntamientos de \u00c1vila, Salamanca y Zamora.<\/p>\n<figure class=\"a_m a_m-h \" style=\"text-align: justify;\"><span class=\"_db a_m_w _pr lb_btn\"><img data-recalc-dims=\"1\" loading=\"lazy\" decoding=\"async\" class=\"_re lazyload a_m-h alignleft\" src=\"https:\/\/i0.wp.com\/imagenes.elpais.com\/resizer\/4jwLfTdGNAFt7HLW74VR_0SRMaw%3D\/414x0\/filters%3Afocal%281735x689%3A1745x699%29\/cloudfront-eu-central-1.images.arcpublishing.com\/prisa\/B32CPPI6HNBWJCJ67NB25ORNZI.jpg?resize=414%2C309&#038;ssl=1\" sizes=\"auto, (min-width:1199px) 1155px,(min-width:1001px) calc(100vw - 44px),(min-width:768px) 767px, 100vw\" srcset=\"https:\/\/imagenes.elpais.com\/resizer\/4jwLfTdGNAFt7HLW74VR_0SRMaw=\/414x0\/filters:focal(1735x689:1745x699)\/cloudfront-eu-central-1.images.arcpublishing.com\/prisa\/B32CPPI6HNBWJCJ67NB25ORNZI.jpg 414w,https:\/\/imagenes.elpais.com\/resizer\/MgSx3OzSYTAgf1zen7VOOMFgNL4=\/828x0\/filters:focal(1735x689:1745x699)\/cloudfront-eu-central-1.images.arcpublishing.com\/prisa\/B32CPPI6HNBWJCJ67NB25ORNZI.jpg 640w,https:\/\/imagenes.elpais.com\/resizer\/lm9m5DbnXr7eK8OOupDY-p8JbCA=\/980x0\/filters:focal(1735x689:1745x699)\/cloudfront-eu-central-1.images.arcpublishing.com\/prisa\/B32CPPI6HNBWJCJ67NB25ORNZI.jpg 1000w,https:\/\/imagenes.elpais.com\/resizer\/pt_d7Dp5ZFTeUN3kxzHx_hjW17w=\/1960x0\/filters:focal(1735x689:1745x699)\/cloudfront-eu-central-1.images.arcpublishing.com\/prisa\/B32CPPI6HNBWJCJ67NB25ORNZI.jpg 1960w\" alt=\"Nerea Rodr\u00edguez, de 21 a\u00f1os, y Manoli P\u00e9rez, de 78 a\u00f1os, durante el programa de convivencia intergeneracional entre estudiantes y personas mayores en Salamanca. \" width=\"414\" height=\"309\" \/><\/span><figcaption class=\"a_m_p\">Nerea Rodr\u00edguez, de 21 a\u00f1os, y Manoli P\u00e9rez, de 78 a\u00f1os, durante el programa de convivencia intergeneracional entre estudiantes y personas mayores en Salamanca. <span class=\"a_m_m\">Aitor Sol<\/span><\/figcaption><\/figure>\n<p class=\"\" style=\"text-align: justify;\">\u201cAunque soy joven, pens\u00e9 que despu\u00e9s de la pandemia ten\u00eda que apuntarme al programa porque <a href=\"https:\/\/elpais.com\/educacion\/2022-11-01\/la-pandemia-agiganta-la-brecha-educativa-entre-ricos-y-pobres.html\" target=\"_blank\" rel=\"noopener\" data-link-track-dtm=\"\" data-mrf-link=\"https:\/\/elpais.com\/educacion\/2022-11-01\/la-pandemia-agiganta-la-brecha-educativa-entre-ricos-y-pobres.html\">hab\u00eda estudiantes con una situaci\u00f3n econ\u00f3mica dif\u00edcil<\/a>. Muchos padres hab\u00edan perdido el trabajo\u201d, cuenta P\u00e9rez, que ya ten\u00eda una referencia positiva porque su madre convivi\u00f3 con otra universitaria. Rodr\u00edguez se decant\u00f3 por esta opci\u00f3n tras una mala experiencia en un piso de estudiantes. \u201cAhora estoy en un hogar, es m\u00e1s tranquilo, como cuando viv\u00eda con mi abuela en Talavera de la Reina\u201d, explica.<\/p>\n<p class=\"\" style=\"text-align: justify;\">La estudiante sale de su casa pronto, pero come y cena con su compa\u00f1era de piso. Si la joven tiene tiempo, ven <a href=\"https:\/\/elpais.com\/television\/2023-06-09\/amar-es-para-siempre-terminara-con-su-proxima-temporada.html\" target=\"_blank\" rel=\"noopener\" data-link-track-dtm=\"\" data-mrf-link=\"https:\/\/elpais.com\/television\/2023-06-09\/amar-es-para-siempre-terminara-con-su-proxima-temporada.html\"><i>Amar es para siempre<\/i><\/a>, la telenovela que le gusta a P\u00e9rez. \u201cAunque est\u00e9 ocupada en la habitaci\u00f3n, oigo la televisi\u00f3n en el sal\u00f3n y no me siento sola, que el silencio abruma mucho\u201d, explica Rodr\u00edguez. Adem\u00e1s, est\u00e1n muy coordinadas, cuenta P\u00e9rez: \u201cA m\u00ed me gusta mucho canturrear, pero ella estudia con tapones y dice que no la molesto\u201d.<\/p>\n<p class=\"\" style=\"text-align: justify;\">Leal se forma en el <a href=\"https:\/\/elpais.com\/diario\/1999\/02\/19\/catalunya\/919390039_850215.html\" target=\"_blank\" rel=\"noopener\" data-link-track-dtm=\"\" data-mrf-link=\"https:\/\/elpais.com\/diario\/1999\/02\/19\/catalunya\/919390039_850215.html\">Conservatorio Superior de M\u00fasica del Liceo en Barcelona<\/a>. Tiene clases por la ma\u00f1ana y por la tarde. \u201cNo se trata de tener una persona pegada a tu lado, se trata de compartir. Miras el reloj y piensas que ya tardar\u00e1 poquito en venir\u201d, detalla Gonz\u00e1lez. \u201cCuando ves una pel\u00edcula y comentas: \u2018Ay, qu\u00e9 tontos que son\u2019, pero no te contesta nadie, eso es la soledad en las personas mayores\u201d, aclara. Ahora est\u00e1 contenta porque ya tiene compa\u00f1ero para ver el programa de <a href=\"https:\/\/elpais.com\/television\/2023-11-12\/orestes-barbero-volver-a-pasapalabra-no-me-lo-planteo-pero-nunca-digas-de-este-agua-no-bebere.html\" target=\"_blank\" rel=\"noopener\" data-link-track-dtm=\"\" data-mrf-link=\"https:\/\/elpais.com\/television\/2023-11-12\/orestes-barbero-volver-a-pasapalabra-no-me-lo-planteo-pero-nunca-digas-de-este-agua-no-bebere.html\"><i>Pasapalabra<\/i><\/a>. \u201cNo nos lo perdemos nunca, a las ocho en punto estamos los dos delante del televisor\u201d, cuenta.<\/p>\n<figure class=\"a_m a_m-h \" style=\"text-align: justify;\"><span class=\"_db a_m_w _pr lb_btn\"><img data-recalc-dims=\"1\" loading=\"lazy\" decoding=\"async\" class=\"_re lazyload a_m-h alignright\" src=\"https:\/\/i0.wp.com\/imagenes.elpais.com\/resizer\/2DZnZ5kxpWEAKw7XekZYZtdEql4%3D\/414x0\/cloudfront-eu-central-1.images.arcpublishing.com\/prisa\/RCHAWNU6DJB5LI44SN5K2G3PQQ.jpg?resize=414%2C278&#038;ssl=1\" sizes=\"auto, (min-width:1199px) 1155px,(min-width:1001px) calc(100vw - 44px),(min-width:768px) 767px, 100vw\" srcset=\"https:\/\/imagenes.elpais.com\/resizer\/2DZnZ5kxpWEAKw7XekZYZtdEql4=\/414x0\/cloudfront-eu-central-1.images.arcpublishing.com\/prisa\/RCHAWNU6DJB5LI44SN5K2G3PQQ.jpg 414w,https:\/\/imagenes.elpais.com\/resizer\/u_hs5MgkYq8kCVETiR7MNQEN-oQ=\/828x0\/cloudfront-eu-central-1.images.arcpublishing.com\/prisa\/RCHAWNU6DJB5LI44SN5K2G3PQQ.jpg 640w,https:\/\/imagenes.elpais.com\/resizer\/f7oIDPD9hAjzbzlEygVKpvRIG8g=\/980x0\/cloudfront-eu-central-1.images.arcpublishing.com\/prisa\/RCHAWNU6DJB5LI44SN5K2G3PQQ.jpg 1000w,https:\/\/imagenes.elpais.com\/resizer\/dIuZp7w9FfB05PFTxIzpyKjENxw=\/1960x0\/cloudfront-eu-central-1.images.arcpublishing.com\/prisa\/RCHAWNU6DJB5LI44SN5K2G3PQQ.jpg 1960w\" alt=\"C\u00e1ndida Rey, de 87 a\u00f1os, y Andrea Ram\u00edrez, de 37 a\u00f1os, en la casa donde viven en Madrid. Jaime Villanueva\" width=\"414\" height=\"278\" \/><\/span><figcaption class=\"a_m_p\">C\u00e1ndida Rey, de 87 a\u00f1os, y Andrea Ram\u00edrez, de 37 a\u00f1os, en la casa donde viven en Madrid. Jaime Villanueva<span class=\"a_m_m\">Jaime Villanueva<\/span><\/figcaption><\/figure>\n<p class=\"\" style=\"text-align: justify;\">Gonz\u00e1lez lleva una vez al mes en coche a Leal para ense\u00f1arle Barcelona. \u201cTampoco quiero sobrecargarle sus d\u00edas de ocio\u201d, matiza. \u00c9l invita a sus compa\u00f1eros de clase a casa, con su permiso, y ella los escucha ensayar: \u201cEs un lujo\u201d.<\/p>\n<p class=\"\" style=\"text-align: justify;\">En Madrid, Rey valora mucho tener a la universitaria en casa por las noches: \u201cSi escucho un ruido, le pregunto si est\u00e1 bien y ella me contesta desde la otra habitaci\u00f3n\u201d. Ram\u00edrez cuenta, entre risas, que sus compa\u00f1eras la llaman <i>La Cenicienta<\/i> porque tiene que estar en casa antes de medianoche.<\/p>\n<p class=\"\" style=\"text-align: justify;\">Las parejas forjan un v\u00ednculo estrecho. \u201cSu hija me dice que soy la <a href=\"https:\/\/elpais.com\/opinion\/2022-12-24\/porque-no-solo-la-sangre-nos-une.html\" target=\"_blank\" rel=\"noopener\" data-link-track-dtm=\"\" data-mrf-link=\"https:\/\/elpais.com\/opinion\/2022-12-24\/porque-no-solo-la-sangre-nos-une.html\">hermana peque\u00f1a adoptiva<\/a>\u201d, explica en Salamanca Rodr\u00edguez. En las celebraciones familiares, siempre est\u00e1 presente porque solo se va a su casa en vacaciones. \u201cLlevo toda la semana mala, y cuando llegu\u00e9 de la universidad me ten\u00eda preparada una sopa\u201d, recuerda. P\u00e9rez no puede estar m\u00e1s contenta: \u201cEl a\u00f1o pasado ten\u00edamos una amistad, pensaba qu\u00e9 chica m\u00e1s linda, pero este a\u00f1o ya somos familia\u201d.<\/p>\n<h3 class=\"\" style=\"text-align: justify;\">Requisitos para participar en el programa<\/h3>\n<p class=\"\" style=\"text-align: justify;\">Las convivencias pueden iniciarse en cualquier momento del a\u00f1o con la pretensi\u00f3n de finalizar el curso acad\u00e9mico. Los estudiantes no pagan un alquiler. En Salamanca y Madrid los j\u00f3venes asumen los gastos que genera su estancia en la vivienda (luz, agua, gas o Internet). En Barcelona, aportan 60 euros mensuales a la Fundaci\u00f3 Roure o a la persona mayor si atraviesa una situaci\u00f3n econ\u00f3mica dif\u00edcil. En todos los casos, los universitarios costean su manutenci\u00f3n personal (comida, ropa o transporte).<\/p>\n<p class=\"\" style=\"text-align: justify;\">Las personas mayores deben tener 65 a\u00f1os o m\u00e1s y preferiblemente tienen que vivir solas. Deben mantenerse en un estado psicof\u00edsico aut\u00f3nomo porque el estudiante acompa\u00f1a, pero no cuida. El joven tiene que estar matriculado en uno de los centros con los que el programa tenga convenio. En Madrid participan siete universidades (UCM, UAM, UC3, UPM, URJC, UAH, U. Comillas), en Barcelona se suman todas las facultades p\u00fablicas y privadas, y en la ciudad universitaria interviene la <a href=\"https:\/\/elpais.com\/noticias\/usal-universidad-salamanca\/\" target=\"_blank\" rel=\"noopener\" data-link-track-dtm=\"\" data-mrf-link=\"https:\/\/elpais.com\/noticias\/usal-universidad-salamanca\/\">Universidad de Salamanca<\/a>.<\/p>\n<p class=\"\" style=\"text-align: justify;\">Los estudiantes se comprometen a estar dos horas y media diarias con las personas mayores y tienen que llegar al domicilio antes de las 22.30, en el caso de Barcelona y Madrid, salvo en el tiempo semanal de libre disposici\u00f3n y en los periodos vacacionales que marca la comunidad educativa. En Salamanca no se exigen horarios estrictos, pero s\u00ed se pide compromiso y responsabilidad.<\/p>\n<p class=\"\" style=\"text-align: justify;\">Todas las personas mayores valoran la seguridad del amparo institucional. Los ayuntamientos de Madrid y Barcelona tambi\u00e9n respaldan los proyectos en sus respectivos territorios. As\u00ed como, la Generalitat de Catalu\u00f1a y la Diputaci\u00f3n de Barcelona.<\/p>\n<p class=\"\" style=\"text-align: justify;\">Siempre se eval\u00faa la sensibilidad para convivir con alguien mayor. Los programas tienen un equipo que valora la compatibilidad de las personas cuando las solicitudes llegan. La \u00faltima palabra siempre la tienen las parejas cuando se conocen. \u201cSi la motivaci\u00f3n de la persona es puramente econ\u00f3mica, no suele funcionar\u201d, aclara la psic\u00f3loga del programa de la Fundaci\u00f3 Roure, Olga Ib\u00e1\u00f1ez.<\/p>\n<p class=\"\" style=\"text-align: justify;\">En Barcelona las convivencias actuales rondan las 90 y en Madrid hay 65. Participan m\u00e1s mujeres que hombres en soledad. Todos los j\u00f3venes recomiendan el programa y las personas mayores tambi\u00e9n. \u201cEl nido se queda vac\u00edo y estos estudiantes intentan llenarlo\u201d, afirma Gonz\u00e1lez. C\u00e1ndida lo \u00fanico que no entiende es por qu\u00e9 no le presentaron antes a Andrea. \u201cQu\u00e9 coraje cuando se vaya\u201d, lamenta. Manoli, con la positividad que le caracteriza, cuenta que Nerea ha llenado su casa de alegr\u00eda: \u201cSola se vive bien, pero acompa\u00f1ada se vive mejor\u201d.<\/p>\n<p><a class=\"a_md_a_n\" title=\"Ver todas las noticias de Sara Castro\" href=\"https:\/\/elpais.com\/autor\/sara-castro-garcia\/#?rel=author_top\" data-mrf-link=\"https:\/\/elpais.com\/autor\/sara-castro-garcia\/\"><strong>Sara Castro<\/strong><\/a><\/p>\n<header class=\"a_e _g _g-xs\">\n<div class=\"a_e_m\">\n<figure class=\"a_m a_m-h \"><figcaption class=\"a_m_p\">FOTO: C\u00e1ndida Rey, de 87 a\u00f1os, y Andrea Ram\u00edrez, de 37 a\u00f1os, en la casa donde conviven en Madrid.<span class=\"a_m_m\">Jaime Villanueva<\/span><\/figcaption><\/figure>\n<\/div>\n<\/header>\n<div class=\"a_md _g _g-xs \">\n<figure class=\"a_md_i a_m-h c_m--nf\"><span class=\"a_m_w _db\">https:\/\/elpais.com\/educacion\/2023-11-26\/yo-pongo-la-casa-y-tu-la-compania-el-nido-se-queda-vacio-y-estos-estudiantes-intentan-llenarlo.html<\/span><\/figure>\n<div class=\"a_md_txt\">\n<div class=\"a_md_a\" data-dtm-region=\"articulo_firma\">\u00a0<\/div>\n<\/div>\n<\/div>\n","protected":false},"excerpt":{"rendered":"<p>En distintas ciudades de Espa\u00f1a hay programas de convivencia intergeneracional con el objetivo de combatir&#8230;<\/p>\n","protected":false},"author":1,"featured_media":65391,"comment_status":"closed","ping_status":"closed","sticky":false,"template":"","format":"standard","meta":{"_coblocks_attr":"","_coblocks_dimensions":"","_coblocks_responsive_height":"","_coblocks_accordion_ie_support":"","jetpack_post_was_ever_published":false,"_jetpack_newsletter_access":"","_jetpack_dont_email_post_to_subs":false,"_jetpack_newsletter_tier_id":0,"_jetpack_memberships_contains_paywalled_content":false,"_jetpack_memberships_contains_paid_content":false,"footnotes":"","jetpack_publicize_message":"","jetpack_publicize_feature_enabled":true,"jetpack_social_post_already_shared":true,"jetpack_social_options":{"image_generator_settings":{"template":"highway","default_image_id":0,"enabled":false},"version":2}},"categories":[1161,44,6937,10],"tags":[],"class_list":["post-65390","post","type-post","status-publish","format-standard","has-post-thumbnail","hentry","category-ciudadania","category-noticias-de-hoy","category-sociedad","category-salud"],"jetpack_publicize_connections":[],"jetpack_featured_media_url":"https:\/\/i0.wp.com\/miradordeatarfe.es\/wp-content\/uploads\/2023\/11\/Screenshot-2023-11-29-at-14-00-07-Yo-pongo-la-casa-y-tu-la-compania-El-nido-se-queda-vacio-y-estos-estudiantes-intentan-llenarlo.png?fit=595%2C469&ssl=1","jetpack_likes_enabled":true,"jetpack_sharing_enabled":true,"_links":{"self":[{"href":"https:\/\/miradordeatarfe.es\/index.php?rest_route=\/wp\/v2\/posts\/65390","targetHints":{"allow":["GET"]}}],"collection":[{"href":"https:\/\/miradordeatarfe.es\/index.php?rest_route=\/wp\/v2\/posts"}],"about":[{"href":"https:\/\/miradordeatarfe.es\/index.php?rest_route=\/wp\/v2\/types\/post"}],"author":[{"embeddable":true,"href":"https:\/\/miradordeatarfe.es\/index.php?rest_route=\/wp\/v2\/users\/1"}],"replies":[{"embeddable":true,"href":"https:\/\/miradordeatarfe.es\/index.php?rest_route=%2Fwp%2Fv2%2Fcomments&post=65390"}],"version-history":[{"count":1,"href":"https:\/\/miradordeatarfe.es\/index.php?rest_route=\/wp\/v2\/posts\/65390\/revisions"}],"predecessor-version":[{"id":65392,"href":"https:\/\/miradordeatarfe.es\/index.php?rest_route=\/wp\/v2\/posts\/65390\/revisions\/65392"}],"wp:featuredmedia":[{"embeddable":true,"href":"https:\/\/miradordeatarfe.es\/index.php?rest_route=\/wp\/v2\/media\/65391"}],"wp:attachment":[{"href":"https:\/\/miradordeatarfe.es\/index.php?rest_route=%2Fwp%2Fv2%2Fmedia&parent=65390"}],"wp:term":[{"taxonomy":"category","embeddable":true,"href":"https:\/\/miradordeatarfe.es\/index.php?rest_route=%2Fwp%2Fv2%2Fcategories&post=65390"},{"taxonomy":"post_tag","embeddable":true,"href":"https:\/\/miradordeatarfe.es\/index.php?rest_route=%2Fwp%2Fv2%2Ftags&post=65390"}],"curies":[{"name":"wp","href":"https:\/\/api.w.org\/{rel}","templated":true}]}}