{"id":65393,"date":"2023-11-30T09:04:16","date_gmt":"2023-11-30T08:04:16","guid":{"rendered":"https:\/\/miradordeatarfe.es\/?p=65393"},"modified":"2023-11-29T14:10:20","modified_gmt":"2023-11-29T13:10:20","slug":"las-pensiones-aumentaran-un-38-en-2024","status":"publish","type":"post","link":"https:\/\/miradordeatarfe.es\/?p=65393","title":{"rendered":"Las pensiones aumentar\u00e1n un 3,8% en 2024"},"content":{"rendered":"<h3 class=\"a_st\" style=\"text-align: justify;\">Las pensiones m\u00ednimas y las no contributivas crecer\u00e1n m\u00e1s, en torno a un 6,8% seg\u00fan las \u00faltimas proyecciones del Gobierno. El gasto en pensiones contributivas alcanz\u00f3 en noviembre 12.100 millones de euros, el 11,5% del PIB<\/h3>\n<p class=\"\" style=\"text-align: justify;\">Las pensiones contributivas crecer\u00e1n por norma general un 3,8% en 2024, seg\u00fan ha confirmado el Ministerio de Seguridad Social. El detalle del incremento se especifica <a href=\"https:\/\/elpais.com\/economia\/2023-11-29\/la-inflacion-se-modera-al-32-en-noviembre-y-da-un-respiro-antes-de-la-campana-navidena.html\" target=\"_blank\" rel=\"noopener\" data-link-track-dtm=\"\" data-mrf-link=\"https:\/\/elpais.com\/economia\/2023-11-29\/la-inflacion-se-modera-al-32-en-noviembre-y-da-un-respiro-antes-de-la-campana-navidena.html\">una vez conocida la inflaci\u00f3n interanual de noviembre (3,2%)<\/a>. Esto es as\u00ed <a href=\"https:\/\/www.boe.es\/buscar\/doc.php?id=BOE-A-2021-21652\" target=\"_blank\" rel=\"noopener\" data-link-track-dtm=\"\" data-mrf-link=\"https:\/\/www.boe.es\/buscar\/doc.php?id=BOE-A-2021-21652\">porque la ley establece<\/a> que la revalorizaci\u00f3n de las pensiones para el a\u00f1o siguiente se ajusta a la media de las 12 tasas interanuales anteriores a diciembre, es decir, del \u00faltimo mes del a\u00f1o anterior a noviembre del a\u00f1o en curso, y entra en aplicaci\u00f3n en la n\u00f3mina de enero del curso siguiente. As\u00ed, la media de ese periodo queda en un 3,8%, de manera que los pensionistas, <a href=\"https:\/\/elpais.com\/economia\/2023-01-02\/las-pensiones-crecen-en-2023-cuando-y-como-voy-a-cobrar-la-nueva-cuantia.html\" target=\"_blank\" rel=\"noopener\" data-link-track-dtm=\"\" data-mrf-link=\"https:\/\/elpais.com\/economia\/2023-01-02\/las-pensiones-crecen-en-2023-cuando-y-como-voy-a-cobrar-la-nueva-cuantia.html\">un a\u00f1o m\u00e1s<\/a>, no perder\u00e1n poder adquisitivo.<\/p>\n<p class=\"\" style=\"text-align: justify;\">Esta conexi\u00f3n entre el avance de los precios y la actualizaci\u00f3n de las pensiones se consolid\u00f3 <a href=\"https:\/\/elpais.com\/economia\/2021-12-02\/el-congreso-aprueba-la-reforma-de-las-pensiones-que-garantiza-su-revalorizacion-segun-el-ipc.html\" target=\"_blank\" rel=\"noopener\" data-link-track-dtm=\"\" data-mrf-link=\"https:\/\/elpais.com\/economia\/2021-12-02\/el-congreso-aprueba-la-reforma-de-las-pensiones-que-garantiza-su-revalorizacion-segun-el-ipc.html\">en la reforma de 2021<\/a>, que suprimi\u00f3 el factor de sostenibilidad que introdujo el PP en su modificaci\u00f3n de 2013. \u201cLas pensiones contributivas de la Seguridad Social mantendr\u00e1n su poder adquisitivo en los t\u00e9rminos previstos en esta ley\u201d, indica la norma impulsada por el entonces ministro de Seguridad Social, Jos\u00e9 Luis Escriv\u00e1. Cabe destacar que el dato de inflaci\u00f3n difundido este mi\u00e9rcoles es provisional. Habr\u00e1 que esperar al 14 de diciembre para conocer el definitivo, pero los cambios suelen ser \u00ednfimos.<\/p>\n<p class=\"\" style=\"text-align: justify;\">As\u00ed, <a href=\"https:\/\/www.seg-social.es\/wps\/portal\/wss\/internet\/Pensionistas\/Revalorizacion\/30459\" target=\"_blank\" rel=\"noopener\" data-link-track-dtm=\"\" data-mrf-link=\"https:\/\/www.seg-social.es\/wps\/portal\/wss\/internet\/Pensionistas\/Revalorizacion\/30459\">la pensi\u00f3n m\u00e1xima<\/a> escalar\u00e1 de los 3.059 euros brutos al mes de 2023 a unos 3.174 euros. En c\u00f3mputo anual crecer\u00e1 de 42.823 euros a unos 44.450 euros en 2024.<\/p>\n<p class=\"\" style=\"text-align: justify;\">Las pensiones subir\u00e1n<a href=\"https:\/\/elpais.com\/economia\/2023-10-11\/asi-evolucionaran-las-pensiones-las-minimas-y-las-no-contributivas-hasta-2027-segun-las-proyecciones-del-gobierno.html\" target=\"_blank\" rel=\"noopener\" data-link-track-dtm=\"\" data-mrf-link=\"https:\/\/elpais.com\/economia\/2023-10-11\/asi-evolucionaran-las-pensiones-las-minimas-y-las-no-contributivas-hasta-2027-segun-las-proyecciones-del-gobierno.html\"> algo m\u00e1s para los m\u00e1s vulnerables<\/a>, aquellos que perciben pensiones m\u00ednimas o no contributivas. La segunda parte de la reforma de Escriv\u00e1, <a href=\"https:\/\/elpais.com\/economia\/2023-03-10\/claves-de-la-reforma-de-las-pensiones-aumento-de-las-minimas-y-de-las-bases-maximas.html\" target=\"_blank\" rel=\"noopener\" data-link-track-dtm=\"\" data-mrf-link=\"https:\/\/elpais.com\/economia\/2023-03-10\/claves-de-la-reforma-de-las-pensiones-aumento-de-las-minimas-y-de-las-bases-maximas.html\">aprobada en marzo de este a\u00f1o<\/a>, establece un incremento superior al del IPC para estas cuant\u00edas. La norma marca una senda de subida con el umbral de pobreza como referencia, a\u00f1o a a\u00f1o hasta 2027.<\/p>\n<p class=\"\" style=\"text-align: justify;\">El ministerio no ha hecho p\u00fablico cu\u00e1nto crecer\u00e1n las pensiones m\u00ednimas y las no contributivas, pero en octubre<a href=\"https:\/\/elpais.com\/economia\/2023-10-11\/asi-evolucionaran-las-pensiones-las-minimas-y-las-no-contributivas-hasta-2027-segun-las-proyecciones-del-gobierno.html\" target=\"_blank\" rel=\"noopener\" data-link-track-dtm=\"\" data-mrf-link=\"https:\/\/elpais.com\/economia\/2023-10-11\/asi-evolucionaran-las-pensiones-las-minimas-y-las-no-contributivas-hasta-2027-segun-las-proyecciones-del-gobierno.html\"> difundi\u00f3 una estimaci\u00f3n que da pistas<\/a>. Aunque fuentes del ministerio advierten que no es una previsi\u00f3n cerrada, en el documento<i> <\/i><a href=\"https:\/\/www.seg-social.es\/wps\/wcm\/connect\/wss\/b7bd492e-0171-477a-be29-394c450162b9\/Informe+Proyec_SS+2023_final.pdf?MOD=AJPERES\" target=\"_blank\" rel=\"noopener\" data-link-track-dtm=\"\" data-mrf-link=\"https:\/\/www.seg-social.es\/wps\/wcm\/connect\/wss\/b7bd492e-0171-477a-be29-394c450162b9\/Informe+Proyec_SS+2023_final.pdf?MOD=AJPERES\"><i>Proyecciones del gasto p\u00fablico en pensiones en Espa\u00f1a<\/i><\/a> el Gobierno prev\u00e9 que la pensi\u00f3n m\u00ednima de jubilaci\u00f3n contributiva para personas de 65 a\u00f1os o m\u00e1s con c\u00f3nyuge a cargo crecer\u00e1 un 6,85%, de 13.527 euros brutos anuales en 2023 a 14.453 en 2024. Este incremento en la pensi\u00f3n m\u00ednima puede ser mayor o menor en funci\u00f3n de las circunstancias del pensionista (m\u00e1s personas a cargo, a\u00f1os cotizados&#8230;), lo que var\u00eda la brecha a corregir respecto al umbral de pobreza.<\/p>\n<div class=\"raw_html\" style=\"text-align: justify;\">\n<div>\n<div class=\"width\"><iframe id=\"datawrapper-chart-65DOG\" title=\"Evoluci\u00f3n de la pensi\u00f3n m\u00ednima y de la no contributiva\u00a0\" src=\"https:\/\/datawrapper.dwcdn.net\/65DOG\/1\/\" height=\"400\" frameborder=\"0\" scrolling=\"no\" aria-label=\"Interactive line chart\" data-external=\"1\" data-mce-fragment=\"1\"><\/iframe><\/div>\n<\/div>\n<\/div>\n<p class=\"\" style=\"text-align: justify;\">Para las pensiones no contributivas se proyecta un incremento del 6,76%, de 6.785 euros este a\u00f1o a 7.244 el que viene. Cabe destacar que para este c\u00e1lculo el Gobierno contemplaba que 2023 cerrase con un 4% de inflaci\u00f3n (dos d\u00e9cimas menos que la registrada para el periodo diciembre 2022-noviembre 2023). Las estimaciones del Ejecutivo tambi\u00e9n contemplan cu\u00e1nto crecer\u00e1n las pensiones hasta 2027, partiendo de una inflaci\u00f3n del 2% a partir del a\u00f1o que viene, el objetivo que se marcan los organismos reguladores internacionales, pero que, seg\u00fan estas mismas instituciones, no se conseguir\u00e1 en 2024. El Fondo Monetario Internacional prev\u00e9 que <a href=\"https:\/\/elpais.com\/economia\/2023-10-10\/el-fmi-apunta-a-una-desaceleracion-de-la-economia-espanola-que-crecera-el-17-en-2024.html\" target=\"_blank\" rel=\"noopener\" data-link-track-dtm=\"\" data-mrf-link=\"https:\/\/elpais.com\/economia\/2023-10-10\/el-fmi-apunta-a-una-desaceleracion-de-la-economia-espanola-que-crecera-el-17-en-2024.html\">la inflaci\u00f3n en Espa\u00f1a ser\u00e1 del 3,9%<\/a> en 2024.<\/p>\n<p class=\"\" style=\"text-align: justify;\">El Grupo de Investigaci\u00f3n en Pensiones y Protecci\u00f3n Social, compuesto por seis expertos en Seguridad Social, <a href=\"https:\/\/elpais.com\/economia\/2023-11-18\/la-revalorizacion-de-las-pensiones-con-el-ipc-costara-unos-7600-millones-el-proximo-ano-la-mitad-que-en-2022.html\" target=\"_blank\" rel=\"noopener\" data-link-track-dtm=\"\" data-mrf-link=\"https:\/\/elpais.com\/economia\/2023-11-18\/la-revalorizacion-de-las-pensiones-con-el-ipc-costara-unos-7600-millones-el-proximo-ano-la-mitad-que-en-2022.html\">public\u00f3 recientemente su estimaci\u00f3n sobre el alza de las pensiones en 2024<\/a> y qu\u00e9 coste implicar\u00e1 para el sistema. Este grupo de acad\u00e9micos, antes de conocer el dato de inflaci\u00f3n de noviembre, estimaba que las pensiones contributivas aumentar\u00edan un 3,8%. Adem\u00e1s, contemplan un alza superior a la de las proyecciones del Gobierno para las m\u00ednimas y no contributivas, del 8% y del 7,9% respectivamente. Con estos incrementos, el Grupo estima que el coste en pensiones contributivas aumentar\u00e1 en 2024 en 7.647 millones de euros a lo largo del a\u00f1o, de los que 6.622 millones ir\u00e1n dedicados las pensiones contributivas.<\/p>\n<h3 class=\"\" style=\"text-align: justify;\">Gasto en pensiones<\/h3>\n<p class=\"\" style=\"text-align: justify;\">La Seguridad Social, <a href=\"https:\/\/elpais.com\/espana\/2023-11-20\/elma-saiz-una-nueva-ministra-de-seguridad-social-y-politicas-migratorias-con-gran-disposicion-al-dialogo.html\" target=\"_blank\" rel=\"noopener\" data-link-track-dtm=\"\" data-mrf-link=\"https:\/\/elpais.com\/espana\/2023-11-20\/elma-saiz-una-nueva-ministra-de-seguridad-social-y-politicas-migratorias-con-gran-disposicion-al-dialogo.html\">bajo la direcci\u00f3n de Elma Saiz desde mediados de mes<\/a>, hizo p\u00fablica este martes la n\u00f3mina mensual de las prestaciones contributivas. Esta estad\u00edstica detalla cu\u00e1nto cuestan estas prestaciones a las arcas del Estado y qu\u00e9 proporci\u00f3n del PIB implican. En noviembre, Espa\u00f1a se gast\u00f3 12.100,8 millones de euros en el pago ordinario en prestaciones contributivas, el mayor desembolso de la historia. En proporci\u00f3n respecto al PIB, seg\u00fan las estimaciones de la Seguridad Social, esto supone un 11,5% del PIB, dos d\u00e9cimas menos que en el mismo mes de 2022 y nueve menos que en 2020, cuando alcanz\u00f3 un pico del 12,4%.<\/p>\n<p class=\"\" style=\"text-align: justify;\">En el mismo mes del a\u00f1o pasado, las pensiones contributivas costaron m\u00e1s de mil millones menos. Este salto se debe al aceler\u00f3n inaudito de la inflaci\u00f3n en 2022 por la crisis energ\u00e9tica, lo que impuls\u00f3 un 8,5% las pensiones. El envejecimiento de la poblaci\u00f3n tensionar\u00e1 cada vez m\u00e1s las cuentas de la Seguridad Social.<\/p>\n<div class=\"raw_html\" style=\"text-align: justify;\">\n<div><iframe id=\"datawrapper-chart-MXOUd\" title=\"Gasto en pensiones contributivas\" src=\"https:\/\/datawrapper.dwcdn.net\/MXOUd\/1\/\" height=\"400\" frameborder=\"0\" scrolling=\"no\" aria-label=\"Gr\u00e1fico de columnas\" data-external=\"1\" data-mce-fragment=\"1\"><\/iframe><\/div>\n<\/div>\n<p class=\"\" style=\"text-align: justify;\">Espa\u00f1a abona 10,1 millones de pensiones contributivas, de las que 6,4 millones son de jubilaci\u00f3n, 2,4 de viudedad, 945.000 de incapacidad permanente, 340.000 de orfandad y 45.000 en favor de familiares. Estas prestaciones son percibidas por 9,1 millones de pensionistas, una cifra inferior al global de pensiones porque algunas personas reciben m\u00e1s de un tipo de pensi\u00f3n. El envejecimiento que sufre Espa\u00f1a hace que el n\u00famero de pensionistas crezca a un ritmo interanual del 1,3%.<\/p>\n<p class=\"\" style=\"text-align: justify;\">Por otro lado, la pensi\u00f3n media del sistema en global asciende a 1.198 euros al mes, algo m\u00e1s de 100 euros por encima del salario m\u00ednimo. La de jubilaci\u00f3n, la m\u00e1s com\u00fan, es algo superior: 1.378 euros brutos al mes en 14 pagas.<\/p>\n<p class=\"\" style=\"text-align: justify;\">El gasto en pensiones contributivas de Espa\u00f1a se completa con las clases pasivas, otros 1.515 millones de euros en octubre (\u00faltimo dato disponible). Son 166 millones de euros m\u00e1s que hace un a\u00f1o, un aumento del 12%. Estos pensionistas son personal militar, personal civil de la Administraci\u00f3n General del Estado, de la Administraci\u00f3n de Justicia, de las Cortes Generales y de otros \u00f3rganos constitucionales o estatales, as\u00ed como a los funcionarios transferidos a las comunidades aut\u00f3nomas.<\/p>\n<p style=\"text-align: justify;\"><a class=\"a_md_a_n\" title=\"Ver todas las noticias de Emilio S\u00e1nchez Hidalgo\" href=\"https:\/\/elpais.com\/autor\/emilio-sanchez-hidalgo\/#?rel=author_top\" data-mrf-link=\"https:\/\/elpais.com\/autor\/emilio-sanchez-hidalgo\/\"><strong>Emilio S\u00e1nchez Hidalgo<\/strong><\/a><\/p>\n<header class=\"a_e _g _g-xs\">\n<div class=\"a_e_m\">\n<figure class=\"a_m a_m-h \"><figcaption class=\"a_m_p\">FOTO: Una pareja camina de la mano en Sevilla, en octubre.<span class=\"a_m_m\">PACO PUENTES<\/span><\/figcaption><\/figure>\n<\/div>\n<\/header>\n<div class=\"a_md _g _g-xs \">\n<figure class=\"a_md_i a_m-h c_m--nf\"><span class=\"a_m_w _db\">https:\/\/elpais.com\/economia\/2023-11-29\/las-pensiones-aumentaran-un-38-en-2024.html<\/span><\/figure>\n<div class=\"a_md_txt\">\n<div class=\"a_md_a\" data-dtm-region=\"articulo_firma\">\u00a0<\/div>\n<\/div>\n<\/div>\n","protected":false},"excerpt":{"rendered":"<p>Las pensiones m\u00ednimas y las no contributivas crecer\u00e1n m\u00e1s, en torno a un 6,8% seg\u00fan&#8230;<\/p>\n","protected":false},"author":1,"featured_media":65394,"comment_status":"closed","ping_status":"closed","sticky":false,"template":"","format":"standard","meta":{"_coblocks_attr":"","_coblocks_dimensions":"","_coblocks_responsive_height":"","_coblocks_accordion_ie_support":"","jetpack_post_was_ever_published":false,"_jetpack_newsletter_access":"","_jetpack_dont_email_post_to_subs":false,"_jetpack_newsletter_tier_id":0,"_jetpack_memberships_contains_paywalled_content":false,"_jetpack_memberships_contains_paid_content":false,"footnotes":"","jetpack_publicize_message":"","jetpack_publicize_feature_enabled":true,"jetpack_social_post_already_shared":true,"jetpack_social_options":{"image_generator_settings":{"template":"highway","default_image_id":0,"enabled":false},"version":2}},"categories":[1161,44,7671,6937],"tags":[],"class_list":["post-65393","post","type-post","status-publish","format-standard","has-post-thumbnail","hentry","category-ciudadania","category-noticias-de-hoy","category-politica","category-sociedad"],"jetpack_publicize_connections":[],"jetpack_featured_media_url":"https:\/\/i0.wp.com\/miradordeatarfe.es\/wp-content\/uploads\/2023\/11\/Screenshot-2023-11-29-at-14-04-56-Las-pensiones-aumentaran-un-3-8-en-2024.png?fit=674%2C503&ssl=1","jetpack_likes_enabled":true,"jetpack_sharing_enabled":true,"_links":{"self":[{"href":"https:\/\/miradordeatarfe.es\/index.php?rest_route=\/wp\/v2\/posts\/65393","targetHints":{"allow":["GET"]}}],"collection":[{"href":"https:\/\/miradordeatarfe.es\/index.php?rest_route=\/wp\/v2\/posts"}],"about":[{"href":"https:\/\/miradordeatarfe.es\/index.php?rest_route=\/wp\/v2\/types\/post"}],"author":[{"embeddable":true,"href":"https:\/\/miradordeatarfe.es\/index.php?rest_route=\/wp\/v2\/users\/1"}],"replies":[{"embeddable":true,"href":"https:\/\/miradordeatarfe.es\/index.php?rest_route=%2Fwp%2Fv2%2Fcomments&post=65393"}],"version-history":[{"count":2,"href":"https:\/\/miradordeatarfe.es\/index.php?rest_route=\/wp\/v2\/posts\/65393\/revisions"}],"predecessor-version":[{"id":65396,"href":"https:\/\/miradordeatarfe.es\/index.php?rest_route=\/wp\/v2\/posts\/65393\/revisions\/65396"}],"wp:featuredmedia":[{"embeddable":true,"href":"https:\/\/miradordeatarfe.es\/index.php?rest_route=\/wp\/v2\/media\/65394"}],"wp:attachment":[{"href":"https:\/\/miradordeatarfe.es\/index.php?rest_route=%2Fwp%2Fv2%2Fmedia&parent=65393"}],"wp:term":[{"taxonomy":"category","embeddable":true,"href":"https:\/\/miradordeatarfe.es\/index.php?rest_route=%2Fwp%2Fv2%2Fcategories&post=65393"},{"taxonomy":"post_tag","embeddable":true,"href":"https:\/\/miradordeatarfe.es\/index.php?rest_route=%2Fwp%2Fv2%2Ftags&post=65393"}],"curies":[{"name":"wp","href":"https:\/\/api.w.org\/{rel}","templated":true}]}}