{"id":65397,"date":"2023-12-04T09:15:19","date_gmt":"2023-12-04T08:15:19","guid":{"rendered":"https:\/\/miradordeatarfe.es\/?p=65397"},"modified":"2023-11-29T14:18:15","modified_gmt":"2023-11-29T13:18:15","slug":"lo-que-nos-puede-ensenar-el-norte-de-europa-en-materia-de-jornada-laboral","status":"publish","type":"post","link":"https:\/\/miradordeatarfe.es\/?p=65397","title":{"rendered":"Lo que nos puede ense\u00f1ar el norte de Europa en materia de jornada laboral"},"content":{"rendered":"<h3 class=\"a_st\" style=\"text-align: justify;\">Espa\u00f1a es uno de los pa\u00edses con menos conciliaci\u00f3n y m\u00e1s horas de trabajo, y aun as\u00ed uno de los menos productivos en comparaci\u00f3n con otros pa\u00edses de su entorno<\/h3>\n<p class=\"\" style=\"text-align: justify;\">El a\u00f1o pasado, fuimos testigos de la impactante imagen de una empleada de X, para ese entonces Twitter, durmiendo en el suelo de la oficina despu\u00e9s de la adquisici\u00f3n de la red social por parte de Elon Musk. Desde un principio, <a href=\"https:\/\/cincodias.elpais.com\/cincodias\/2022\/11\/22\/opinion\/1669118334_375278.html\" target=\"_blank\" rel=\"noopener\" data-link-track-dtm=\"\" data-mrf-link=\"https:\/\/cincodias.elpais.com\/cincodias\/2022\/11\/22\/opinion\/1669118334_375278.html\">el empresario advirti\u00f3 que su enfoque de trabajo difer\u00eda de la cultura inculcada por la antigua direcci\u00f3n<\/a> y esta fotograf\u00eda viral no hizo m\u00e1s que evidenciar c\u00f3mo sus exigencias afectaban a los empleados. Con el enfoque en la cantidad de horas trabajadas en lugar de la productividad inherente a las mismas, la din\u00e1mica establecida por Musk abri\u00f3 un debate: \u00bfsabemos realmente qu\u00e9 se entiende por productividad?<\/p>\n<p class=\"\" style=\"text-align: justify;\">Los espa\u00f1oles hemos observado con rechazo este tipo de din\u00e1micas en donde los trabajadores no son capaces de cuidar de s\u00ed mismos por anteponer los intereses de las organizaciones. Es evidente que, sin ser del todo conscientes, las pr\u00e1cticas poco conciliadoras han ido calando en nuestra sociedad m\u00e1s profundamente de lo que nos cre\u00edamos. A menudo nos encontramos atrapados en la cultura del <i>presentismo<\/i>, en la que estar en la oficina durante largas horas se percibe como un signo de dedicaci\u00f3n, aunque realmente no estemos siendo productivos durante todo ese tiempo. Los datos as\u00ed lo respaldan, en 2022 se contabilizaron en nuestro pa\u00eds casi siete millones de horas extra, un 8% m\u00e1s que el a\u00f1o anterior, seg\u00fan la encuesta de EPA. Sin embargo, la baja productividad contin\u00faa siendo nuestro desaf\u00edo m\u00e1s apremiante y nos sit\u00faa en desventaja frente al resto de Europa.<\/p>\n<p class=\"\" style=\"text-align: justify;\">Como resultado, en plena vor\u00e1gine pol\u00edtica este a\u00f1o hemos visto como el n\u00famero de horas trabajadas han estado en el centro del debate, especialmente con la posible reducci\u00f3n de jornada laboral a 37,5 horas. El Banco de Espa\u00f1a ya alertaba sobre sus posibles perjuicios a la econom\u00eda espa\u00f1ola de no lograr incrementarse la productividad. A principios de a\u00f1o, el director general de Econom\u00eda y Estad\u00edstica del BdE, \u00c1ngel Gavil\u00e1n, advert\u00eda que, en 2008, los datos registraron una diferencia del 8% respecto a la zona euro en renta per c\u00e1pita. Desde entonces, esa brecha ha ido creciendo y actualmente se sit\u00faa en 15 puntos porcentuales por debajo de la media de la eurozona, una cifra que hacer saltar todas las alarmas.<\/p>\n<p class=\"\" style=\"text-align: justify;\">En medio de un escenario de debates pol\u00edticos, es preciso que no perdamos el foco de lo verdaderamente importante: la productividad no solo se basa en trabajar m\u00e1s o menos horas, sino en hacerlo de manera inteligente. En este sentido, es hora de mirar m\u00e1s all\u00e1 y aprender de las lecciones de aquellos que han logrado un mayor equilibrio entre bienestar y eficiencia laboral, nuestros vecinos del norte de Europa.<\/p>\n<p class=\"\" style=\"text-align: justify;\">Estos modelos de \u00e9xito han inspirado a las compa\u00f1\u00edas a ser cada vez m\u00e1s conscientes del impacto que tiene el cuidado personal de los profesionales en su efectividad. Los programas de bienestar, flexibilidad laboral y un enfoque en la salud y el equilibrio entre trabajo y vida personal se han convertido en la piedra angular de la cultura empresarial.<\/p>\n<p class=\"\" style=\"text-align: justify;\">Es indiscutible que la satisfacci\u00f3n y el bienestar de los empleados son fundamentales para mantener un equipo comprometido y productivo. No obstante, el bienestar, por s\u00ed solo, no garantiza la m\u00e1xima productividad.<\/p>\n<p class=\"\" style=\"text-align: justify;\">La eficiencia radica en la gesti\u00f3n del tiempo y la priorizaci\u00f3n. En nuestro pa\u00eds, es necesario que las empresas adopten nuevas estrategias que ayuden a sus empleados a identificar y centrarse en las tareas m\u00e1s importantes. Dicha pr\u00e1ctica, unida a una planificaci\u00f3n cuidadosa y a la eliminaci\u00f3n de actividades innecesarias, ser\u00eda capaz de impulsar la efectividad de los empleados.<\/p>\n<p class=\"\" style=\"text-align: justify;\">Los desaf\u00edos que las nuevas tecnolog\u00edas presentan al mundo laboral son tambi\u00e9n materia pendiente. En la actualidad estamos rodeados de dispositivos y aplicaciones que pueden ser herramientas poderosas, pero al mismo tiempo, distracciones abrumadoras. Es necesario ser conscientes del uso que hacemos del tel\u00e9fono m\u00f3vil o de internet para temas relacionados con nuestra vida privada y comprender que, si queremos ser productivos, debemos utilizarlos de manera eficiente y consciente.<\/p>\n<p class=\"\" style=\"text-align: justify;\">Otro aspecto a mejorar es la realizaci\u00f3n de reuniones efectivas. Mientras que las interminables reuniones improductivas son un problema com\u00fan en muchas organizaciones espa\u00f1olas, en el norte de Europa tienden a ser breves, centradas en los objetivos y con agendas claras. Esto, sin duda, evita la p\u00e9rdida de tiempo y garantiza que todos los participantes est\u00e9n comprometidos y contribuyan de manera significativa.<\/p>\n<p class=\"\" style=\"text-align: justify;\">Por \u00faltimo, hay que prestar especial atenci\u00f3n a la conciliaci\u00f3n entre la vida laboral y personal, que tambi\u00e9n es una prioridad clara y que, por el contrario, en Espa\u00f1a a veces nos cuesta integrar en nuestro d\u00eda a d\u00eda. Ofrecer horarios m\u00e1s flexibles y promover la autonom\u00eda en la gesti\u00f3n del tiempo permite a los empleados cumplir con sus responsabilidades profesionales y personales sin sacrificar su bienestar. De esta manera, los empleados est\u00e1n m\u00e1s satisfechos y, en \u00faltima estancia, son mucho m\u00e1s productivos.<\/p>\n<p class=\"\" style=\"text-align: justify;\">Somos uno de los pa\u00edses con menos conciliaci\u00f3n y que m\u00e1s horas de trabajo hace, y aun as\u00ed uno de los menos productivos en comparaci\u00f3n con otros pa\u00edses de Europa. Es hora de tomar nota y despedirnos de la cultura del <i>presentismo<\/i> para dar la bienvenida a una cultura que valore m\u00e1s nuestros logros que las horas que pasamos en la oficina. La productividad es una meta alcanzable que puede ayudar a nuestras empresas a prosperar, pero requiere un cambio cultural y un compromiso tanto de las empresas como de los empleados con la eficiencia. El resultado, sin lugar a duda, ser\u00e1 un entorno de trabajo m\u00e1s saludable y productivo para todos.<\/p>\n<p><strong><span class=\"a_md_a_n\">Agust\u00edn Peralt<\/span><\/strong><\/p>\n<p><span class=\"a_m_m\">FOTO: CARLOS BARRIA (REUTERS)<\/span><\/p>\n<p>https:\/\/cincodias.elpais.com\/opinion\/2023-11-29\/lo-que-nos-puede-ensenar-el-norte-de-europa-en-materia-de-jornada-laboral.html<\/p>\n","protected":false},"excerpt":{"rendered":"<p>Espa\u00f1a es uno de los pa\u00edses con menos conciliaci\u00f3n y m\u00e1s horas de trabajo, y&#8230;<\/p>\n","protected":false},"author":1,"featured_media":65398,"comment_status":"closed","ping_status":"closed","sticky":false,"template":"","format":"standard","meta":{"_coblocks_attr":"","_coblocks_dimensions":"","_coblocks_responsive_height":"","_coblocks_accordion_ie_support":"","jetpack_post_was_ever_published":false,"_jetpack_newsletter_access":"","_jetpack_dont_email_post_to_subs":false,"_jetpack_newsletter_tier_id":0,"_jetpack_memberships_contains_paywalled_content":false,"_jetpack_memberships_contains_paid_content":false,"footnotes":"","jetpack_publicize_message":"","jetpack_publicize_feature_enabled":true,"jetpack_social_post_already_shared":true,"jetpack_social_options":{"image_generator_settings":{"template":"highway","default_image_id":0,"enabled":false},"version":2}},"categories":[1161,44,7671,6937],"tags":[],"class_list":["post-65397","post","type-post","status-publish","format-standard","has-post-thumbnail","hentry","category-ciudadania","category-noticias-de-hoy","category-politica","category-sociedad"],"jetpack_publicize_connections":[],"jetpack_featured_media_url":"https:\/\/i0.wp.com\/miradordeatarfe.es\/wp-content\/uploads\/2023\/11\/Screenshot-2023-11-29-at-14-16-51-Lo-que-nos-puede-ensenar-el-norte-de-Europa-en-materia-de-jornada-laboral.png?fit=382%2C406&ssl=1","jetpack_likes_enabled":true,"jetpack_sharing_enabled":true,"_links":{"self":[{"href":"https:\/\/miradordeatarfe.es\/index.php?rest_route=\/wp\/v2\/posts\/65397","targetHints":{"allow":["GET"]}}],"collection":[{"href":"https:\/\/miradordeatarfe.es\/index.php?rest_route=\/wp\/v2\/posts"}],"about":[{"href":"https:\/\/miradordeatarfe.es\/index.php?rest_route=\/wp\/v2\/types\/post"}],"author":[{"embeddable":true,"href":"https:\/\/miradordeatarfe.es\/index.php?rest_route=\/wp\/v2\/users\/1"}],"replies":[{"embeddable":true,"href":"https:\/\/miradordeatarfe.es\/index.php?rest_route=%2Fwp%2Fv2%2Fcomments&post=65397"}],"version-history":[{"count":1,"href":"https:\/\/miradordeatarfe.es\/index.php?rest_route=\/wp\/v2\/posts\/65397\/revisions"}],"predecessor-version":[{"id":65399,"href":"https:\/\/miradordeatarfe.es\/index.php?rest_route=\/wp\/v2\/posts\/65397\/revisions\/65399"}],"wp:featuredmedia":[{"embeddable":true,"href":"https:\/\/miradordeatarfe.es\/index.php?rest_route=\/wp\/v2\/media\/65398"}],"wp:attachment":[{"href":"https:\/\/miradordeatarfe.es\/index.php?rest_route=%2Fwp%2Fv2%2Fmedia&parent=65397"}],"wp:term":[{"taxonomy":"category","embeddable":true,"href":"https:\/\/miradordeatarfe.es\/index.php?rest_route=%2Fwp%2Fv2%2Fcategories&post=65397"},{"taxonomy":"post_tag","embeddable":true,"href":"https:\/\/miradordeatarfe.es\/index.php?rest_route=%2Fwp%2Fv2%2Ftags&post=65397"}],"curies":[{"name":"wp","href":"https:\/\/api.w.org\/{rel}","templated":true}]}}