{"id":65409,"date":"2023-11-30T10:04:44","date_gmt":"2023-11-30T09:04:44","guid":{"rendered":"https:\/\/miradordeatarfe.es\/?p=65409"},"modified":"2023-11-30T16:10:25","modified_gmt":"2023-11-30T15:10:25","slug":"racismo-en-el-futbol-punetazos-y-patadas-contra-un-jugador-juvenil-en-un-pueblo-de-granada-al-grito-de-moro","status":"publish","type":"post","link":"https:\/\/miradordeatarfe.es\/?p=65409","title":{"rendered":"Racismo en el f\u00fatbol: pu\u00f1etazos y patadas contra un jugador juvenil en un pueblo de Granada al grito de \u00abmoro\u00bb"},"content":{"rendered":"<h3 style=\"text-align: justify;\">El Club Deportivo L\u00e1char ha pedido la inhabilitaci\u00f3n de dos jugadores del Atarfe Industrial identificados como agresores en el informe arbitral. Y el Atarfe Industrial realiza un comunicado oficial.<\/h3>\n<p style=\"text-align: justify;\">Un jugador de f\u00fatbol juvenil del Club Deportivo L\u00e1char (Granada), de origen marroqu\u00ed, sufri\u00f3 este domingo una agresi\u00f3n racista al t\u00e9rmino del encuentro con el Atarfe Industrial, en esta \u00faltima localidad del \u00c1rea Metropolitana de Granada, seg\u00fan ha confirmado a Radio Granada un testigo de los hechos. Seg\u00fan recoge el acta arbitral, el chico, juvenil de la Cuarta Divisi\u00f3n Andaluza de unos 16 a\u00f1os, recibi\u00f3 insultos racistas en el t\u00fanel de vestuarios por parte de varios integrantes del equipo contrario. Seg\u00fan el informe del \u00e1rbitro, dos de estos jugadores le propinaron pu\u00f1etazos y patadas \u201cque le han provocado lesiones significativas\u201d, seg\u00fan ha denunciado el Ayuntamiento de L\u00e1char, que estudiar\u00e1 una posible denuncia penal.<\/p>\n<p style=\"text-align: justify;\">Seg\u00fan la misma fuente, el entrenador del L\u00e1char \u201cconsigui\u00f3 sacarlo de la trifulca para ponerlo a salvo\u201d. Con la colaboraci\u00f3n del entrenador y el delegado de campo del equipo local, y \u201ctras avisar a las autoridades\u201d, el colegiado consigue identificar a los agresores y registrar las acciones violentas perpetradas, confirmando la gravedad de la situaci\u00f3n, aseguran el Ayuntamiento.<\/p>\n<p style=\"text-align: justify;\">El entrenador del L\u00e1char, Zeus Serrano, ha explicado en \u00abHoy por Hoy Granada\u00bb, que en los tres \u00faltimos partidos disputados por el equipo fuera de casa, el joven marroqu\u00ed y toda la plantilla han recibido insultos racistas. Dice el entrenador, que jugar fuera se est\u00e1 convirtiendo en un infierno y hay familias que se est\u00e1n planteando no llevar a sus hijos.<\/p>\n<p style=\"text-align: justify;\">El Ayuntamiento de L\u00e1char ha mostrado su rechazo a los hechos y ha asegurado que respalda \u201cfirmemente la postura del Club Deportivo de L\u00e1char y compartimos su condena a cualquier forma de violencia y racismo en los campos de f\u00fatbol. Es imperativo preservar un ambiente sano de competici\u00f3n y deporte, donde los valores prevalezcan sobre cualquier acto violento\u201d, asegura una nota.<\/p>\n<p style=\"text-align: justify;\">La misma nota reitera \u201cnuestro compromiso con la integridad y el respeto en el deporte, y confiamos en que las autoridades deportivas tomen acciones efectivas para evitar la repetici\u00f3n de situaciones similares\u201d.<\/p>\n<h3 style=\"text-align: justify;\">Hechos denunciados<\/h3>\n<p style=\"text-align: justify;\">Estos lamentables acontecimientos tuvieron lugar el pasado domingo 26 de noviembre de 2023 en el Estadio Municipal de Atarfe, donde un jugador del Club Deportivo de L\u00e1char fue agredido verbal y f\u00edsicamente al concluir el partido contra el Atarfe Industrial C.F.A.<\/p>\n<p style=\"text-align: justify;\">Los hechos ya han sido formalmente denunciados ante la Real Federaci\u00f3n Andaluza de F\u00fatbol. Mediante un comunicado oficial, el Club Deportivo L\u00e1char ha solicitado la inhabilitaci\u00f3n de los dos jugadores identificados del Atarfe Industrial C.F.A, la p\u00e9rdida de puntos correspondientes al partido y el cierre de su campo de f\u00fatbol.<\/p>\n<p style=\"text-align: justify;\">\u201cEste incidente no solo mancha el deporte, sino que tambi\u00e9n resalta la urgente necesidad de impulsar programas educativos que fomenten la tolerancia y la inclusi\u00f3n, construyendo as\u00ed un futuro donde el respeto mutuo prevalezca sobre cualquier forma de discriminaci\u00f3n\u201d, asegura<\/p>\n<p><a href=\"https:\/\/i0.wp.com\/miradordeatarfe.es\/wp-content\/uploads\/2023\/11\/406549317_819628763503429_1167458492270671365_n.jpg?ssl=1\"><img data-recalc-dims=\"1\" loading=\"lazy\" decoding=\"async\" class=\"alignnone wp-image-65416 size-full\" src=\"https:\/\/i0.wp.com\/miradordeatarfe.es\/wp-content\/uploads\/2023\/11\/406549317_819628763503429_1167458492270671365_n.jpg?resize=640%2C530&#038;ssl=1\" alt=\"\" width=\"640\" height=\"530\" srcset=\"https:\/\/i0.wp.com\/miradordeatarfe.es\/wp-content\/uploads\/2023\/11\/406549317_819628763503429_1167458492270671365_n.jpg?w=1416&amp;ssl=1 1416w, https:\/\/i0.wp.com\/miradordeatarfe.es\/wp-content\/uploads\/2023\/11\/406549317_819628763503429_1167458492270671365_n.jpg?resize=300%2C248&amp;ssl=1 300w, https:\/\/i0.wp.com\/miradordeatarfe.es\/wp-content\/uploads\/2023\/11\/406549317_819628763503429_1167458492270671365_n.jpg?resize=1024%2C848&amp;ssl=1 1024w, https:\/\/i0.wp.com\/miradordeatarfe.es\/wp-content\/uploads\/2023\/11\/406549317_819628763503429_1167458492270671365_n.jpg?resize=768%2C636&amp;ssl=1 768w, https:\/\/i0.wp.com\/miradordeatarfe.es\/wp-content\/uploads\/2023\/11\/406549317_819628763503429_1167458492270671365_n.jpg?resize=1320%2C1093&amp;ssl=1 1320w\" sizes=\"auto, (max-width: 640px) 100vw, 640px\" \/><\/a><\/p>\n<p><strong><a class=\"au-wb\" title=\"Rafael Troyano\" href=\"https:\/\/cadenaser.com\/autor\/rafael_troyano\/a\/\">Rafael Troyano<\/a><\/strong><\/p>\n<p>&nbsp;<\/p>\n<p>https:\/\/cadenaser.com\/andalucia\/2023\/11\/28\/racismo-en-el-futbol-punetazos-y-patadas-contra-un-jugador-juvenil-en-un-pueblo-de-granada-al-grito-de-moro-radio-granada\/<\/p>\n","protected":false},"excerpt":{"rendered":"<p>El Club Deportivo L\u00e1char ha pedido la inhabilitaci\u00f3n de dos jugadores del Atarfe Industrial identificados&#8230;<\/p>\n","protected":false},"author":1,"featured_media":65410,"comment_status":"closed","ping_status":"closed","sticky":false,"template":"","format":"standard","meta":{"_coblocks_attr":"","_coblocks_dimensions":"","_coblocks_responsive_height":"","_coblocks_accordion_ie_support":"","jetpack_post_was_ever_published":false,"_jetpack_newsletter_access":"","_jetpack_dont_email_post_to_subs":false,"_jetpack_newsletter_tier_id":0,"_jetpack_memberships_contains_paywalled_content":false,"_jetpack_memberships_contains_paid_content":false,"footnotes":"","jetpack_publicize_message":"","jetpack_publicize_feature_enabled":true,"jetpack_social_post_already_shared":true,"jetpack_social_options":{"image_generator_settings":{"template":"highway","default_image_id":0,"enabled":false},"version":2}},"categories":[2,182,44],"tags":[],"class_list":["post-65409","post","type-post","status-publish","format-standard","has-post-thumbnail","hentry","category-atarfe","category-deportes","category-noticias-de-hoy"],"jetpack_publicize_connections":[],"jetpack_featured_media_url":"https:\/\/i0.wp.com\/miradordeatarfe.es\/wp-content\/uploads\/2023\/11\/Screenshot-2023-11-29-at-22-05-18-Racismo-en-el-futbol-punetazos-y-patadas-contra-un-jugador-juvenil-en-un-pueblo-de-Granada-al-grito-de-moro.png?fit=474%2C220&ssl=1","jetpack_likes_enabled":true,"jetpack_sharing_enabled":true,"_links":{"self":[{"href":"https:\/\/miradordeatarfe.es\/index.php?rest_route=\/wp\/v2\/posts\/65409","targetHints":{"allow":["GET"]}}],"collection":[{"href":"https:\/\/miradordeatarfe.es\/index.php?rest_route=\/wp\/v2\/posts"}],"about":[{"href":"https:\/\/miradordeatarfe.es\/index.php?rest_route=\/wp\/v2\/types\/post"}],"author":[{"embeddable":true,"href":"https:\/\/miradordeatarfe.es\/index.php?rest_route=\/wp\/v2\/users\/1"}],"replies":[{"embeddable":true,"href":"https:\/\/miradordeatarfe.es\/index.php?rest_route=%2Fwp%2Fv2%2Fcomments&post=65409"}],"version-history":[{"count":3,"href":"https:\/\/miradordeatarfe.es\/index.php?rest_route=\/wp\/v2\/posts\/65409\/revisions"}],"predecessor-version":[{"id":65417,"href":"https:\/\/miradordeatarfe.es\/index.php?rest_route=\/wp\/v2\/posts\/65409\/revisions\/65417"}],"wp:featuredmedia":[{"embeddable":true,"href":"https:\/\/miradordeatarfe.es\/index.php?rest_route=\/wp\/v2\/media\/65410"}],"wp:attachment":[{"href":"https:\/\/miradordeatarfe.es\/index.php?rest_route=%2Fwp%2Fv2%2Fmedia&parent=65409"}],"wp:term":[{"taxonomy":"category","embeddable":true,"href":"https:\/\/miradordeatarfe.es\/index.php?rest_route=%2Fwp%2Fv2%2Fcategories&post=65409"},{"taxonomy":"post_tag","embeddable":true,"href":"https:\/\/miradordeatarfe.es\/index.php?rest_route=%2Fwp%2Fv2%2Ftags&post=65409"}],"curies":[{"name":"wp","href":"https:\/\/api.w.org\/{rel}","templated":true}]}}