{"id":65412,"date":"2023-12-01T11:00:02","date_gmt":"2023-12-01T10:00:02","guid":{"rendered":"https:\/\/miradordeatarfe.es\/?p=65412"},"modified":"2024-06-02T12:18:05","modified_gmt":"2024-06-02T10:18:05","slug":"nadie-quiere-morirse-por-juan-de-dios-villanueva-roa","status":"publish","type":"post","link":"https:\/\/miradordeatarfe.es\/?p=65412","title":{"rendered":"\u00abNadie quiere morirse\u00bb por Juan de Dios Villanueva Roa"},"content":{"rendered":"<h3 class=\"v-p\" style=\"text-align: justify;\">Lo de la cosa sanitaria p\u00fablica en Granada es de traca.<\/h3>\n<p class=\"v-p\" style=\"text-align: justify;\">No podremos enfermar como dios manda durante los pr\u00f3ximos tiempos a menos que preparemos la cartera para acudir a un privado. Los centros de salud est\u00e1n en estado latente, quienes pasan consulta asumen los enfermos de colegas jubilados o de baja, los sustitutos no brillan ya ni por su ausencia y los que all\u00ed habitan no dan abasto.<\/p>\n<p class=\"v-p\" style=\"text-align: justify;\">Y lo peor de todo es que ya no le pueden echar la culpa al PSOE; antes se montaban unas manifestaciones espectaculares para se\u00f1alar a los culpables, ahora el \u00fanico que se atreve a culparlos es el alcalde de Maracena, todav\u00eda militante del PP, quien no encuentra en la Junta soluciones a los problemas que le plantea su pueblo.<\/p>\n<p class=\"v-p\" style=\"text-align: justify;\">La cuesti\u00f3n es que cuando se intenta pedir cita v\u00eda on line te la ponen para cuando, o te has muerto o te has curado, con lo que la naturaleza o tus conocimientos obran en un sentido u otro. Claro, as\u00ed luego est\u00e1n las consultas privadas que tampoco dan abasto, pues si eres de las p\u00f3lizas de mutualidades que pagan el precio de las pipas por consulta pues te mandan m\u00e1s all\u00e1 de Reyes tambi\u00e9n. Al final, tienes que acoquinar la pasta y te atienden ipso facto.<\/p>\n<p class=\"v-p\" style=\"text-align: justify;\">Me cuentan que las motos cabalgan de nuevo para llegar antes de la consulta p\u00fablica a la privada, pero me dicen que no diga nada. En fin. Cosas de la salud y la pasta, total, pa n\u00e1, lo que pasa es que nadie quiere morirse mientras est\u00e1 vivo, por mucho que digamos. Y eso deja mucha pasta<\/p>\n<p style=\"text-align: justify;\">FOTO:Hospital del Campus que adopta, ahora el nombre de San Cecilio. P.V.M,<\/p>\n<div class=\"v-mdl-ath \" data-voc-component=\"viewport-not-visible\">\n<div class=\"v-mdl-ath__c v-mdl-ath__c--1\">\n<div class=\"v-mdl-ath__inf\">\n<p class=\"v-mdl-ath__p v-mdl-ath__p--2\" style=\"text-align: justify;\">\u00a0<\/p>\n<\/div>\n<\/div>\n<\/div>\n","protected":false},"excerpt":{"rendered":"<p>Lo de la cosa sanitaria p\u00fablica en Granada es de traca. No podremos enfermar como&#8230;<\/p>\n","protected":false},"author":1,"featured_media":65413,"comment_status":"closed","ping_status":"closed","sticky":false,"template":"","format":"standard","meta":{"_coblocks_attr":"","_coblocks_dimensions":"","_coblocks_responsive_height":"","_coblocks_accordion_ie_support":"","jetpack_post_was_ever_published":false,"_jetpack_newsletter_access":"","_jetpack_dont_email_post_to_subs":false,"_jetpack_newsletter_tier_id":0,"_jetpack_memberships_contains_paywalled_content":false,"_jetpack_memberships_contains_paid_content":false,"footnotes":"","jetpack_publicize_message":"","jetpack_publicize_feature_enabled":true,"jetpack_social_post_already_shared":true,"jetpack_social_options":{"image_generator_settings":{"template":"highway","default_image_id":0,"enabled":false},"version":2}},"categories":[10781,9772,10],"tags":[],"class_list":["post-65412","post","type-post","status-publish","format-standard","has-post-thumbnail","hentry","category-granada","category-opinion-de-juan-de-dios-villanueva","category-salud"],"jetpack_publicize_connections":[],"jetpack_featured_media_url":"https:\/\/i0.wp.com\/miradordeatarfe.es\/wp-content\/uploads\/2023\/11\/hcampus.jpeg?fit=650%2C366&ssl=1","jetpack_likes_enabled":true,"jetpack_sharing_enabled":true,"_links":{"self":[{"href":"https:\/\/miradordeatarfe.es\/index.php?rest_route=\/wp\/v2\/posts\/65412","targetHints":{"allow":["GET"]}}],"collection":[{"href":"https:\/\/miradordeatarfe.es\/index.php?rest_route=\/wp\/v2\/posts"}],"about":[{"href":"https:\/\/miradordeatarfe.es\/index.php?rest_route=\/wp\/v2\/types\/post"}],"author":[{"embeddable":true,"href":"https:\/\/miradordeatarfe.es\/index.php?rest_route=\/wp\/v2\/users\/1"}],"replies":[{"embeddable":true,"href":"https:\/\/miradordeatarfe.es\/index.php?rest_route=%2Fwp%2Fv2%2Fcomments&post=65412"}],"version-history":[{"count":1,"href":"https:\/\/miradordeatarfe.es\/index.php?rest_route=\/wp\/v2\/posts\/65412\/revisions"}],"predecessor-version":[{"id":65414,"href":"https:\/\/miradordeatarfe.es\/index.php?rest_route=\/wp\/v2\/posts\/65412\/revisions\/65414"}],"wp:featuredmedia":[{"embeddable":true,"href":"https:\/\/miradordeatarfe.es\/index.php?rest_route=\/wp\/v2\/media\/65413"}],"wp:attachment":[{"href":"https:\/\/miradordeatarfe.es\/index.php?rest_route=%2Fwp%2Fv2%2Fmedia&parent=65412"}],"wp:term":[{"taxonomy":"category","embeddable":true,"href":"https:\/\/miradordeatarfe.es\/index.php?rest_route=%2Fwp%2Fv2%2Fcategories&post=65412"},{"taxonomy":"post_tag","embeddable":true,"href":"https:\/\/miradordeatarfe.es\/index.php?rest_route=%2Fwp%2Fv2%2Ftags&post=65412"}],"curies":[{"name":"wp","href":"https:\/\/api.w.org\/{rel}","templated":true}]}}