{"id":65418,"date":"2023-12-05T11:38:25","date_gmt":"2023-12-05T10:38:25","guid":{"rendered":"https:\/\/miradordeatarfe.es\/?p=65418"},"modified":"2023-12-08T23:03:20","modified_gmt":"2023-12-08T22:03:20","slug":"tradicion-arte-y-devocion-de-santa-ana-por-jose-enrique-granados","status":"publish","type":"post","link":"https:\/\/miradordeatarfe.es\/?p=65418","title":{"rendered":"\u00abTRADICI\u00d3N, ARTE Y DEVOCI\u00d3N DE SANTA ANA\u00bb por Jos\u00e9 Enrique Granados"},"content":{"rendered":"<div class=\"\" dir=\"auto\">\n<div id=\":rv5:\" class=\"x1iorvi4 x1pi30zi x1l90r2v x1swvt13\" data-ad-comet-preview=\"message\" data-ad-preview=\"message\">\n<div class=\"x78zum5 xdt5ytf xz62fqu x16ldp7u\">\n<div class=\"xu06os2 x1ok221b\">\n<div class=\"xdj266r x11i5rnm xat24cr x1mh8g0r x1vvkbs x126k92a\">\n<h3 dir=\"auto\">Fue en el especial de las fiestas de IDEAL de 2003, donde Manuel Serrano nos ilustr\u00f3 sobre la tradici\u00f3n, arte y devoci\u00f3n de Santa Ana. En su art\u00edculo pod\u00edamos leer:<\/h3>\n<div dir=\"auto\" style=\"text-align: justify;\">\u00a0<\/div>\n<div dir=\"auto\" style=\"text-align: justify;\">\u201c<em>Conforme el culto se fue desarrollando las diversas iconograf\u00edas de santa Ana fueron tomando protagonismo o cayendo en desuso, seg\u00fan se matizaba la devoci\u00f3n a la santa incidiendo en un aspecto u otro de su leyenda. Como ya se ha mencionado, su culto y su representaci\u00f3n en el arte estaban vinculados a la figura de Mar\u00eda, por lo que no resulta extra\u00f1o que la mayor\u00eda de las escenas asociadas a santa Ana pertenezcan a la Vida de la Virgen o que \u00e9sta aparezca en ellas. <\/em><\/div>\n<div dir=\"auto\" style=\"text-align: justify;\"><em>Una de las m\u00e1s representadas es la Natividad de la Virgen en la que madre e hija quedan igualmente glorificadas, desarroll\u00e1ndose la escena con santa Ana al fondo de una habitaci\u00f3n, recostada en el lecho y asistida por varias mujeres mientras Joaqu\u00edn ofrece a la ni\u00f1a a los cielos. Su popularidad radica en el hecho de formar parte de los ciclos dedicados a la Virgen que la incluyen como escena crucial dentro de la historia de Mar\u00eda, haci\u00e9ndose una representaci\u00f3n en la que se pone de manifiesto su nacimiento alejado de toda mancha, al dar a luz santa Ana sin dolor alguno, con lo que la Virgen quedar\u00eda apartada de la maldici\u00f3n impuesta a Eva tras el pecado original (&#8230;con dolor parir\u00e1s los hijos) no s\u00f3lo por su Inmaculada Concepci\u00f3n sino por su propio nacimiento distante de las leyes generales a las que est\u00e1 sujeto cualquier otro mortal.\u201d<\/em><\/div>\n<div dir=\"auto\">\u00a0<\/div>\n<\/div>\n<div class=\"x11i5rnm xat24cr x1mh8g0r x1vvkbs xtlvy1s x126k92a\" style=\"text-align: justify;\">\n<div dir=\"auto\">El pasado mes de septiembre pude visitar la ciudad de Mil\u00e1n en donde me adentr\u00e9 por sus calles y monumentos para conocer algo la capital de la Lombard\u00eda. Uno de los lugares que visit\u00e9 fue la Chiesa del Carmine, tambi\u00e9n conocida como Chiesa di Santa Mar\u00eda del Carmine, ubicada en el coraz\u00f3n del barrio de Brera. Esta iglesia, construida en el siglo XV, encierra una rica historia y un impresionante patrimonio arquitect\u00f3nico que merece ser explorado. En sus paredes colgaba este cuadro de Santa Ana, el cual fotograf\u00ede para ilustrar alguna de nuestras gacetillas.<\/div>\n<div dir=\"auto\">\u00a0<\/div>\n<\/div>\n<div class=\"x11i5rnm xat24cr x1mh8g0r x1vvkbs xtlvy1s x126k92a\" style=\"text-align: justify;\">\n<div dir=\"auto\">Gacetilla y curiosidades elvirenses.<\/div>\n<\/div>\n<\/div>\n<\/div>\n<\/div>\n<\/div>\n<div class=\"x1n2onr6\"><a href=\"https:\/\/miradordeatarfe.es\/wp-content\/uploads\/2023\/11\/396513159_806716901461794_3961007481800670510_n.jpg\">or\u00a0<\/a><\/div>\n<div style=\"text-align: justify;\">\n<div id=\":rv6:\" class=\"x1n2onr6\">\n<div class=\"x6ikm8r x10wlt62\">\u00a0<\/div>\n<\/div>\n<\/div>\n<div style=\"text-align: justify;\">\n<div class=\"x168nmei x13lgxp2 x30kzoy x9jhf4c x6ikm8r x10wlt62\" data-visualcompletion=\"ignore-dynamic\">\n<div>\n<div>\n<div>\n<div class=\"x1n2onr6\">\n<div class=\"x6s0dn4 xi81zsa x78zum5 x6prxxf x13a6bvl xvq8zen xdj266r xktsk01 xat24cr x1d52u69 x889kno x4uap5 x1a8lsjc xkhd6sd xdppsyt\">\n<div class=\"x6s0dn4 x78zum5 x1iyjqo2 x6ikm8r x10wlt62\">\u00a0<\/div>\n<\/div>\n<\/div>\n<\/div>\n<\/div>\n<\/div>\n<\/div>\n<\/div>\n<div class=\"\" style=\"text-align: justify;\">\u00a0<\/div>\n","protected":false},"excerpt":{"rendered":"<p>Fue en el especial de las fiestas de IDEAL de 2003, donde Manuel Serrano nos&#8230;<\/p>\n","protected":false},"author":1,"featured_media":65420,"comment_status":"closed","ping_status":"closed","sticky":false,"template":"","format":"standard","meta":{"_coblocks_attr":"","_coblocks_dimensions":"","_coblocks_responsive_height":"","_coblocks_accordion_ie_support":"","jetpack_post_was_ever_published":false,"_jetpack_newsletter_access":"","_jetpack_dont_email_post_to_subs":false,"_jetpack_newsletter_tier_id":0,"_jetpack_memberships_contains_paywalled_content":false,"_jetpack_memberships_contains_paid_content":false,"footnotes":"","jetpack_publicize_message":"","jetpack_publicize_feature_enabled":true,"jetpack_social_post_already_shared":true,"jetpack_social_options":{"image_generator_settings":{"template":"highway","default_image_id":0,"enabled":false},"version":2}},"categories":[2,186,38,44],"tags":[],"class_list":["post-65418","post","type-post","status-publish","format-standard","has-post-thumbnail","hentry","category-atarfe","category-instituciones","category-opinion-de-jose-enrique-granados","category-noticias-de-hoy"],"jetpack_publicize_connections":[],"jetpack_featured_media_url":"https:\/\/i0.wp.com\/miradordeatarfe.es\/wp-content\/uploads\/2023\/11\/santa-ana.jpg?fit=1900%2C700&ssl=1","jetpack_likes_enabled":true,"jetpack_sharing_enabled":true,"_links":{"self":[{"href":"https:\/\/miradordeatarfe.es\/index.php?rest_route=\/wp\/v2\/posts\/65418","targetHints":{"allow":["GET"]}}],"collection":[{"href":"https:\/\/miradordeatarfe.es\/index.php?rest_route=\/wp\/v2\/posts"}],"about":[{"href":"https:\/\/miradordeatarfe.es\/index.php?rest_route=\/wp\/v2\/types\/post"}],"author":[{"embeddable":true,"href":"https:\/\/miradordeatarfe.es\/index.php?rest_route=\/wp\/v2\/users\/1"}],"replies":[{"embeddable":true,"href":"https:\/\/miradordeatarfe.es\/index.php?rest_route=%2Fwp%2Fv2%2Fcomments&post=65418"}],"version-history":[{"count":1,"href":"https:\/\/miradordeatarfe.es\/index.php?rest_route=\/wp\/v2\/posts\/65418\/revisions"}],"predecessor-version":[{"id":65421,"href":"https:\/\/miradordeatarfe.es\/index.php?rest_route=\/wp\/v2\/posts\/65418\/revisions\/65421"}],"wp:featuredmedia":[{"embeddable":true,"href":"https:\/\/miradordeatarfe.es\/index.php?rest_route=\/wp\/v2\/media\/65420"}],"wp:attachment":[{"href":"https:\/\/miradordeatarfe.es\/index.php?rest_route=%2Fwp%2Fv2%2Fmedia&parent=65418"}],"wp:term":[{"taxonomy":"category","embeddable":true,"href":"https:\/\/miradordeatarfe.es\/index.php?rest_route=%2Fwp%2Fv2%2Fcategories&post=65418"},{"taxonomy":"post_tag","embeddable":true,"href":"https:\/\/miradordeatarfe.es\/index.php?rest_route=%2Fwp%2Fv2%2Ftags&post=65418"}],"curies":[{"name":"wp","href":"https:\/\/api.w.org\/{rel}","templated":true}]}}