{"id":65427,"date":"2023-12-01T11:39:47","date_gmt":"2023-12-01T10:39:47","guid":{"rendered":"https:\/\/miradordeatarfe.es\/?p=65427"},"modified":"2023-11-30T14:11:18","modified_gmt":"2023-11-30T13:11:18","slug":"65427","status":"publish","type":"post","link":"https:\/\/miradordeatarfe.es\/?p=65427","title":{"rendered":"ATARFE Y SU MERCADILLO SOLIDARIO"},"content":{"rendered":"<h3 style=\"text-align: justify;\">La JUNTA LOCAL DE ATARFE de la AECC organiza como viene siendo habitual en Navidad su mercadillo ben\u00e9fico, concretamente el s\u00e9ptimo.<\/h3>\n<p style=\"text-align: justify;\"><strong>El \u201c Mercadillo Solidario\u201d<\/strong> tiene una triple finalidad, la primera recaudar fondos destinados a proyectos de investigaci\u00f3n del c\u00e1ncer, la segunda fomentar la solidaridad a trav\u00e9s de la donaci\u00f3n de aquellos objetos y prendas de vestir que no usemos y por \u00faltimo protegemos el medio ambiente al darle una segunda oportunidad a los objetos y prendas rese\u00f1ados.<\/p>\n<p style=\"text-align: justify;\">En el \u201cMercadillo Solidario\u201d que voluntariado y colaboradores de la Junta Local de Atarfe montan con much\u00edsimo cari\u00f1o e ilusi\u00f3n puedes encontrar: ropa, calzado, complementos, bolsos, juguetes, libros, bisuter\u00eda, cer\u00e1mica, cuadros y un largo etc. Todos estos elementos que se ponen a la venta proceden de donaciones de particulares que quieren de este modo altruista colaborar con la AECC a trav\u00e9s de la Junta Local de Atarfe.<\/p>\n<p style=\"text-align: justify;\">Encabezada por su presidenta, Celia Jim\u00e9nez Moles queremos desde este medio de comunicaci\u00f3n agradecer a todas las personas, sus donaciones, a todos los colaboradores y voluntarios su\u00a0 implicaci\u00f3n, a quienes nos prestan sus locales gratuitamente, nuestra mayor gratitud y al Ayuntamiento que a\u00f1o tras a\u00f1o se pone a nuestra disposici\u00f3n para que el \u201cMercadillo Solidario\u201d sea un atractivo m\u00e1s en nuestro municipio cada Navidad, su implicaci\u00f3n.<\/p>\n<p style=\"text-align: justify;\">Desde la Junta Local Atarfe invitamos a la ciudadan\u00eda de Atarfe que siempre responde con generosidad, nos visit\u00e9is.<\/p>\n<h4>Este a\u00f1o estaremos en la Calle Lope de Vega n\u00ba 2, antigua lencer\u00eda Noem\u00ed, desde el pr\u00f3ximo lunes 4 de diciembre hasta el 5 de enero de 2024.<\/h4>\n<h3><strong>HORARIO<\/strong><br \/>\n<strong>Lunes a viernes. Ma\u00f1anas 10.30 a 13:30 Tardes 17.00 a 20.00<\/strong><br \/>\n<strong>S\u00e1bados 10:30 a 13:30<\/strong>.<\/h3>\n<p>Domingo y festivos CERRADO<\/p>\n<p><a href=\"https:\/\/miradordeatarfe.es\/wp-content\/uploads\/2023\/11\/nercadillo-solidario-dia-6.jpeg\"> \u00a0\u00a0<\/a><a href=\"https:\/\/i0.wp.com\/miradordeatarfe.es\/wp-content\/uploads\/2023\/11\/nercadillo-solidario-dia-6.jpeg?ssl=1\"><img data-recalc-dims=\"1\" loading=\"lazy\" decoding=\"async\" class=\"alignnone wp-image-65428 size-full\" src=\"https:\/\/i0.wp.com\/miradordeatarfe.es\/wp-content\/uploads\/2023\/11\/nercadillo-solidario-dia-6.jpeg?resize=640%2C634&#038;ssl=1\" alt=\"\" width=\"640\" height=\"634\" srcset=\"https:\/\/i0.wp.com\/miradordeatarfe.es\/wp-content\/uploads\/2023\/11\/nercadillo-solidario-dia-6.jpeg?w=889&amp;ssl=1 889w, https:\/\/i0.wp.com\/miradordeatarfe.es\/wp-content\/uploads\/2023\/11\/nercadillo-solidario-dia-6.jpeg?resize=300%2C297&amp;ssl=1 300w, https:\/\/i0.wp.com\/miradordeatarfe.es\/wp-content\/uploads\/2023\/11\/nercadillo-solidario-dia-6.jpeg?resize=150%2C150&amp;ssl=1 150w, https:\/\/i0.wp.com\/miradordeatarfe.es\/wp-content\/uploads\/2023\/11\/nercadillo-solidario-dia-6.jpeg?resize=768%2C761&amp;ssl=1 768w\" sizes=\"auto, (max-width: 640px) 100vw, 640px\" \/><\/a><\/p>\n<p>\u00a0<a href=\"https:\/\/i0.wp.com\/miradordeatarfe.es\/wp-content\/uploads\/2023\/11\/WhatsApp-Image-2022-12-05-at-23.10.08.jpeg?ssl=1\"><img data-recalc-dims=\"1\" loading=\"lazy\" decoding=\"async\" class=\"alignnone wp-image-65430 size-full\" src=\"https:\/\/i0.wp.com\/miradordeatarfe.es\/wp-content\/uploads\/2023\/11\/WhatsApp-Image-2022-12-05-at-23.10.08.jpeg?resize=640%2C360&#038;ssl=1\" alt=\"\" width=\"640\" height=\"360\" srcset=\"https:\/\/i0.wp.com\/miradordeatarfe.es\/wp-content\/uploads\/2023\/11\/WhatsApp-Image-2022-12-05-at-23.10.08.jpeg?w=1600&amp;ssl=1 1600w, https:\/\/i0.wp.com\/miradordeatarfe.es\/wp-content\/uploads\/2023\/11\/WhatsApp-Image-2022-12-05-at-23.10.08.jpeg?resize=300%2C169&amp;ssl=1 300w, https:\/\/i0.wp.com\/miradordeatarfe.es\/wp-content\/uploads\/2023\/11\/WhatsApp-Image-2022-12-05-at-23.10.08.jpeg?resize=1024%2C576&amp;ssl=1 1024w, https:\/\/i0.wp.com\/miradordeatarfe.es\/wp-content\/uploads\/2023\/11\/WhatsApp-Image-2022-12-05-at-23.10.08.jpeg?resize=768%2C432&amp;ssl=1 768w, https:\/\/i0.wp.com\/miradordeatarfe.es\/wp-content\/uploads\/2023\/11\/WhatsApp-Image-2022-12-05-at-23.10.08.jpeg?resize=1536%2C864&amp;ssl=1 1536w, https:\/\/i0.wp.com\/miradordeatarfe.es\/wp-content\/uploads\/2023\/11\/WhatsApp-Image-2022-12-05-at-23.10.08.jpeg?resize=1320%2C743&amp;ssl=1 1320w\" sizes=\"auto, (max-width: 640px) 100vw, 640px\" \/><\/a><\/p>\n","protected":false},"excerpt":{"rendered":"<p>La JUNTA LOCAL DE ATARFE de la AECC organiza como viene siendo habitual en Navidad&#8230;<\/p>\n","protected":false},"author":1,"featured_media":65429,"comment_status":"closed","ping_status":"closed","sticky":false,"template":"","format":"standard","meta":{"_coblocks_attr":"","_coblocks_dimensions":"","_coblocks_responsive_height":"","_coblocks_accordion_ie_support":"","jetpack_post_was_ever_published":false,"_jetpack_newsletter_access":"","_jetpack_dont_email_post_to_subs":false,"_jetpack_newsletter_tier_id":0,"_jetpack_memberships_contains_paywalled_content":false,"_jetpack_memberships_contains_paid_content":false,"footnotes":"","jetpack_publicize_message":"","jetpack_publicize_feature_enabled":true,"jetpack_social_post_already_shared":true,"jetpack_social_options":{"image_generator_settings":{"template":"highway","default_image_id":0,"enabled":false},"version":2}},"categories":[1161,186,44],"tags":[],"class_list":["post-65427","post","type-post","status-publish","format-standard","has-post-thumbnail","hentry","category-ciudadania","category-instituciones","category-noticias-de-hoy"],"jetpack_publicize_connections":[],"jetpack_featured_media_url":"https:\/\/i0.wp.com\/miradordeatarfe.es\/wp-content\/uploads\/2023\/11\/WhatsApp-Image-2022-12-05-at-23.10.10.jpeg?fit=1600%2C900&ssl=1","jetpack_likes_enabled":true,"jetpack_sharing_enabled":true,"_links":{"self":[{"href":"https:\/\/miradordeatarfe.es\/index.php?rest_route=\/wp\/v2\/posts\/65427","targetHints":{"allow":["GET"]}}],"collection":[{"href":"https:\/\/miradordeatarfe.es\/index.php?rest_route=\/wp\/v2\/posts"}],"about":[{"href":"https:\/\/miradordeatarfe.es\/index.php?rest_route=\/wp\/v2\/types\/post"}],"author":[{"embeddable":true,"href":"https:\/\/miradordeatarfe.es\/index.php?rest_route=\/wp\/v2\/users\/1"}],"replies":[{"embeddable":true,"href":"https:\/\/miradordeatarfe.es\/index.php?rest_route=%2Fwp%2Fv2%2Fcomments&post=65427"}],"version-history":[{"count":4,"href":"https:\/\/miradordeatarfe.es\/index.php?rest_route=\/wp\/v2\/posts\/65427\/revisions"}],"predecessor-version":[{"id":65434,"href":"https:\/\/miradordeatarfe.es\/index.php?rest_route=\/wp\/v2\/posts\/65427\/revisions\/65434"}],"wp:featuredmedia":[{"embeddable":true,"href":"https:\/\/miradordeatarfe.es\/index.php?rest_route=\/wp\/v2\/media\/65429"}],"wp:attachment":[{"href":"https:\/\/miradordeatarfe.es\/index.php?rest_route=%2Fwp%2Fv2%2Fmedia&parent=65427"}],"wp:term":[{"taxonomy":"category","embeddable":true,"href":"https:\/\/miradordeatarfe.es\/index.php?rest_route=%2Fwp%2Fv2%2Fcategories&post=65427"},{"taxonomy":"post_tag","embeddable":true,"href":"https:\/\/miradordeatarfe.es\/index.php?rest_route=%2Fwp%2Fv2%2Ftags&post=65427"}],"curies":[{"name":"wp","href":"https:\/\/api.w.org\/{rel}","templated":true}]}}