{"id":65441,"date":"2023-11-30T14:43:52","date_gmt":"2023-11-30T13:43:52","guid":{"rendered":"https:\/\/miradordeatarfe.es\/?p=65441"},"modified":"2023-11-30T16:03:39","modified_gmt":"2023-11-30T15:03:39","slug":"atarfe-encuentro-con-motivo-del-dia-de-la-discapacidad-y-del-voluntariado","status":"publish","type":"post","link":"https:\/\/miradordeatarfe.es\/?p=65441","title":{"rendered":"ATARFE: ENCUENTRO CON MOTIVO DEL D\u00cdA DE LA DISCAPACIDAD Y DEL VOLUNTARIADO"},"content":{"rendered":"<div class=\"x11i5rnm xat24cr x1mh8g0r x1vvkbs xtlvy1s x126k92a\">\n<h3 dir=\"auto\">MA\u00d1ANA Viernes 1 de Diciembre, desde las 10:30 hasta las 13:00, te invitamos a sumarte al encuentro organizado por la Asociaci\u00f3n APIEMA, en colaboraci\u00f3n con el Ayuntamiento de Atarfe, en el Paseo de Santa Ana.<\/h3>\n<\/div>\n<div class=\"x11i5rnm xat24cr x1mh8g0r x1vvkbs xtlvy1s x126k92a\">\n<div dir=\"auto\">\u00a0Conoce a nuestras Asociaciones y AMPAS:\u00a0 Descubre de cerca la labor de cada asociaci\u00f3n, sus proyectos y c\u00f3mo contribuyen al bienestar de Atarfe.<\/div>\n<\/div>\n<div class=\"x11i5rnm xat24cr x1mh8g0r x1vvkbs xtlvy1s x126k92a\">\n<div dir=\"auto\">\u00a0<\/div>\n<div dir=\"auto\">Habr\u00e1\u00a0 Actividades para todos: Los ni\u00f1os y ni\u00f1as de Atarfe participar\u00e1n en las actividades que se han organizado por las diferentes asociaciones. Tras las actividades se realizar\u00e1 d<strong>e Acto central a las 12:00: con\u00a0 la lectura del manifiesto con motivo del<\/strong> <strong>D\u00eda Internacional de las Personas con Discapacidad <\/strong>( 3 de diciembre ) <strong>y el D\u00eda de las Personas Voluntarias<\/strong> ( 5 de diciembre).<strong><br \/>\n<\/strong><\/div>\n<\/div>\n<div class=\"x11i5rnm xat24cr x1mh8g0r x1vvkbs xtlvy1s x126k92a\">\n<div dir=\"auto\">\u00a0<\/div>\n<div dir=\"auto\">La celebraci\u00f3n del <strong>D\u00eda Internacional de los Voluntarios<\/strong> reconoce este 2023 el poder de la acci\u00f3n colectiva: si todos hici\u00e9ramos&#8230;<strong>Si todos nos hici\u00e9ramos trabajos de voluntariado<\/strong>, el mundo ser\u00eda un lugar mejor. Imaginemos m\u00e1s de ocho mil millones de voluntarios. Las posibilidades de desarrollo sostenible son ilimitadas: alimentos y educaci\u00f3n para todos, medio ambiente saludable y limpio, sociedades inclusivas y pac\u00edficas, y muchas cosas m\u00e1s.<\/p>\n<p>El voluntariado es un enorme recurso renovable para la resoluci\u00f3n de problemas sociales, econ\u00f3micos y medioambientales en todo el mundo.<\/p>\n<p>Ante el <strong>d\u00eda internacional de las Personas con Discapacidad\u00a0<\/strong> hay que leer las conclusiones preliminares del Informe de las Naciones Unidas sobre Discapacidad y Desarrollo 2023 donde indican que el mundo est\u00e1 a\u00fan m\u00e1s lejos de alcanzar varios ODS para las personas con discapacidad. Las<strong> personas con discapacidad<\/strong> han sido hist\u00f3ricamente marginadas y a menudo se encuentran entre las m\u00e1s rezagadas en cuanto a la consecuci\u00f3n de dichos objetivos. Por ese motivo, debemos redoblar y acelerar nuestros esfuerzos para rescatar los ODS para, con y por las personas con discapacidad.<\/p>\n<p>Los D\u00edas Internacionales nos dan la oportunidad de sensibilizar al p\u00fablico en general sobre temas de gran inter\u00e9s, tales como los derechos humanos, el desarrollo sostenible o la salud. Al mismo tiempo, pretenden llamar la atenci\u00f3n de los medios de comunicaci\u00f3n y los Gobiernos para dar a conocer problemas sin resolver que precisan la puesta en marcha de medidas pol\u00edticas concretas<\/p>\n<p>Es imprescindible un giro radical en el compromiso, la solidaridad, la financiaci\u00f3n y la acci\u00f3n ante las personas voluntarias<\/p>\n<\/div>\n<p>\u00a0Hazte voluntario, haz la diferencia: Descubre c\u00f3mo puedes contribuir como voluntario\/a y s\u00e9 parte activa del cambio.<\/p>\n<\/div>\n<div class=\"x11i5rnm xat24cr x1mh8g0r x1vvkbs xtlvy1s x126k92a\">\n<div dir=\"auto\">\u00a1Te esperamos para compartir, aprender y construir juntos un Atarfe m\u00e1s inclusivo y solidario!<\/div>\n<\/div>\n<div dir=\"auto\">\n<div class=\"x11i5rnm xat24cr x1mh8g0r x1vvkbs xtlvy1s x126k92a\">\n<div dir=\"auto\">\u00a0<\/div>\n<div dir=\"auto\"><strong><em>Si llueve, trasladaremos el evento al Pabell\u00f3n de Deportes<\/em> <\/strong>para no perdernos esta jornada tan especial.<\/div>\n<div dir=\"auto\">\u00a0<\/div>\n<\/div>\n<div dir=\"auto\"><a href=\"https:\/\/i0.wp.com\/miradordeatarfe.es\/wp-content\/uploads\/2023\/11\/406091812_724512239726294_5334834127413539260_n.jpg?ssl=1\"><img data-recalc-dims=\"1\" loading=\"lazy\" decoding=\"async\" class=\"alignnone wp-image-65442 \" src=\"https:\/\/i0.wp.com\/miradordeatarfe.es\/wp-content\/uploads\/2023\/11\/406091812_724512239726294_5334834127413539260_n.jpg?resize=560%2C792&#038;ssl=1\" alt=\"\" width=\"560\" height=\"792\" srcset=\"https:\/\/i0.wp.com\/miradordeatarfe.es\/wp-content\/uploads\/2023\/11\/406091812_724512239726294_5334834127413539260_n.jpg?w=509&amp;ssl=1 509w, https:\/\/i0.wp.com\/miradordeatarfe.es\/wp-content\/uploads\/2023\/11\/406091812_724512239726294_5334834127413539260_n.jpg?resize=212%2C300&amp;ssl=1 212w\" sizes=\"auto, (max-width: 560px) 100vw, 560px\" \/><\/a><\/div>\n<\/div>\n","protected":false},"excerpt":{"rendered":"<p>MA\u00d1ANA Viernes 1 de Diciembre, desde las 10:30 hasta las 13:00, te invitamos a sumarte&#8230;<\/p>\n","protected":false},"author":1,"featured_media":65444,"comment_status":"closed","ping_status":"closed","sticky":false,"template":"","format":"standard","meta":{"_coblocks_attr":"","_coblocks_dimensions":"","_coblocks_responsive_height":"","_coblocks_accordion_ie_support":"","jetpack_post_was_ever_published":false,"_jetpack_newsletter_access":"","_jetpack_dont_email_post_to_subs":false,"_jetpack_newsletter_tier_id":0,"_jetpack_memberships_contains_paywalled_content":false,"_jetpack_memberships_contains_paid_content":false,"footnotes":"","jetpack_publicize_message":"","jetpack_publicize_feature_enabled":true,"jetpack_social_post_already_shared":true,"jetpack_social_options":{"image_generator_settings":{"template":"highway","default_image_id":0,"enabled":false},"version":2}},"categories":[2,1161,186,44,6937],"tags":[],"class_list":["post-65441","post","type-post","status-publish","format-standard","has-post-thumbnail","hentry","category-atarfe","category-ciudadania","category-instituciones","category-noticias-de-hoy","category-sociedad"],"jetpack_publicize_connections":[],"jetpack_featured_media_url":"https:\/\/i0.wp.com\/miradordeatarfe.es\/wp-content\/uploads\/2023\/11\/406091812_724512239726294_5334834127413539260_n-2.jpg?fit=494%2C260&ssl=1","jetpack_likes_enabled":true,"jetpack_sharing_enabled":true,"_links":{"self":[{"href":"https:\/\/miradordeatarfe.es\/index.php?rest_route=\/wp\/v2\/posts\/65441","targetHints":{"allow":["GET"]}}],"collection":[{"href":"https:\/\/miradordeatarfe.es\/index.php?rest_route=\/wp\/v2\/posts"}],"about":[{"href":"https:\/\/miradordeatarfe.es\/index.php?rest_route=\/wp\/v2\/types\/post"}],"author":[{"embeddable":true,"href":"https:\/\/miradordeatarfe.es\/index.php?rest_route=\/wp\/v2\/users\/1"}],"replies":[{"embeddable":true,"href":"https:\/\/miradordeatarfe.es\/index.php?rest_route=%2Fwp%2Fv2%2Fcomments&post=65441"}],"version-history":[{"count":1,"href":"https:\/\/miradordeatarfe.es\/index.php?rest_route=\/wp\/v2\/posts\/65441\/revisions"}],"predecessor-version":[{"id":65443,"href":"https:\/\/miradordeatarfe.es\/index.php?rest_route=\/wp\/v2\/posts\/65441\/revisions\/65443"}],"wp:featuredmedia":[{"embeddable":true,"href":"https:\/\/miradordeatarfe.es\/index.php?rest_route=\/wp\/v2\/media\/65444"}],"wp:attachment":[{"href":"https:\/\/miradordeatarfe.es\/index.php?rest_route=%2Fwp%2Fv2%2Fmedia&parent=65441"}],"wp:term":[{"taxonomy":"category","embeddable":true,"href":"https:\/\/miradordeatarfe.es\/index.php?rest_route=%2Fwp%2Fv2%2Fcategories&post=65441"},{"taxonomy":"post_tag","embeddable":true,"href":"https:\/\/miradordeatarfe.es\/index.php?rest_route=%2Fwp%2Fv2%2Ftags&post=65441"}],"curies":[{"name":"wp","href":"https:\/\/api.w.org\/{rel}","templated":true}]}}