{"id":65455,"date":"2023-12-03T10:48:43","date_gmt":"2023-12-03T09:48:43","guid":{"rendered":"https:\/\/miradordeatarfe.es\/?p=65455"},"modified":"2023-11-30T17:51:19","modified_gmt":"2023-11-30T16:51:19","slug":"dia-internacional-de-las-personas-con-discapacidad-3-de-diciembre","status":"publish","type":"post","link":"https:\/\/miradordeatarfe.es\/?p=65455","title":{"rendered":"D\u00eda Internacional de las Personas con Discapacidad 3 de diciembre"},"content":{"rendered":"<div class=\"property_home_page_section_second\">\n<div class=\"row\">\n<div class=\"col-sm-12\">\n<div class=\"property_home_page_section\">\n<div class=\"view view-property-cards-by-nodequeue view-id-property_cards_by_nodequeue view-display-id-block_5 view-dom-id-20377468e88ac29990b7933a5f46a1f8\">\n<div class=\"view-content\">\n<div>\n<div class=\"views-field views-field-body\">\n<div class=\"field-content\">\n<div class=\"topmargin bottommargin clearfix\">\n<div class=\"col-lg-8\">\n<h2 style=\"text-align: justify;\">Unidad para rescatar y alcanzar los ODS para, con y por las personas con discapacidad<\/h2>\n<p style=\"text-align: justify;\">Ante las diversas crisis a las que nos enfrentamos en la actualidad, el mundo no est\u00e1 en camino de alcanzar muchas de las metas de los <a href=\"https:\/\/www.un.org\/es\/sustainabledevelopment\/sustainable-development-goals\/\">Objetivos de Desarrollo Sostenible <\/a>(ODS) para 2030. Las conclusiones preliminares del Informe de las Naciones Unidas sobre Discapacidad y Desarrollo 2023 indican que el mundo est\u00e1 a\u00fan m\u00e1s lejos de alcanzar varios ODS para las personas con discapacidad.<\/p>\n<p style=\"text-align: justify;\">Las personas con discapacidad han sido hist\u00f3ricamente marginadas y a menudo se encuentran entre las m\u00e1s rezagadas en cuanto a la consecuci\u00f3n de dichos objetivos. Por ese motivo, debemos redoblar y acelerar nuestros esfuerzos para rescatar los ODS para, con y por las personas con discapacidad.<\/p>\n<p style=\"text-align: justify;\">Es imprescindible un giro radical en el compromiso, la solidaridad, la financiaci\u00f3n y la acci\u00f3n. Afortunadamente, con la adopci\u00f3n de la\u00a0 <span class=\"english-link\"><a href=\"https:\/\/www.un.org\/en\/conferences\/SDGSummit2023\/political-declaration\">Declaraci\u00f3n Pol\u00edtica de la reciente Cumbre sobre los ODS<\/a><\/span>, los l\u00edderes mundiales han renovado su compromiso de lograr un desarrollo sostenible y una prosperidad compartida para todos, centr\u00e1ndose en pol\u00edticas y medidas dirigidas especialmente a los m\u00e1s pobres y vulnerables, entre ellos las personas con discapacidad.<\/p>\n<h3 style=\"text-align: justify;\">La Estrategia de las Naciones Unidas para la inclusi\u00f3n de la discapacidad<\/h3>\n<p style=\"text-align: justify;\">El 11 de junio de 2019, el Secretario General, Ant\u00f3nio Guterres, lanz\u00f3 la <a href=\"https:\/\/www.un.org\/es\/content\/disabilitystrategy\/\">Estrategia de las Naciones Unidas para la Inclusi\u00f3n de la Discapacidad<\/a>, acorde con su compromiso de hacer que las Naciones Unidas sean una organizaci\u00f3n inclusiva para todos.<\/p>\n<p style=\"text-align: justify;\">La <strong>Estrategia de las Naciones Unidas para la Inclusi\u00f3n de la Discapacidad<\/strong> constituye la base de un progreso sostenible y transformador hacia la inclusi\u00f3n de la discapacidad en todos los pilares de la labor de la ONU. Con esta estrategia, las organizaciones del sistema de la ONU reafirman que la realizaci\u00f3n plena y completa de los derechos humanos de todas las personas con discapacidad es un componente inalienable, indisociable e indivisible de todos los derechos humanos y libertades fundamentales.<\/p>\n<p style=\"text-align: justify;\">En agosto de 2023, el Secretario General present\u00f3 su <a href=\"https:\/\/www.un.org\/es\/disabilitystrategy\/sgreport\">cuarto informe<\/a> sobre las medidas adoptadas por el sistema de las Naciones Unidas para aplicar la Estrategia de las Naciones Unidas para la Inclusi\u00f3n de las Personas con Discapacidad en 2022.<\/p>\n<h3 style=\"text-align: justify;\">Evento commemorativo: Sede de la ONU, 1 de diciembre de 2023, de las 10 a las 13 h (hora de Nueva York)<\/h3>\n<p style=\"text-align: justify;\">El debate se articular\u00e1 en torno a los cinco pilares del desarrollo sostenible: las personas, el planeta, la prosperidad, la paz y las asociaciones. Se har\u00e1 especial hincapi\u00e9 en las \u00e1reas prioritarias identificadas en el Informe sobre los progresos de los ODS de 2023, en el documento final de la reciente Cumbre sobre los ODS, en los informes pol\u00edticos preparados para la Cumbre para el Futuro y en el pr\u00f3ximo Informe de las Naciones Unidas sobre Discapacidad y Desarrollo de 2023. A efectos de este debate, las \u00e1reas prioritarias pueden identificarse como igualdad de g\u00e9nero (personas), acci\u00f3n por el clima (planeta), financiaci\u00f3n para el desarrollo (prosperidad), una nueva agenda para la paz (paz) y fortalecimiento del multilateralismo (asociaciones).<\/p>\n<p style=\"text-align: justify;\">Contexto<\/p>\n<p style=\"text-align: justify;\">El D\u00eda Internacional de las Personas con Discapacidad fue declarado en 1992 por la Asamblea General de las Naciones Unidas mediante la <a href=\"https:\/\/undocs.org\/es\/A\/RES\/47\/3\">resoluci\u00f3n<\/a>\u00a0<a href=\"http:\/\/undocs.org\/en\/A\/RES\/47\/3\">47\/3<\/a>. El objetivo es promover los derechos y el bienestar de las personas con discapacidades en todos los \u00e1mbitos de la sociedad y el desarrollo, as\u00ed como concienciar sobre su situaci\u00f3n en todos los aspectos de la vida pol\u00edtica, social, econ\u00f3mica y cultural.<\/p>\n<p style=\"text-align: justify;\">Tomando como base muchos a\u00f1os de trabajo de las Naciones Unidas en el \u00e1rea de las discapacidades, la <span class=\"pdf-link\"><a href=\"https:\/\/www.un.org\/en\/content\/disabilitystrategy\/assets\/documentation\/UN_Disability_Inclusion_Strategy_spanish.pdf\">Convenci\u00f3n sobre los Derechos de las Personas con Discapacidad<\/a><\/span>, aprobada en 2006, ha avanzado a\u00fan m\u00e1s los derechos y el bienestar de estas personas en la <a href=\"https:\/\/www.un.org\/sustainabledevelopment\/es\/development-agenda\/\">Agenda 2030 para el Desarrollo Sostenible<\/a> y otros marcos de desarrollo internacionales, como el <a href=\"https:\/\/www.preventionweb.net\/files\/resolutions\/N1516720.pdf\">Marco de Send\u00e1i para la Reducci\u00f3n del Riesgo de Desastres<\/a>, la <span class=\"english-link\"><a href=\"http:\/\/humanitariandisabilitycharter.org\/\">Carta sobre la Inclusi\u00f3n de las Personas con Discapacidad en la Acci\u00f3n Humanitaria<\/a><\/span>, la <span class=\"pdf-link\"><a href=\"http:\/\/habitat3.org\/wp-content\/uploads\/NUA-Spanish.pdf\">Nueva Agenda Urbana<\/a><\/span>,\u00a0y la <span class=\"english-link\"><a href=\"https:\/\/sustainabledevelopment.un.org\/index.php?page=view&amp;type=400&amp;nr=2051&amp;menu=35\">Agenda de Acci\u00f3n de Addis Abeba sobre la Financiaci\u00f3n para el Desarrollo<\/a><\/span>.<\/p>\n<p style=\"text-align: justify;\">FOTO: <span class=\"image-caption\">El alfabeto en lenguaje de signos pintado en la pared de una escuela de Uganda. <\/span><\/p>\n<div class=\"photo-credit\"><span class=\"photo-title\">Foto:<\/span><span class=\"credit\">UNICEF\/Uganda\/Barbeyrac<\/span><\/div>\n<div>https:\/\/www.un.org\/es\/observances\/day-of-persons-with-disabilities<\/div>\n<\/div>\n<\/div>\n<\/div>\n<\/div>\n<\/div>\n<\/div>\n<\/div>\n<\/div>\n<\/div>\n<\/div>\n<\/div>\n","protected":false},"excerpt":{"rendered":"<p>Unidad para rescatar y alcanzar los ODS para, con y por las personas con discapacidad&#8230;<\/p>\n","protected":false},"author":1,"featured_media":65456,"comment_status":"closed","ping_status":"closed","sticky":false,"template":"","format":"standard","meta":{"_coblocks_attr":"","_coblocks_dimensions":"","_coblocks_responsive_height":"","_coblocks_accordion_ie_support":"","jetpack_post_was_ever_published":false,"_jetpack_newsletter_access":"","_jetpack_dont_email_post_to_subs":false,"_jetpack_newsletter_tier_id":0,"_jetpack_memberships_contains_paywalled_content":false,"_jetpack_memberships_contains_paid_content":false,"footnotes":"","jetpack_publicize_message":"","jetpack_publicize_feature_enabled":true,"jetpack_social_post_already_shared":true,"jetpack_social_options":{"image_generator_settings":{"template":"highway","default_image_id":0,"enabled":false},"version":2}},"categories":[1161,186,44],"tags":[],"class_list":["post-65455","post","type-post","status-publish","format-standard","has-post-thumbnail","hentry","category-ciudadania","category-instituciones","category-noticias-de-hoy"],"jetpack_publicize_connections":[],"jetpack_featured_media_url":"https:\/\/i0.wp.com\/miradordeatarfe.es\/wp-content\/uploads\/2023\/11\/teachers-story-using-technology-learning_unicef.jpg?fit=1350%2C500&ssl=1","jetpack_likes_enabled":true,"jetpack_sharing_enabled":true,"_links":{"self":[{"href":"https:\/\/miradordeatarfe.es\/index.php?rest_route=\/wp\/v2\/posts\/65455","targetHints":{"allow":["GET"]}}],"collection":[{"href":"https:\/\/miradordeatarfe.es\/index.php?rest_route=\/wp\/v2\/posts"}],"about":[{"href":"https:\/\/miradordeatarfe.es\/index.php?rest_route=\/wp\/v2\/types\/post"}],"author":[{"embeddable":true,"href":"https:\/\/miradordeatarfe.es\/index.php?rest_route=\/wp\/v2\/users\/1"}],"replies":[{"embeddable":true,"href":"https:\/\/miradordeatarfe.es\/index.php?rest_route=%2Fwp%2Fv2%2Fcomments&post=65455"}],"version-history":[{"count":1,"href":"https:\/\/miradordeatarfe.es\/index.php?rest_route=\/wp\/v2\/posts\/65455\/revisions"}],"predecessor-version":[{"id":65457,"href":"https:\/\/miradordeatarfe.es\/index.php?rest_route=\/wp\/v2\/posts\/65455\/revisions\/65457"}],"wp:featuredmedia":[{"embeddable":true,"href":"https:\/\/miradordeatarfe.es\/index.php?rest_route=\/wp\/v2\/media\/65456"}],"wp:attachment":[{"href":"https:\/\/miradordeatarfe.es\/index.php?rest_route=%2Fwp%2Fv2%2Fmedia&parent=65455"}],"wp:term":[{"taxonomy":"category","embeddable":true,"href":"https:\/\/miradordeatarfe.es\/index.php?rest_route=%2Fwp%2Fv2%2Fcategories&post=65455"},{"taxonomy":"post_tag","embeddable":true,"href":"https:\/\/miradordeatarfe.es\/index.php?rest_route=%2Fwp%2Fv2%2Ftags&post=65455"}],"curies":[{"name":"wp","href":"https:\/\/api.w.org\/{rel}","templated":true}]}}