{"id":65461,"date":"2023-12-04T11:15:01","date_gmt":"2023-12-04T10:15:01","guid":{"rendered":"https:\/\/miradordeatarfe.es\/?p=65461"},"modified":"2023-12-08T23:24:41","modified_gmt":"2023-12-08T22:24:41","slug":"salud-y-taquigrafos-por-remedios-sanchez","status":"publish","type":"post","link":"https:\/\/miradordeatarfe.es\/?p=65461","title":{"rendered":"\u00abSALUD Y TAQU\u00cdGRAFOS \u00bb por Remedios S\u00e1nchez"},"content":{"rendered":"<h3 style=\"text-align: justify;\">Nos acaban de encender las luces navide\u00f1as y, coincidiendo con la etapa que se nos avecina como una losa de consumismo, se han hecho p\u00fablicas las listas de espera sanitarias por comunidades.<\/h3>\n<p style=\"text-align: justify;\">Lo cual que, la consejera de Sanidad, Catalina Garc\u00eda, seguramente pose\u00edda por el esp\u00edritu prenavide\u00f1o, ha asegurado que el sistema funciona \u201ccomo nunca y con n\u00fameros r\u00e9cord\u201d; se referir\u00e1, indudablemente, al nivel de ineficacia que padecemos que, efectivamente, no tiene comparaci\u00f3n. Afirmaba Campoamor en sus \u2018Doloras\u2019 que, \u201cen este mundo traidor\/nada es verdad ni mentira\/todo es seg\u00fan el color\/del cristal con que se mira\u201d. Recordando esto, una, que es curiosa por naturaleza, tendr\u00eda inter\u00e9s en saber el color del cristal que usa do\u00f1a Catalina para ver esa situaci\u00f3n exitosa, porque se antoja kafkiano que alguien con una responsabilidad tan seria pueda hacer tal afirmaci\u00f3n sin sonrojarse.<\/p>\n<p style=\"text-align: justify;\">Por eso el presidente Moreno Bonilla, que tiene m\u00e1s manejo de la oratoria\u00a0y que sabe que la realidad de las cifras es santa, ha mostrado su preocupaci\u00f3n y ha explicado en el Debate del Estado de la Comunidad que se trata de un tema que no lo deja dormir. Natural, lo mismo que a muchos de esos pacientes que aguardan cita desde hace m\u00e1s de un a\u00f1o con el especialista para tener un diagn\u00f3stico o una cirug\u00eda que les mejore la vida\u00a0(es decir, el triple que en la lista anterior).<\/p>\n<p style=\"text-align: justify;\">Pero, llegados a este punto, la buena voluntad del Presidente no basta; se necesita atajar con premura esta negligencia (la falta de actuaciones eficaces que se disimulan en los \u00faltimos tiempos con la externalizaci\u00f3n de servicios a cl\u00ednicas privadas) poniendo al frente de la consejer\u00eda con m\u00e1s presupuesto de su gobierno a una persona cualificada que sepa invertir correctamente; alguien que no se considere la versi\u00f3n jiennense de David Copperfield, aquel ilusionista que jug\u00f3 a hacer desaparecer durante unos instantes la estatua de la Libertad. Aqu\u00ed no se puede ocultar a un mill\u00f3n de andaluces debajo de la alfombra sin que se note y esto, pasmosamente, parece no entenderlo la todav\u00eda m\u00e1xima responsable de nuestra sanidad. Argumentos como echar a estas alturas la culpa al PSOE que dej\u00f3 de gobernar en enero 2019 no convencen, y enfermos y familiares andan a caballo entre la frustraci\u00f3n y el enfado que, a la postre, acaban por sufrir quienes trabajan a destajo desde su compromiso \u00e9tico en el Sistema Andaluz de Salud. Es decir, los profesionales del SAS que comparten la amargura de los enfermos. Tampoco es la soluci\u00f3n que se espera de un gobierno ese actitud benefactora con las arcas de los hospitales privados encauzando ah\u00ed los casos urgentes, porque tal estrategia sabemos perfectamente c\u00f3mo acaba. Si se necesitan m\u00e1s instalaciones, m\u00e9dicos y enfermeros, invi\u00e9rtase en el sistema p\u00fablico\u00a0fortaleci\u00e9ndolo\u00a0para el futuro en vez de descapitalizarlo en beneficio de quienes se pusieron de perfil durante la pandemia. Cualquier decisi\u00f3n que no sea defender lo que es de todos nos sit\u00faa en la antesala de un naufragio privatizador de grav\u00edsimas consecuencias del que ya tenemos referentes lamentables (v\u00e9ase el Madrid de Ayuso). Como Juanma Moreno asegur\u00f3 que su modelo era otro, ahora toca que se expliquen con claridad las medidas concretas que van a tomarse para resolver este problema. Y ninguna pasa por sostener a quien, aferrada a la arrogancia, no percibe lo evidente de su fracaso gestor.<\/p>\n<p>FOTO: DIARIO M\u00c9DICO<\/p>\n","protected":false},"excerpt":{"rendered":"<p>Nos acaban de encender las luces navide\u00f1as y, coincidiendo con la etapa que se nos&#8230;<\/p>\n","protected":false},"author":1,"featured_media":65462,"comment_status":"closed","ping_status":"closed","sticky":false,"template":"","format":"standard","meta":{"_coblocks_attr":"","_coblocks_dimensions":"","_coblocks_responsive_height":"","_coblocks_accordion_ie_support":"","jetpack_post_was_ever_published":false,"_jetpack_newsletter_access":"","_jetpack_dont_email_post_to_subs":false,"_jetpack_newsletter_tier_id":0,"_jetpack_memberships_contains_paywalled_content":false,"_jetpack_memberships_contains_paid_content":false,"footnotes":"","jetpack_publicize_message":"","jetpack_publicize_feature_enabled":true,"jetpack_social_post_already_shared":false,"jetpack_social_options":{"image_generator_settings":{"template":"highway","default_image_id":0,"enabled":false},"version":2}},"categories":[1161,44,6914,10],"tags":[],"class_list":["post-65461","post","type-post","status-publish","format-standard","has-post-thumbnail","hentry","category-ciudadania","category-noticias-de-hoy","category-opinion-de-reme-sanchez","category-salud"],"jetpack_publicize_connections":[],"jetpack_featured_media_url":"https:\/\/i0.wp.com\/miradordeatarfe.es\/wp-content\/uploads\/2023\/12\/sanidad.jpeg?fit=300%2C168&ssl=1","jetpack_likes_enabled":true,"jetpack_sharing_enabled":true,"_links":{"self":[{"href":"https:\/\/miradordeatarfe.es\/index.php?rest_route=\/wp\/v2\/posts\/65461","targetHints":{"allow":["GET"]}}],"collection":[{"href":"https:\/\/miradordeatarfe.es\/index.php?rest_route=\/wp\/v2\/posts"}],"about":[{"href":"https:\/\/miradordeatarfe.es\/index.php?rest_route=\/wp\/v2\/types\/post"}],"author":[{"embeddable":true,"href":"https:\/\/miradordeatarfe.es\/index.php?rest_route=\/wp\/v2\/users\/1"}],"replies":[{"embeddable":true,"href":"https:\/\/miradordeatarfe.es\/index.php?rest_route=%2Fwp%2Fv2%2Fcomments&post=65461"}],"version-history":[{"count":1,"href":"https:\/\/miradordeatarfe.es\/index.php?rest_route=\/wp\/v2\/posts\/65461\/revisions"}],"predecessor-version":[{"id":65463,"href":"https:\/\/miradordeatarfe.es\/index.php?rest_route=\/wp\/v2\/posts\/65461\/revisions\/65463"}],"wp:featuredmedia":[{"embeddable":true,"href":"https:\/\/miradordeatarfe.es\/index.php?rest_route=\/wp\/v2\/media\/65462"}],"wp:attachment":[{"href":"https:\/\/miradordeatarfe.es\/index.php?rest_route=%2Fwp%2Fv2%2Fmedia&parent=65461"}],"wp:term":[{"taxonomy":"category","embeddable":true,"href":"https:\/\/miradordeatarfe.es\/index.php?rest_route=%2Fwp%2Fv2%2Fcategories&post=65461"},{"taxonomy":"post_tag","embeddable":true,"href":"https:\/\/miradordeatarfe.es\/index.php?rest_route=%2Fwp%2Fv2%2Ftags&post=65461"}],"curies":[{"name":"wp","href":"https:\/\/api.w.org\/{rel}","templated":true}]}}