{"id":65464,"date":"2023-12-04T10:15:12","date_gmt":"2023-12-04T09:15:12","guid":{"rendered":"https:\/\/miradordeatarfe.es\/?p=65464"},"modified":"2024-03-29T12:39:22","modified_gmt":"2024-03-29T11:39:22","slug":"el-mal-llamado-dia-de-la-bandera-por-fran-lopez","status":"publish","type":"post","link":"https:\/\/miradordeatarfe.es\/?p=65464","title":{"rendered":"EL MAL LLAMADO DIA DE LA BANDERA por Fran L\u00f3pez"},"content":{"rendered":"<h3 style=\"text-align: justify;\"><em>\u00abDe Ronda vengo lo m\u00edo buscando, la flor del pueblo, la flor de mayo, verde blanca y verde. Ay que bonica verla en el aire quitando penas, quitando hambres.\u00bb<\/em><\/h3>\n<p style=\"text-align: justify;\">La Verde y Blanca, canci\u00f3n compuesta por Carlos Cano en 1973, en los \u00faltimos a\u00f1os de la dictadura franquista, perfectamente pudo ser el himno del, entonces creciente sentimiento andalucista.<\/p>\n<p style=\"text-align: justify;\">Sin embargo, a\u00f1os m\u00e1s tarde, en la redacci\u00f3n del Estatuto de Autonom\u00eda, sabiamente, a la hora de asignar simbolog\u00edas a la reci\u00e9n estrenada autonom\u00eda, se mir\u00f3 m\u00e1s atr\u00e1s. Remont\u00e1ndonos al a\u00f1o 1918, en Asamblea de Ronda, ya fueron aprobados por unanimidad la bandera, el escudo y el himno de Andaluc\u00eda.<\/p>\n<p style=\"text-align: justify;\">La Bandera de Andaluc\u00eda, se denomina \u201cArbonaida\u201d. Es una palabra proveniente del \u00e1rabe andalus\u00ed, viene de \u201calbulaida\u201d diminutivo de \u201cbalad\u201d, cuyo significado es \u201cmi tierra\u201d. Su creador fue Blas Infante, fiel defensor de la tierra andaluza, su historia y su pueblo. A\u00f1os m\u00e1s tarde considerado Padre de la Patria Andaluza.<\/p>\n<p style=\"text-align: justify;\">Precisamente fue su esposa, Angustias Garc\u00eda Parias, la encargada de confeccionar la primera bandera andaluza que Blas Infante present\u00f3 ante sus compa\u00f1eros en la mencionada Asamblea de Ronda. A no muchos a\u00f1os vista, concretamente en el a\u00f1o 1936, tras estallar la Guerra Civil, el propio Blas Infante es fusilado por defender sus ideales y arrojado a una fosa com\u00fan de la que a\u00fan hoy, como tantos otros no ha sido rescatado. Angustias, su mujer, con todos los riesgos que la acci\u00f3n supone, guard\u00f3, escondida en su propia casa, la primera bandera andaluza.<\/p>\n<p style=\"text-align: justify;\">Fue as\u00ed como permanecer\u00eda, durante los cuarenta a\u00f1os que duro la ag\u00f3nica dictadura franquista. Hasta que 59 a\u00f1os, 10 meses y 19 d\u00edas despu\u00e9s de su presentaci\u00f3n ante la mencionada asamblea donde se le otorg\u00f3 su val\u00eda, volvi\u00f3 a salir a la calle, en las manos de los hijos de sus hijos e hijas. Fue en aquella m\u00edtica jornada del 4 de diciembre de 1977, cuando en plena transici\u00f3n democr\u00e1tica, el pueblo andaluz sali\u00f3 en masa a la calle para reivindicar su autonom\u00eda, su libertad.<\/p>\n<p style=\"text-align: justify;\">La primera \u201cArbonaida\u201d, la que confeccionara tantos a\u00f1os atr\u00e1s, la propia Angustias, se encontr\u00f3 con otros cientos de banderas verdes y blancas, arropadas por miles de ciudadanos que salieron a la calle a reclamar la liberaci\u00f3n de su pueblo. Este d\u00eda marc\u00f3 un antes y un despu\u00e9s en la Historia de Andaluc\u00eda. Se puede decir, que fue, la precuela del refer\u00e9ndum que dar\u00eda la plena autonom\u00eda al pueblo andaluz a\u00f1os m\u00e1s tarde. Una autonom\u00eda que permiti\u00f3 igualar a Andaluc\u00eda con otras comunidades denominadas hist\u00f3ricas.<\/p>\n<p style=\"text-align: justify;\">Puestos a dar datos exactos, me permitir\u00e9 dar otro, y es que, 16410 d\u00edas despu\u00e9s de esta m\u00edtica jornada el actual Gobierno Andaluz, en una ardua triqui\u00f1uela legislativa, redacta y aprueba, el <em>Decreto 541\/2022, de 8 de noviembre, por el que se declara oficialmente el 4 de diciembre D\u00eda de la Bandera de Andaluc\u00eda.<\/em>\u00a0Para su aprobaci\u00f3n, la Junta de Andaluc\u00eda eligi\u00f3 una f\u00f3rmula legislativa que omit\u00eda su paso por el Parlamento Andaluz, donde hubiera sido debatida por los grupos y parlamentariamente refrendada por todas las fuerzas. Quiz\u00e1s, esta premura o precipitaci\u00f3n por su aprobaci\u00f3n fue temiendo que se le sacaran los colores al recordar c\u00f3mo, el entonces llamado, Alianza Popular, se opuso con todas las herramientas que ten\u00eda en su poder para que Andaluc\u00eda fuese lo que hoy es, una Comunidad Aut\u00f3noma, pero no ser\u00e9 yo quien entre a juzgar estos quehaceres.<\/p>\n<p style=\"text-align: justify;\">Hablar de las manifestaciones del 4 de diciembre de 1977 y no mentar el tr\u00e1gico suceso acaecido en M\u00e1laga, me parece faltar a la verdad. En el mencionado decreto firmado por el actual presidente de la Junta de Andaluc\u00eda, se omite este terrible acontecimiento. Cuando se dio orden a la polic\u00eda de disolver la manifestaci\u00f3n porque un joven intent\u00f3 colgar la bandera andaluza en el edificio del Gobierno Civil de la capital malague\u00f1a, est\u00e1 disparo a discreci\u00f3n contra los manifestantes, segando la vida de un joven de 18 a\u00f1os, Manuel Garc\u00eda Caparros, a\u00fan a d\u00eda de hoy, su asesinato sigue sin resolver.<\/p>\n<p style=\"text-align: justify;\">A trav\u00e9s de este decreto, por parte de la Consejer\u00eda de Educaci\u00f3n, se emite la Instrucci\u00f3n de 21 de noviembre de 2022, por la que se obliga a los centros educativos a conmemorar el D\u00eda de la Bandera de Andaluc\u00eda\u2026 Y yo me pregunto, \u00bfpor qu\u00e9 no explicar en nuestros centros escolares lo que realmente fue el d\u00eda 4 de diciembre? Demostrado queda, que nada tuvo que ver la bandera como s\u00edmbolo tangible, si no que form\u00f3 parte del sentimiento y la emoci\u00f3n que las calles de nuestros pueblos y ciudades vivieron al salir a reclamar su libertad. Por qu\u00e9 no explicarles a nuestras hijas e hijos, que sus bisabuelos, a pesar de ser agricultores y recolectar la materia por la que se produce el pan, el vino y el aceite, pasaban hambre. Entre tanto, solo unos pocos elegidos viv\u00edan en la abundancia.<\/p>\n<p style=\"text-align: justify;\">El 4 de diciembre de 1977, no fue un d\u00eda de reivindicaci\u00f3n a una bandera, no fue un d\u00eda de pol\u00edticos. Los mismos pol\u00edticos que ahora sueltan su perorata y quieren hacernos creer que fueron ellos quien la inventaron. Fue un d\u00eda de triunfo del pueblo andaluz, un d\u00eda de emoci\u00f3n contenida durante muchos a\u00f1os, un d\u00eda donde familias enteras salieron a la calle a gritar por su libertad, un d\u00eda de uni\u00f3n. No nos roben nuestro d\u00eda.<\/p>\n<p style=\"text-align: justify;\">Quien hoy redacta estas l\u00edneas, nacido en 1987, mira con nostalgia a los ojos de quienes vivieron aquellos a\u00f1os y cree ver en ellos reflejados un sentimiento de pasi\u00f3n, de fervor, de fuerza, de a\u00f1oranza. Ellas y ellos, en todo nos aventajan y en mucho nos superan. Miremos al futuro, sin olvidarnos de nuestro inmediato pasado. Cuidemos lo que tanto esfuerzo y vidas cost\u00f3 construir y no consintamos dar un paso atr\u00e1s.<\/p>\n<p style=\"text-align: justify;\">La mayor arma con la que se puede combatir, no es otra, que la palabra y siendo hoy 4 de diciembre, no pod\u00eda dejar pasar la oportunidad, de felicitar a quien lleva por bandera a su tierra a lo largo y ancho del mundo. Hoy hace 65 a\u00f1os que naci\u00f3, en Granada, Luis Garc\u00eda Montero. Aprovecho para, a trav\u00e9s de una de sus muchas frases c\u00e9lebres, definir el sentido de este art\u00edculo, <strong>\u00ab<\/strong>uno puede ser imparcial, tratar de ser justo, pero no puede mantener las distancias ante una injusticia\u00bb.<\/p>\n<p style=\"text-align: justify;\">Pese a todo, puestos a venerar a la arbonaida, termino como empec\u00e9, con Carlos Cano y su Verde y Blanca, el verde de la esperanza y el blanco de la paz:<\/p>\n<p style=\"text-align: justify;\"><em>Amo mi tierra<\/em><em><br \/>\n<\/em><em>Lucho por ella<\/em><em><br \/>\n<\/em><em>Mi esperanza<\/em><em><br \/>\n<\/em><em>Es su bandera<\/em><em><br \/>\n<\/em><em>Verde, blanca y verde<\/em><em><br \/>\n<\/em><em>Verde, blanca y verde<\/em><\/p>\n<p style=\"text-align: justify;\"><em> <a href=\"https:\/\/i0.wp.com\/miradordeatarfe.es\/wp-content\/uploads\/2023\/12\/Imagen1.png?ssl=1\"><img data-recalc-dims=\"1\" loading=\"lazy\" decoding=\"async\" class=\"alignnone wp-image-65466 size-full\" src=\"https:\/\/i0.wp.com\/miradordeatarfe.es\/wp-content\/uploads\/2023\/12\/Imagen1.png?resize=640%2C425&#038;ssl=1\" alt=\"\" width=\"640\" height=\"425\" srcset=\"https:\/\/i0.wp.com\/miradordeatarfe.es\/wp-content\/uploads\/2023\/12\/Imagen1.png?w=960&amp;ssl=1 960w, https:\/\/i0.wp.com\/miradordeatarfe.es\/wp-content\/uploads\/2023\/12\/Imagen1.png?resize=300%2C199&amp;ssl=1 300w, https:\/\/i0.wp.com\/miradordeatarfe.es\/wp-content\/uploads\/2023\/12\/Imagen1.png?resize=768%2C510&amp;ssl=1 768w\" sizes=\"auto, (max-width: 640px) 100vw, 640px\" \/><\/a><\/em><\/p>\n<p style=\"text-align: justify;\"><em>\u00a0<\/em>Manifestaci\u00f3n 4 de diciembre de 1977<\/p>\n<p style=\"text-align: justify;\"><a href=\"https:\/\/i0.wp.com\/miradordeatarfe.es\/wp-content\/uploads\/2023\/12\/Imagen2.png?ssl=1\"><img data-recalc-dims=\"1\" loading=\"lazy\" decoding=\"async\" class=\"alignnone wp-image-65467 size-full\" src=\"https:\/\/i0.wp.com\/miradordeatarfe.es\/wp-content\/uploads\/2023\/12\/Imagen2.png?resize=640%2C360&#038;ssl=1\" alt=\"\" width=\"640\" height=\"360\" srcset=\"https:\/\/i0.wp.com\/miradordeatarfe.es\/wp-content\/uploads\/2023\/12\/Imagen2.png?w=667&amp;ssl=1 667w, https:\/\/i0.wp.com\/miradordeatarfe.es\/wp-content\/uploads\/2023\/12\/Imagen2.png?resize=300%2C169&amp;ssl=1 300w\" sizes=\"auto, (max-width: 640px) 100vw, 640px\" \/><\/a><\/p>\n<p style=\"text-align: justify;\">Primer izado oficial de la bandera andaluza, Ayuntamiento de Aracena, 1932.<\/p>\n<p style=\"text-align: justify;\">\u00a0<\/p>\n","protected":false},"excerpt":{"rendered":"<p>\u00abDe Ronda vengo lo m\u00edo buscando, la flor del pueblo, la flor de mayo, verde&#8230;<\/p>\n","protected":false},"author":1,"featured_media":65465,"comment_status":"closed","ping_status":"closed","sticky":false,"template":"","format":"standard","meta":{"_coblocks_attr":"","_coblocks_dimensions":"","_coblocks_responsive_height":"","_coblocks_accordion_ie_support":"","jetpack_post_was_ever_published":false,"_jetpack_newsletter_access":"","_jetpack_dont_email_post_to_subs":false,"_jetpack_newsletter_tier_id":0,"_jetpack_memberships_contains_paywalled_content":false,"_jetpack_memberships_contains_paid_content":false,"footnotes":"","jetpack_publicize_message":"","jetpack_publicize_feature_enabled":true,"jetpack_social_post_already_shared":true,"jetpack_social_options":{"image_generator_settings":{"template":"highway","default_image_id":0,"enabled":false},"version":2}},"categories":[10791,10794,7671],"tags":[],"class_list":["post-65464","post","type-post","status-publish","format-standard","has-post-thumbnail","hentry","category-andalucia","category-fran-lopez","category-politica"],"jetpack_publicize_connections":[],"jetpack_featured_media_url":"https:\/\/i0.wp.com\/miradordeatarfe.es\/wp-content\/uploads\/2023\/12\/bandera-dia-Andalucia-1140x694-1.jpg?fit=1140%2C694&ssl=1","jetpack_likes_enabled":true,"jetpack_sharing_enabled":true,"_links":{"self":[{"href":"https:\/\/miradordeatarfe.es\/index.php?rest_route=\/wp\/v2\/posts\/65464","targetHints":{"allow":["GET"]}}],"collection":[{"href":"https:\/\/miradordeatarfe.es\/index.php?rest_route=\/wp\/v2\/posts"}],"about":[{"href":"https:\/\/miradordeatarfe.es\/index.php?rest_route=\/wp\/v2\/types\/post"}],"author":[{"embeddable":true,"href":"https:\/\/miradordeatarfe.es\/index.php?rest_route=\/wp\/v2\/users\/1"}],"replies":[{"embeddable":true,"href":"https:\/\/miradordeatarfe.es\/index.php?rest_route=%2Fwp%2Fv2%2Fcomments&post=65464"}],"version-history":[{"count":3,"href":"https:\/\/miradordeatarfe.es\/index.php?rest_route=\/wp\/v2\/posts\/65464\/revisions"}],"predecessor-version":[{"id":65518,"href":"https:\/\/miradordeatarfe.es\/index.php?rest_route=\/wp\/v2\/posts\/65464\/revisions\/65518"}],"wp:featuredmedia":[{"embeddable":true,"href":"https:\/\/miradordeatarfe.es\/index.php?rest_route=\/wp\/v2\/media\/65465"}],"wp:attachment":[{"href":"https:\/\/miradordeatarfe.es\/index.php?rest_route=%2Fwp%2Fv2%2Fmedia&parent=65464"}],"wp:term":[{"taxonomy":"category","embeddable":true,"href":"https:\/\/miradordeatarfe.es\/index.php?rest_route=%2Fwp%2Fv2%2Fcategories&post=65464"},{"taxonomy":"post_tag","embeddable":true,"href":"https:\/\/miradordeatarfe.es\/index.php?rest_route=%2Fwp%2Fv2%2Ftags&post=65464"}],"curies":[{"name":"wp","href":"https:\/\/api.w.org\/{rel}","templated":true}]}}