{"id":65486,"date":"2023-12-07T10:38:44","date_gmt":"2023-12-07T09:38:44","guid":{"rendered":"https:\/\/miradordeatarfe.es\/?p=65486"},"modified":"2023-12-04T00:42:48","modified_gmt":"2023-12-03T23:42:48","slug":"las-diez-enfermedades-mas-mortales-hoy-en-espana","status":"publish","type":"post","link":"https:\/\/miradordeatarfe.es\/?p=65486","title":{"rendered":"Las diez enfermedades m\u00e1s mortales hoy en Espa\u00f1a"},"content":{"rendered":"<h3 style=\"text-align: justify;\">Si hace un siglo la neumon\u00eda, la gripe, la tuberculosis y las infecciones gastrointestinales eran las que m\u00e1s vidas se cobraban, hoy en d\u00eda las patolog\u00edas m\u00e1s mortales son otras.<\/h3>\n<div class=\"contenido\" style=\"text-align: justify;\">\n<p>A principios del siglo XX, la <a href=\"https:\/\/www.ine.es\/ss\/Satellite?blobcol=urldata&amp;blobheader=application%2Fpdf&amp;blobheadername1=Content-Disposition&amp;blobheadervalue1=attachment%3B+filename%3D170_6.pdf&amp;blobkey=urldata&amp;blobtable=MungoBlobs&amp;blobwhere=389%2F60%2F170_6%2C0.pdf&amp;ssbinary=true#:~:text=Si%20en%201900%20la%20esperanza,para%20hombres%20y%20mujeres%20respectivamente.\" target=\"_blank\" rel=\"noopener\">esperanza de vida<\/a> apenas era de 33,8 a\u00f1os para los hombres y 35,7 para las mujeres. En aquella \u00e9poca, una de cada tres muertes eran resultado de enfermedades transmisibles e infecciosas; siendo <a href=\"https:\/\/ethic.es\/2023\/09\/las-enfermedades-mortales-que-fueron-mas-comunes-en-espana\/\" target=\"_blank\" rel=\"noopener\">las patolog\u00edas que m\u00e1s vidas se cobraban<\/a> la neumon\u00eda, la gripe, la tuberculosis y las infecciones gastrointestinales. Un centenar de a\u00f1os despu\u00e9s, las cosas han cambiado dr\u00e1sticamente con una edad media de fallecimiento que ha m\u00e1s que duplicado aquellas cifras: 81,8 a\u00f1os para los hombres y 87 para las mujeres en 2023.<\/p>\n<p>Igual que ha aumentado la esperanza de vida \u2013gracias a una evoluci\u00f3n en pol\u00edticas de salud, avances cient\u00edficos y un sistema sanitario que cuida a la poblaci\u00f3n, entre otras\u2013, las principales causas de muerte tambi\u00e9n han cambiado. El <a href=\"https:\/\/www.ine.es\/prensa\/edcm_2021.pdf\" target=\"_blank\" rel=\"noopener\">\u00faltimo informe<\/a> del Instituto Nacional de Estad\u00edstica (INE) al respecto revela las 10 enfermedades que m\u00e1s vidas han segado en el primer semestre del a\u00f1o pasado.<\/p>\n<h3>Covid-19<\/h3>\n<p>La lista de las diez enfermedades m\u00e1s mortales del primer semestre de 2022 est\u00e1 encabeza por la covid, que caus\u00f3 en Espa\u00f1a 20.915 muertes. Aunque la vacunaci\u00f3n y el fin del colapso de los hospitales por el virus SARS-CoV-2 ha reducido considerablemente el n\u00famero de defunciones, en el \u00faltimo informe del INE segu\u00eda dejando una gran huella.<\/p>\n<h3>Enfermedades isqu\u00e9micas del coraz\u00f3n<\/h3>\n<p>Las enfermedades isqu\u00e9micas del coraz\u00f3n se cobraron 14.529 en el citado periodo del a\u00f1o. Se trata de las patolog\u00edas que implican el estrechamiento o bloqueo de los vasos sangu\u00edneos, causada por da\u00f1o al coraz\u00f3n o a los vasos sangu\u00edneos por aterosclerosis. Una acumulaci\u00f3n de placa grasosa que se espesa y endurece en las paredes arteriales, que puede inhibir el flujo de sangre por las arterias a \u00f3rganos y tejidos y puede conducir a un ataque al coraz\u00f3n, dolor de pecho (angina) o derrame cerebral.<\/p>\n<h3>Enfermedad cerebrovascular<\/h3>\n<p>En 1900, la enfermedad cerebrovascular (ECV) era la segunda causa de muerte a nivel mundial y en la actualidad es la tercera, que se ha cobrado la vida de 12.333 espa\u00f1oles en el primer semestre de 2022. Esta patolog\u00eda comprende un conjunto de trastornos que conllevan una disminuci\u00f3n del flujo sangu\u00edneo en el cerebro con la consecuente afectaci\u00f3n, de manera transitoria o permanente, de la funci\u00f3n de una regi\u00f3n generalizada del cerebro. Entre las ECV m\u00e1s conocidos se encuentra el ictus.<\/p>\n<h3>C\u00e1ncer de bronquios y pulm\u00f3n<\/h3>\n<p>El c\u00e1ncer de bronquios y pulm\u00f3n se cobr\u00f3 11.266 vidas. Aunque principalmente est\u00e1 asociado al tabaquismo, tambi\u00e9n puede afectar a no fumadores. Sus s\u00edntomas pueden incluir tos persistente, dificultad para respirar y dolor en el pecho. El diagn\u00f3stico temprano es esencial para mejorar las opciones de tratamiento.<\/p>\n<h3>Insuficiencia cardiaca<\/h3>\n<p>La insuficiencia card\u00edaca, que produjo la muerte de 10.948 personas, se da cuando el m\u00fasculo card\u00edaco no bombea sangre como deber\u00eda. Con frecuencia, la sangre retrocede y hace que se acumule l\u00edquido en los pulmones y las piernas.<\/p>\n<h3>Demencias<\/h3>\n<p>Las demencias causaron 10.345 muertes en los seis primeros meses de 2022. La degeneraci\u00f3n cognitiva afecta al cuerpo humano y su sistema para mantenerse vivo e independiente, siendo esto la principal causa de la muerte de las personas por demencia.<\/p>\n<h3>Hipertensi\u00f3n<\/h3>\n<p>La enfermedad hipertensiva se cobr\u00f3 7.415 vidas. Si no se trata correctamente, la hipertensi\u00f3n puede causar patolog\u00edas que lleven a la muerte como la insuficiencia renal, enfermedades del coraz\u00f3n y derrames cerebrales.<\/p>\n<h3>Alzh\u00e9imer<\/h3>\n<p>Aunque hemos hablado de las demencias en general, el <a href=\"https:\/\/ethic.es\/2023\/09\/en-que-punto-estamos-contra-el-alzheimer\/\">alzh\u00e9imer<\/a> en concreto caus\u00f3 el fallecimiento de 6.779 personas. Los motivos definitivos de deceso son los mismos que en las demencias en general y especialmente en las etapas avanzadas, la p\u00e9rdida grave de la funci\u00f3n cerebral puede provocar deshidrataci\u00f3n, desnutrici\u00f3n o infecci\u00f3n.<\/p>\n<h3>Enfermedades cr\u00f3nicas de las v\u00edas respiratorias inferiores<\/h3>\n<p>Las enfermedades cr\u00f3nicas de las v\u00edas respiratorias inferiores fueron la causa de muerte de 6.001 espa\u00f1oles en el primer semestre del pasado a\u00f1o. En este grupo se encuentran algunas de las patolog\u00edas m\u00e1s habituales en el campo de la neumolog\u00eda, entre ellas la bronquitis cr\u00f3nica, enfermedad pulmonar obstructiva cr\u00f3nica, enfisema pulmonar, asma y bronquiectasias.<\/p>\n<h3>Diabetes mellitus<\/h3>\n<p>La diabetes mellitus fue la d\u00e9cima enfermedad que m\u00e1s muertes caus\u00f3: 5.587. Hablamos de un trastorno en el que el organismo no produce suficiente cantidad de insulina o no responde normalmente a la misma, lo que provoca que las concentraciones de az\u00facar (glucosa) en sangre sean anormalmente elevadas. La micci\u00f3n y la sed aumentan y se adelgaza sin pretenderlo.<\/p>\n<h3><a href=\"https:\/\/ethic.es\/articulistas\/fran-sanchez?_gl=1*1w96lws*_up*MQ..*_ga*MTI1MDc0MTQ0OC4xNzAxNjQxMDM0*_ga_0LL6WCT924*MTcwMTY0NjY3MS4yLjAuMTcwMTY0NjY3MS4wLjAuMA..\">Fran S\u00e1nchez Becerril<\/a><\/h3>\n<div>FOTO: Ilustraci\u00f3n publicada en Hungr\u00eda en 1914 alertando de los efectos del alcohol: \u2018El alcohol es veneno: \u00a1mata, te vuelve est\u00fapido, te hace sentir miserable!\u2019<\/div>\n<\/div>\n<div style=\"text-align: justify;\">\u00a0<\/div>\n<div style=\"text-align: justify;\">https:\/\/ethic.es\/2023\/11\/las-diez-enfermedades-mas-mortales-hoy-en-espana\/?_gl=1*tlh6uy*_up*MQ..*_ga*MTI1MDc0MTQ0OC4xNzAxNjQxMDM0*_ga_0LL6WCT924*MTcwMTY0MTAzMS4xLjAuMTcwMTY0MTAzMS4wLjAuMA..<\/div>\n","protected":false},"excerpt":{"rendered":"<p>Si hace un siglo la neumon\u00eda, la gripe, la tuberculosis y las infecciones gastrointestinales eran&#8230;<\/p>\n","protected":false},"author":1,"featured_media":65487,"comment_status":"closed","ping_status":"closed","sticky":false,"template":"","format":"standard","meta":{"_coblocks_attr":"","_coblocks_dimensions":"","_coblocks_responsive_height":"","_coblocks_accordion_ie_support":"","jetpack_post_was_ever_published":false,"_jetpack_newsletter_access":"","_jetpack_dont_email_post_to_subs":false,"_jetpack_newsletter_tier_id":0,"_jetpack_memberships_contains_paywalled_content":false,"_jetpack_memberships_contains_paid_content":false,"footnotes":"","jetpack_publicize_message":"","jetpack_publicize_feature_enabled":true,"jetpack_social_post_already_shared":true,"jetpack_social_options":{"image_generator_settings":{"template":"highway","default_image_id":0,"enabled":false},"version":2}},"categories":[1161,44,10],"tags":[],"class_list":["post-65486","post","type-post","status-publish","format-standard","has-post-thumbnail","hentry","category-ciudadania","category-noticias-de-hoy","category-salud"],"jetpack_publicize_connections":[],"jetpack_featured_media_url":"https:\/\/i0.wp.com\/miradordeatarfe.es\/wp-content\/uploads\/2023\/12\/enfermedades-mas-mortales-hoy-1280x768-1.png?fit=1280%2C768&ssl=1","jetpack_likes_enabled":true,"jetpack_sharing_enabled":true,"_links":{"self":[{"href":"https:\/\/miradordeatarfe.es\/index.php?rest_route=\/wp\/v2\/posts\/65486","targetHints":{"allow":["GET"]}}],"collection":[{"href":"https:\/\/miradordeatarfe.es\/index.php?rest_route=\/wp\/v2\/posts"}],"about":[{"href":"https:\/\/miradordeatarfe.es\/index.php?rest_route=\/wp\/v2\/types\/post"}],"author":[{"embeddable":true,"href":"https:\/\/miradordeatarfe.es\/index.php?rest_route=\/wp\/v2\/users\/1"}],"replies":[{"embeddable":true,"href":"https:\/\/miradordeatarfe.es\/index.php?rest_route=%2Fwp%2Fv2%2Fcomments&post=65486"}],"version-history":[{"count":1,"href":"https:\/\/miradordeatarfe.es\/index.php?rest_route=\/wp\/v2\/posts\/65486\/revisions"}],"predecessor-version":[{"id":65488,"href":"https:\/\/miradordeatarfe.es\/index.php?rest_route=\/wp\/v2\/posts\/65486\/revisions\/65488"}],"wp:featuredmedia":[{"embeddable":true,"href":"https:\/\/miradordeatarfe.es\/index.php?rest_route=\/wp\/v2\/media\/65487"}],"wp:attachment":[{"href":"https:\/\/miradordeatarfe.es\/index.php?rest_route=%2Fwp%2Fv2%2Fmedia&parent=65486"}],"wp:term":[{"taxonomy":"category","embeddable":true,"href":"https:\/\/miradordeatarfe.es\/index.php?rest_route=%2Fwp%2Fv2%2Fcategories&post=65486"},{"taxonomy":"post_tag","embeddable":true,"href":"https:\/\/miradordeatarfe.es\/index.php?rest_route=%2Fwp%2Fv2%2Ftags&post=65486"}],"curies":[{"name":"wp","href":"https:\/\/api.w.org\/{rel}","templated":true}]}}