{"id":65512,"date":"2023-12-09T08:23:49","date_gmt":"2023-12-09T07:23:49","guid":{"rendered":"https:\/\/miradordeatarfe.es\/?p=65512"},"modified":"2023-12-04T17:57:52","modified_gmt":"2023-12-04T16:57:52","slug":"alhendin-pone-en-marcha-un-servicio-de-biblioteca-a-domicilio-para-mayores-y-personas-con-movilidad-reducida","status":"publish","type":"post","link":"https:\/\/miradordeatarfe.es\/?p=65512","title":{"rendered":"Alhend\u00edn pone en marcha un servicio de biblioteca a domicilio para mayores y personas con movilidad reducida"},"content":{"rendered":"<h3 style=\"text-align: justify;\">La Concejal\u00eda de Cultura de Alhend\u00edn (Granada) ha puesto en marcha el servicio de biblioteca a domicilio con la intenci\u00f3n de llevar libros y otros materiales a los hogares de personas que tienen dificultades para desplazarse hasta este espacio p\u00fablico.<\/h3>\n<p style=\"text-align: justify;\">El alcalde de Alhend\u00edn, Francis Rodr\u00edguez; la concejala de Cultura, Rosa Mar\u00eda Moya, y la bibliotecaria, Demelsa Taboada, han presentado esta iniciativa que va dirigida a personas residentes en Alhend\u00edn que sean mayores de 70 a\u00f1os o tengan movilidad reducida.<\/p>\n<p style=\"text-align: justify;\">\u00abQueremos que todo el cat\u00e1logo de publicaciones de nuestra biblioteca est\u00e9 al alcance del mayor n\u00famero posible de vecinos y, en caso de que no puedan ir a por ellos, desde el Ayuntamiento nos hemos organizado para llev\u00e1rselos a casa\u00bb, ha explicado el alcalde.<\/p>\n<p style=\"text-align: justify;\">La bibliotecaria ha destacado que para poder tener acceso a este servicio gratuito, es necesario registrarse en la propia Biblioteca de Alhend\u00edn a trav\u00e9s del tel\u00e9fono 958-558548 o al 663328874, en horario de tarde (de 16.00 a 20.00 horas). En \u00e9l se facilitar\u00e1 toda la informaci\u00f3n para obtener la tarjeta de usuario de la Red de Bibliotecas P\u00fablicas de Andaluc\u00eda.<\/p>\n<p style=\"text-align: justify;\">Con posterioridad, ha explicado la concejala, los vecinos \u00abya podr\u00e1n pedir que les lleven los libros a su domicilio\u00bb, algo que se realizar\u00e1 en el plazo de una semana. \u00abCuando acabe el pr\u00e9stamo, el servicio tambi\u00e9n se encarga de la recogida\u00bb, ha dicho Moya.<\/p>\n<p style=\"text-align: justify;\">Como m\u00e1ximo cada vecino podr\u00e1 tener tres libros prestados a la vez mediante este servicio para un plazo de lectura de 21 d\u00edas.<\/p>\n<p style=\"text-align: justify;\">\u00abEsta acci\u00f3n forma parte de la amplia programaci\u00f3n y actividades que durante todo el a\u00f1o oferta la Biblioteca de Alhend\u00edn\u00bb, ha dicho el regidor municipal.<\/p>\n<p style=\"text-align: justify;\">Desde hace unas semanas, este espacio p\u00fablico cuenta con nuevo mobiliario, con la adquisici\u00f3n de dos carritos bibliotecarios para exposici\u00f3n de novedades y un carro de cojines para el disfrute de los m\u00e1s peque\u00f1os.<\/p>\n<p style=\"text-align: justify;\">Adem\u00e1s, la Biblioteca ya dispone de un buz\u00f3n de devoluci\u00f3n de libros, colocado en el exterior de la biblioteca para horarios en los que se encuentra cerrada, con lo que se ampl\u00edan as\u00ed los servicios que ofrece.<\/p>\n<p><a class=\"emi\" title=\"Radio Granada\" href=\"https:\/\/cadenaser.com\/radio-granada\/\"><strong>Radio Granada<\/strong><\/a><\/p>\n<figure><figcaption class=\"fc\">\n<p>FOTO: El alcalde de Alhend\u00edn, Francis Rodr\u00edguez; la concejala de Cultura, Rosa Mar\u00eda Moya, y la bibliotecaria, Demelsa Taboada, presentan el servicio de biblioteca a domicilio<\/p>\n<\/figcaption><\/figure>\n<div class=\"cnt-byline\"><a class=\"emi\" title=\"Radio Granada\" href=\"https:\/\/cadenaser.com\/radio-granada\/\">https:\/\/cadenaser.com\/andalucia\/2023\/11\/28\/alhendin-pone-en-marcha-un-servicio-de-biblioteca-a-domicilio-para-mayores-y-personas-con-movilidad-reducida-radio-granada\/<\/a><span class=\"a_ti\"><br \/>\n<\/span><\/div>\n","protected":false},"excerpt":{"rendered":"<p>La Concejal\u00eda de Cultura de Alhend\u00edn (Granada) ha puesto en marcha el servicio de biblioteca&#8230;<\/p>\n","protected":false},"author":1,"featured_media":65513,"comment_status":"closed","ping_status":"closed","sticky":false,"template":"","format":"standard","meta":{"_coblocks_attr":"","_coblocks_dimensions":"","_coblocks_responsive_height":"","_coblocks_accordion_ie_support":"","jetpack_post_was_ever_published":false,"_jetpack_newsletter_access":"","_jetpack_dont_email_post_to_subs":false,"_jetpack_newsletter_tier_id":0,"_jetpack_memberships_contains_paywalled_content":false,"_jetpack_memberships_contains_paid_content":false,"footnotes":"","jetpack_publicize_message":"","jetpack_publicize_feature_enabled":true,"jetpack_social_post_already_shared":true,"jetpack_social_options":{"image_generator_settings":{"template":"highway","default_image_id":0,"enabled":false},"version":2}},"categories":[1161,44,6937],"tags":[],"class_list":["post-65512","post","type-post","status-publish","format-standard","has-post-thumbnail","hentry","category-ciudadania","category-noticias-de-hoy","category-sociedad"],"jetpack_publicize_connections":[],"jetpack_featured_media_url":"https:\/\/i0.wp.com\/miradordeatarfe.es\/wp-content\/uploads\/2023\/12\/BELHXXE5PRHKPBG6LDERRI542M.jpg?fit=768%2C432&ssl=1","jetpack_likes_enabled":true,"jetpack_sharing_enabled":true,"_links":{"self":[{"href":"https:\/\/miradordeatarfe.es\/index.php?rest_route=\/wp\/v2\/posts\/65512","targetHints":{"allow":["GET"]}}],"collection":[{"href":"https:\/\/miradordeatarfe.es\/index.php?rest_route=\/wp\/v2\/posts"}],"about":[{"href":"https:\/\/miradordeatarfe.es\/index.php?rest_route=\/wp\/v2\/types\/post"}],"author":[{"embeddable":true,"href":"https:\/\/miradordeatarfe.es\/index.php?rest_route=\/wp\/v2\/users\/1"}],"replies":[{"embeddable":true,"href":"https:\/\/miradordeatarfe.es\/index.php?rest_route=%2Fwp%2Fv2%2Fcomments&post=65512"}],"version-history":[{"count":1,"href":"https:\/\/miradordeatarfe.es\/index.php?rest_route=\/wp\/v2\/posts\/65512\/revisions"}],"predecessor-version":[{"id":65514,"href":"https:\/\/miradordeatarfe.es\/index.php?rest_route=\/wp\/v2\/posts\/65512\/revisions\/65514"}],"wp:featuredmedia":[{"embeddable":true,"href":"https:\/\/miradordeatarfe.es\/index.php?rest_route=\/wp\/v2\/media\/65513"}],"wp:attachment":[{"href":"https:\/\/miradordeatarfe.es\/index.php?rest_route=%2Fwp%2Fv2%2Fmedia&parent=65512"}],"wp:term":[{"taxonomy":"category","embeddable":true,"href":"https:\/\/miradordeatarfe.es\/index.php?rest_route=%2Fwp%2Fv2%2Fcategories&post=65512"},{"taxonomy":"post_tag","embeddable":true,"href":"https:\/\/miradordeatarfe.es\/index.php?rest_route=%2Fwp%2Fv2%2Ftags&post=65512"}],"curies":[{"name":"wp","href":"https:\/\/api.w.org\/{rel}","templated":true}]}}