{"id":65520,"date":"2023-12-11T10:07:44","date_gmt":"2023-12-11T09:07:44","guid":{"rendered":"https:\/\/miradordeatarfe.es\/?p=65520"},"modified":"2023-12-11T14:05:42","modified_gmt":"2023-12-11T13:05:42","slug":"los-ninos-han-dejado-de-usar-y-disfrutar-de-las-calles-por-que-esto-es-un-error","status":"publish","type":"post","link":"https:\/\/miradordeatarfe.es\/?p=65520","title":{"rendered":"Los ni\u00f1os han dejado de usar y disfrutar de las calles, por qu\u00e9 esto es un error"},"content":{"rendered":"<h3 class=\"a_st\">El actual desarrollo arquitect\u00f3nico y urban\u00edstico de las metr\u00f3polis excluye a los menores como agentes activos en su configuraci\u00f3n y genera una sobreprotecci\u00f3n de los mismos, reduce su autonom\u00eda y evita que desarrollen conductas responsables y de pertenencia a una comunidad.<\/h3>\n<p style=\"text-align: justify;\">Aproximadamente, 1.000 millones de menores de edad viven en ciudades, seg\u00fan datos de Unicef. Entornos que, pese a las posibilidades de desarrollo y protecci\u00f3n que podr\u00edan ofrecer a la poblaci\u00f3n infantil, no cumplen con las expectativas puestas en ellas. As\u00ed lo traslada el pensador y <strong>psicopedagogo Francesco Tonucci<\/strong> cuando asegura que las ciudades est\u00e1n pensadas y proyectadas tomando a los adultos como referencia, quien propone que los menores puedan salir solos a la calle en entornos seguros, porque si esto es as\u00ed, ser\u00e1n tambi\u00e9n lugares m\u00e1s seguros para los adultos.<\/p>\n<p class=\"\" style=\"text-align: justify;\">Ante la desconexi\u00f3n existente entre las ciudades y la infancia, son muchos los que consideran necesario lograr de nuevo su uni\u00f3n, desconocedores de en qu\u00e9 momento se perdi\u00f3 el v\u00ednculo entre ambos. \u201cDurante mucho tiempo este colectivo [la poblaci\u00f3n infantil] ha permanecido invisible para diversas disciplinas y agentes\u201d, asegura Ana Novella C\u00e1mara, coordinadora del Proyecto Europeo IMCITIZEN, un programa que fomenta la identidad de ciudadan\u00eda democr\u00e1tica de los ni\u00f1os como miembros activos y comprometidos.<\/p>\n<p class=\"\" style=\"text-align: justify;\">A partir de la d\u00e9cada de los noventa, con la aprobaci\u00f3n de la Convenci\u00f3n de los Derechos del Ni\u00f1o en noviembre de 1989, se visibiliz\u00f3 la infancia como un sujeto con derechos a promover, garantizar y defender. El movimiento internacional de Ciudades Educadoras, en esa misma d\u00e9cada, desencaden\u00f3 un cambio en la concepci\u00f3n de la ciudad como un agente de formaci\u00f3n integral y espacio educativo definido colaborativamente por toda la ciudadan\u00eda. Esta modificaci\u00f3n del criterio coincidi\u00f3 con la denuncia de Tonucci de la hostilidad de las urbes hacia la infancia en su libro <i>La ciudad de los ni\u00f1os <\/i>(1996). \u201cEl autor apunta directamente a la responsabilidad de pol\u00edticos y arquitectos de prestar atenci\u00f3n a las perspectivas de la infancia al definir los espacios de juego y organizar la ciudad. La premisa fundamental es reconocer a los ni\u00f1os como agentes activos en la planificaci\u00f3n urbana y en la configuraci\u00f3n de la ciudad, fomentando un enfoque m\u00e1s inclusivo y sensible a sus necesidades\u201d, explica Novella.<\/p>\n<p class=\"\" style=\"text-align: justify;\">El arquitecto Fernando Chueca, en su libro<i> <\/i><i>Breve historia del urbanismo<\/i><i>,<\/i> afirmaba que la ciudad es una organizaci\u00f3n f\u00edsica con alma. \u201cLos ciudadanos tenemos el derecho y el deber de aportar esa alma, alimentada desde la sensibilidad humana. \u00bfY la infancia? Su papel en la ideaci\u00f3n de la ciudad es muy conveniente, aunque hist\u00f3ricamente haya sido menospreciado\u201d, asegura Pablo Campos Calvo-Sotelo, catedr\u00e1tico de Composici\u00f3n Arquitect\u00f3nica de la Universidad San Pablo-CEU. La participaci\u00f3n de los ni\u00f1os y ni\u00f1as en la configuraci\u00f3n de la urbe es imprescindible. \u201cSon usuarios, singulares, pero autorizad\u00edsimos, y ser\u00e1n los encargados de vivirla y mejorarla en su madurez\u201d, asegura Campos. Adem\u00e1s, seg\u00fan el experto, tienen la capacidad de ofrecer miradas diferentes que inspiren para reinventarla: \u201cComo escenario p\u00fablico, la ciudad es la proyecci\u00f3n macroescalar del hogar familiar; por ello, los m\u00e1s j\u00f3venes, con su modo de vivir y percibir psicol\u00f3gicamente el espacio, han de ser escuchados. La ciudad es la met\u00e1fora construida de una sociedad que nos acoge a todos\u201d.<\/p>\n<p class=\"\" style=\"text-align: justify;\">El cambio m\u00e1s profundo que ha sufrido la urbe en relaci\u00f3n con la presencia de menores en sus espacios es la p\u00e9rdida de autonom\u00eda en el uso y disfrute de sus calles. \u201cSe ha pasado de una infancia visible que formaba parte del paisaje urbano, a una infancia confinada, bien en casa o en espacios acotados y exclusivos, y siempre bajo vigilancia adulta\u201d, apunta Marta Rom\u00e1n, ge\u00f3grafa y fundadora de Gea21, empresa de consultor\u00eda ambiental y social. Este proceso silencioso de invisibilizaci\u00f3n infantil se apoya en \u201caspectos urban\u00edsticos \u2014dominio del tr\u00e1fico y explosi\u00f3n de las distancias\u2014; demogr\u00e1ficos \u2014baj\u00edsimas tasas de natalidad\u2014; y sociales \u2014un cambio profundo en la manera de concebir y tratar a los menores\u2014. La hiperprotecci\u00f3n atenta contra sus derechos b\u00e1sicos y est\u00e1 en el origen de muchos de los problemas que asolan a la infancia y a la adolescencia en la actualidad\u201d, sostiene Rom\u00e1n.<\/p>\n<p class=\"\" style=\"text-align: justify;\">El cambio de paradigma en relaci\u00f3n con el binomio ciudad-infancia ha hecho que la urbe pase de ser un patrimonio com\u00fan, donde la vecindad contribu\u00eda a su cuidado porque poblaban las calles, a convertirse en \u201cun bien privado donde la familia es la \u00fanica referencia legitimada\u201d, asegura Rom\u00e1n. El vaciamiento del espacio p\u00fablico \u2014cada vez con menos actividades y usos\u2014, los modelos de vivienda que dan la espalda a la calle y el predominio de los coches y otros usos privados ocupando el espacio com\u00fan, \u201chan ido expulsando poco a poco a la infancia y a los j\u00f3venes de las calles\u201d, afirma. Por eso, <em>hay que convertir de nuevo la ciudad en un escenario de convivencia, donde integrar a los ni\u00f1os, como un lugar seguro<\/em>, \u201cen el que puedan moverse con autonom\u00eda y desarrollen conductas responsables y de valores, porque la ciudad tambi\u00e9n educa\u201d, a\u00f1ade por su parte Campos.<\/p>\n<p class=\"\" style=\"text-align: justify;\">Los progenitores desempe\u00f1an un papel crucial para que los ni\u00f1os no se limiten a habitar la ciudad, sino a convivir de forma plena en ella. \u201cEstablecer un v\u00ednculo corresponsable y emocional con las calles de los municipios se revela como un pilar fundamental para su desarrollo integral, evitando tanto la sobreprotecci\u00f3n que limita su presencia en la calle como trasladar nuestros propios miedos e inseguridades con el espacio p\u00fablico\u201d, opina Novella. Para conseguir esa aproximaci\u00f3n, la coordinadora del proyecto IMCITIZEN<i> <\/i>aconseja:<\/p>\n<ol style=\"text-align: justify;\">\n<li><em>Transmitir emociones y sentimientos positivos en relaci\u00f3n con el espacio p\u00fablico.<\/em><\/li>\n<li><em>Ocupar las calles como espacio de juego y descubrimiento. Usar el espacio de la calle para pasarlo bien con otras ni\u00f1as y ni\u00f1os.<\/em><\/li>\n<li><em>Explorar juntos los espacios. Acompa\u00f1ar a nuestras hijas y nuestros hijos mientras exploran los diferentes rincones del barrio, y de forma progresiva retirarnos para fomentar su autonom\u00eda, libertad y sensaci\u00f3n de seguridad.<\/em><\/li>\n<li><em>Disfrutar de los espacios p\u00fablicos como espacios de relaci\u00f3n y cultura.<\/em><\/li>\n<li><em>Participar en espacios comunitarios donde involucrarse en eventos e iniciativas que dinamicen la comunidad.<\/em><\/li>\n<li><em>Tejer una red de proximidad basada en la confianza. Reconocer y fortalecer la confianza mutua con el entorno y la comunidad.<\/em><\/li>\n<\/ol>\n<p class=\"\" style=\"text-align: justify;\">El barrio y el municipio se configuran as\u00ed como un elemento esencial en el desarrollo de la ni\u00f1ez. \u201cLa infancia que se desarrolla ajena al barrio carece de lazos que contribuyan a establecer una conexi\u00f3n s\u00f3lida con el entorno\u201d, afirma Novella. Ese distanciamiento puede generar sentimientos de desafecci\u00f3n y poco inter\u00e9s por lo que pase en la localidad. Por eso, es esencial tejer los v\u00ednculos de pertenencia desde edades tempranas para favorecer el desarrollo de la identidad de manera conectada y activada. Porque, seg\u00fan declara esta experta, que un ni\u00f1o o ni\u00f1a crezca ajeno al espacio en el que vive tiene sus consecuencias:<\/p>\n<ul style=\"text-align: justify;\">\n<li><em>Se le priva de oportunidades de vivencias diversas y significativas con la comunidad y con otras infancias.<\/em><\/li>\n<li><em>Carece de referentes sociales y comunitarios. Es m\u00e1s f\u00e1cil que tenga dificultades para establecer amistades.<\/em><\/li>\n<li><em>Aumenta el uso de pantallas y en consecuencia los h\u00e1bitos sedentarios.<\/em><\/li>\n<li><em>Desarrolla competencias sociales por debajo de lo \u00f3ptimo que le disponen a relacionarse con otras personas y a liderar iniciativas comunitarias que dinamicen el entorno.<\/em><\/li>\n<li><em>Reduce su conocimiento de servicios y entidades del barrio y de las actividades y tradiciones del territorio.<\/em><\/li>\n<\/ul>\n<p class=\"\" style=\"text-align: justify;\">Por el contrario, cuando la infancia vive integrada en el barrio:<\/p>\n<ul style=\"text-align: justify;\">\n<li><em>Aumenta su sentido de pertenencia y construcci\u00f3n de identidad cultural arraigados en un entorno.<\/em><\/li>\n<li><em>Posee un amplio horizonte de oportunidades y experiencias diversas que ampl\u00edan su autonom\u00eda y libertad.<\/em><\/li>\n<li><em>Desarrolla competencias ciudadanas de alta intensidad que le conectan con otros y lidera iniciativas comunitarias.<\/em><\/li>\n<li><em>Ampl\u00eda su c\u00edrculo social, tejiendo un grupo de amigos y conocidos m\u00e1s amplio con el que poder relacionarse en diversas acciones o actividades.<\/em><\/li>\n<li><em>Posee una buena autoestima al tener un grupo amplio que le permite hacer cosas juntos por su comunidad.<\/em><\/li>\n<li><em>Fomenta h\u00e1bitos saludables, porque se mueve constantemente por el territorio. Disminuye la sensaci\u00f3n de soledad y, por ello, puede reducir tambi\u00e9n los problemas de salud mental<\/em>.<\/li>\n<\/ul>\n<p class=\"\" style=\"text-align: justify;\">Otro de los factores que ayudan a que los ni\u00f1os y ni\u00f1as \u201cexperimenten\u201d con su ciudad es el juego. \u201cEl componente l\u00fadico debe cobrar protagonismo\u201d, prosigue Campos, \u201cla urbe debe ofrecer al ni\u00f1o diversidad funcional y arquitect\u00f3nica para que pueda construir, al igual que en el hogar familiar, sentimientos de pertenencia\u201d.<\/p>\n<header class=\"a_e _g _g-xs\">\n<div class=\"a_e_m\">\n<figure class=\"a_m a_m-h \"><figcaption class=\"a_m_p\"><a class=\"a_md_a_n\" title=\"Ver todas las noticias de Ana Camarero\" href=\"https:\/\/elpais.com\/autor\/ana-maria-camarero-gomez\/#?rel=author_top\" data-mrf-link=\"https:\/\/elpais.com\/autor\/ana-maria-camarero-gomez\/\"><strong>Ana Camarero<\/strong><\/a><\/p>\n<p>FOTO:Ante la desconexi\u00f3n existente entre las ciudades y la infancia son muchos los que consideran necesario lograr de nuevo su uni\u00f3n.<span class=\"a_m_m\">Westend61 (Getty Images\/Westend61)<\/span><\/p>\n<\/figcaption><\/figure>\n<\/div>\n<\/header>\n<div class=\"a_md _g _g-xs ni\">\n<div class=\"a_md_txt\">\n<div class=\"a_md_a\" data-dtm-region=\"articulo_firma\">https:\/\/elpais.com\/mamas-papas\/actualidad\/2023-11-29\/los-ninos-han-dejado-de-usar-y-disfrutar-de-las-calles-por-que-esto-es-un-error.html?utm_source=pocket-newtab-es-es<\/div>\n<\/div>\n<\/div>\n","protected":false},"excerpt":{"rendered":"<p>El actual desarrollo arquitect\u00f3nico y urban\u00edstico de las metr\u00f3polis excluye a los menores como agentes&#8230;<\/p>\n","protected":false},"author":1,"featured_media":65521,"comment_status":"closed","ping_status":"closed","sticky":false,"template":"","format":"standard","meta":{"_coblocks_attr":"","_coblocks_dimensions":"","_coblocks_responsive_height":"","_coblocks_accordion_ie_support":"","jetpack_post_was_ever_published":false,"_jetpack_newsletter_access":"","_jetpack_dont_email_post_to_subs":false,"_jetpack_newsletter_tier_id":0,"_jetpack_memberships_contains_paywalled_content":false,"_jetpack_memberships_contains_paid_content":false,"footnotes":"","jetpack_publicize_message":"","jetpack_publicize_feature_enabled":true,"jetpack_social_post_already_shared":true,"jetpack_social_options":{"image_generator_settings":{"template":"highway","default_image_id":0,"enabled":false},"version":2}},"categories":[2,1161,186,44],"tags":[],"class_list":["post-65520","post","type-post","status-publish","format-standard","has-post-thumbnail","hentry","category-atarfe","category-ciudadania","category-instituciones","category-noticias-de-hoy"],"jetpack_publicize_connections":[],"jetpack_featured_media_url":"https:\/\/i0.wp.com\/miradordeatarfe.es\/wp-content\/uploads\/2023\/12\/Screenshot-2023-12-05-at-10-10-16-Los-ninos-han-dejado-de-usar-y-disfrutar-de-las-calles-por-que-esto-es-un-error.png?fit=595%2C586&ssl=1","jetpack_likes_enabled":true,"jetpack_sharing_enabled":true,"_links":{"self":[{"href":"https:\/\/miradordeatarfe.es\/index.php?rest_route=\/wp\/v2\/posts\/65520","targetHints":{"allow":["GET"]}}],"collection":[{"href":"https:\/\/miradordeatarfe.es\/index.php?rest_route=\/wp\/v2\/posts"}],"about":[{"href":"https:\/\/miradordeatarfe.es\/index.php?rest_route=\/wp\/v2\/types\/post"}],"author":[{"embeddable":true,"href":"https:\/\/miradordeatarfe.es\/index.php?rest_route=\/wp\/v2\/users\/1"}],"replies":[{"embeddable":true,"href":"https:\/\/miradordeatarfe.es\/index.php?rest_route=%2Fwp%2Fv2%2Fcomments&post=65520"}],"version-history":[{"count":3,"href":"https:\/\/miradordeatarfe.es\/index.php?rest_route=\/wp\/v2\/posts\/65520\/revisions"}],"predecessor-version":[{"id":65524,"href":"https:\/\/miradordeatarfe.es\/index.php?rest_route=\/wp\/v2\/posts\/65520\/revisions\/65524"}],"wp:featuredmedia":[{"embeddable":true,"href":"https:\/\/miradordeatarfe.es\/index.php?rest_route=\/wp\/v2\/media\/65521"}],"wp:attachment":[{"href":"https:\/\/miradordeatarfe.es\/index.php?rest_route=%2Fwp%2Fv2%2Fmedia&parent=65520"}],"wp:term":[{"taxonomy":"category","embeddable":true,"href":"https:\/\/miradordeatarfe.es\/index.php?rest_route=%2Fwp%2Fv2%2Fcategories&post=65520"},{"taxonomy":"post_tag","embeddable":true,"href":"https:\/\/miradordeatarfe.es\/index.php?rest_route=%2Fwp%2Fv2%2Ftags&post=65520"}],"curies":[{"name":"wp","href":"https:\/\/api.w.org\/{rel}","templated":true}]}}