{"id":65528,"date":"2023-12-12T11:30:51","date_gmt":"2023-12-12T10:30:51","guid":{"rendered":"https:\/\/miradordeatarfe.es\/?p=65528"},"modified":"2023-12-08T23:00:35","modified_gmt":"2023-12-08T22:00:35","slug":"atarfe-mercado-de-abastos","status":"publish","type":"post","link":"https:\/\/miradordeatarfe.es\/?p=65528","title":{"rendered":"\u00abATARFE: MERCADO DE ABASTOS\u00bb"},"content":{"rendered":"<h3 style=\"text-align: justify;\">Es un edificio de dos plantas de construcci\u00f3n moderna que sustituy\u00f3 al antiguo. En la planta inferior se encuentra el acceso a la zona del mercado, oficinas municipales y una cafeter\u00eda. En la planta superior est\u00e1 ubicado el Consorcio Vega de Sierra Elvira.<\/h3>\n<p style=\"text-align: justify;\">Por la zona posterior del edificio, en la plaza de Abastos, se ubica la sede del \u00e1rea de Igualdad y Bienestar Social del Ayuntamiento de Atarfe y la del Centro de Participaci\u00f3n y Consumo, inauguradas en el 2011. Tiene una zona de aparcamientos subterr\u00e1neos.<\/p>\n<h3 style=\"text-align: justify;\">Rese\u00f1a Hist\u00f3rica<\/h3>\n<p style=\"text-align: justify;\">Seg\u00fan la Memoria del proyecto de obra del antiguo Mercado de Abastos (1926) del arquitecto Fernando Wilhemi Manzano, el edificio estaba formado por tres naves. Una de mayor elevaci\u00f3n y m\u00e1s grande, y dos laterales m\u00e1s peque\u00f1as y bajas. La central de 8 m ancho, 20 de largo y 5 de alto, con dos frentes formados por dos muros de ladrillo perforado, y sus costados se reducen a pilares tambi\u00e9n de ladrillo. Con cubierta de armadura de dos aguas con dos ventanas para su iluminaci\u00f3n y ventilaci\u00f3n.<\/p>\n<p style=\"text-align: justify;\">Las naves adosadas tendr\u00edan igual largo que esta y un ancho de 2m. Sus costados exteriores estar\u00edan compuestos por pilares de ladrillo. Con cubiertas a un agua, elev\u00e1ndose a 2,70 m en su parte m\u00e1s baja, y en la m\u00e1s alta 3,70 m.\u00a0 El n\u00famero de puestos de venta para los que se proyect\u00f3 el edificio era de 28, de los cuales cuatro deb\u00edan tener mayores dimensiones para dedicarlos a ciertas mercader\u00edas que necesiten mayor espacio.<\/p>\n<p style=\"text-align: justify;\">En el centro se instalaron 10 puestos y en las naves laterales fueron 9 en cada lado. Para el lavado y limpieza se proyect\u00f3 una fuente de agua potable y el desag\u00fce ser\u00eda a trav\u00e9s de una alcantarilla.<\/p>\n<p style=\"text-align: justify;\">El 16 de Febrero del 1926, se public\u00f3 en el Bolet\u00edn Oficial de la Provincia de Granada que el Ayuntamiento de Atarfe, estando de alcalde D. Antonio Jim\u00e9nez Alonso, sac\u00f3 a subasta p\u00fablica la construcci\u00f3n del mercado en la Calle Dr. Jim\u00e9nez Rueda. En 1931 se realiz\u00f3 un proyecto de reforma por el arquitecto Jos\u00e9 Quesada Esplugas que se sac\u00f3 a subasta para la realizaci\u00f3n de un s\u00f3tano para reses muertas. En 1932 se public\u00f3 otra vez la subasta, la cual qued\u00f3 desierta por falta de licitadores.<\/p>\n<p>&nbsp;<\/p>\n<p><a href=\"https:\/\/i0.wp.com\/miradordeatarfe.es\/wp-content\/uploads\/2023\/12\/Captura20231205115740.png?ssl=1\"><img data-recalc-dims=\"1\" loading=\"lazy\" decoding=\"async\" class=\"alignnone wp-image-65530 \" src=\"https:\/\/i0.wp.com\/miradordeatarfe.es\/wp-content\/uploads\/2023\/12\/Captura20231205115740.png?resize=640%2C282&#038;ssl=1\" alt=\"\" width=\"640\" height=\"282\" srcset=\"https:\/\/i0.wp.com\/miradordeatarfe.es\/wp-content\/uploads\/2023\/12\/Captura20231205115740.png?w=910&amp;ssl=1 910w, https:\/\/i0.wp.com\/miradordeatarfe.es\/wp-content\/uploads\/2023\/12\/Captura20231205115740.png?resize=300%2C132&amp;ssl=1 300w, https:\/\/i0.wp.com\/miradordeatarfe.es\/wp-content\/uploads\/2023\/12\/Captura20231205115740.png?resize=768%2C338&amp;ssl=1 768w\" sizes=\"auto, (max-width: 640px) 100vw, 640px\" \/><\/a><\/p>\n<h3>PUBLICADO EN EL LIBRO \u00bb ATARFE PATRIMONIO CULTURAL Y NATURAL\u00bb (2015) FRANCISCA L\u00d3PEZ, I\u00d1AKI NIEVA Y MANUEL GUERRERO<\/h3>\n","protected":false},"excerpt":{"rendered":"<p>Es un edificio de dos plantas de construcci\u00f3n moderna que sustituy\u00f3 al antiguo. En la&#8230;<\/p>\n","protected":false},"author":1,"featured_media":65529,"comment_status":"closed","ping_status":"closed","sticky":false,"template":"","format":"standard","meta":{"_coblocks_attr":"","_coblocks_dimensions":"","_coblocks_responsive_height":"","_coblocks_accordion_ie_support":"","jetpack_post_was_ever_published":false,"_jetpack_newsletter_access":"","_jetpack_dont_email_post_to_subs":false,"_jetpack_newsletter_tier_id":0,"_jetpack_memberships_contains_paywalled_content":false,"_jetpack_memberships_contains_paid_content":false,"footnotes":"","jetpack_publicize_message":"","jetpack_publicize_feature_enabled":true,"jetpack_social_post_already_shared":true,"jetpack_social_options":{"image_generator_settings":{"template":"highway","default_image_id":0,"enabled":false},"version":2}},"categories":[2,1225,186,44],"tags":[],"class_list":["post-65528","post","type-post","status-publish","format-standard","has-post-thumbnail","hentry","category-atarfe","category-ha-de-atarfe","category-instituciones","category-noticias-de-hoy"],"jetpack_publicize_connections":[],"jetpack_featured_media_url":"https:\/\/i0.wp.com\/miradordeatarfe.es\/wp-content\/uploads\/2023\/12\/Captura20231205115712.png?fit=330%2C247&ssl=1","jetpack_likes_enabled":true,"jetpack_sharing_enabled":true,"_links":{"self":[{"href":"https:\/\/miradordeatarfe.es\/index.php?rest_route=\/wp\/v2\/posts\/65528","targetHints":{"allow":["GET"]}}],"collection":[{"href":"https:\/\/miradordeatarfe.es\/index.php?rest_route=\/wp\/v2\/posts"}],"about":[{"href":"https:\/\/miradordeatarfe.es\/index.php?rest_route=\/wp\/v2\/types\/post"}],"author":[{"embeddable":true,"href":"https:\/\/miradordeatarfe.es\/index.php?rest_route=\/wp\/v2\/users\/1"}],"replies":[{"embeddable":true,"href":"https:\/\/miradordeatarfe.es\/index.php?rest_route=%2Fwp%2Fv2%2Fcomments&post=65528"}],"version-history":[{"count":1,"href":"https:\/\/miradordeatarfe.es\/index.php?rest_route=\/wp\/v2\/posts\/65528\/revisions"}],"predecessor-version":[{"id":65531,"href":"https:\/\/miradordeatarfe.es\/index.php?rest_route=\/wp\/v2\/posts\/65528\/revisions\/65531"}],"wp:featuredmedia":[{"embeddable":true,"href":"https:\/\/miradordeatarfe.es\/index.php?rest_route=\/wp\/v2\/media\/65529"}],"wp:attachment":[{"href":"https:\/\/miradordeatarfe.es\/index.php?rest_route=%2Fwp%2Fv2%2Fmedia&parent=65528"}],"wp:term":[{"taxonomy":"category","embeddable":true,"href":"https:\/\/miradordeatarfe.es\/index.php?rest_route=%2Fwp%2Fv2%2Fcategories&post=65528"},{"taxonomy":"post_tag","embeddable":true,"href":"https:\/\/miradordeatarfe.es\/index.php?rest_route=%2Fwp%2Fv2%2Ftags&post=65528"}],"curies":[{"name":"wp","href":"https:\/\/api.w.org\/{rel}","templated":true}]}}