{"id":6553,"date":"2016-02-08T20:33:16","date_gmt":"2016-02-08T20:33:16","guid":{"rendered":"http:\/\/miradordeatarfe.es\/?p=6553"},"modified":"2016-02-08T20:33:16","modified_gmt":"2016-02-08T20:33:16","slug":"aviso-de-cortes-de-luz-de-endesa-los-dias-9-manana-y-14-de-febrero-en-atarfe","status":"publish","type":"post","link":"https:\/\/miradordeatarfe.es\/?p=6553","title":{"rendered":"Aviso de cortes de luz de Endesa los d\u00edas 9 (ma\u00f1ana) y 14 de febrero en ATARFE"},"content":{"rendered":"<p><span class=\"contenidos_subtitulo\">La compa\u00f1\u00eda el\u00e9ctrica interrumpir\u00e1 el suministro de forma temporal en distintas calles para realizar labores de mantenimiento y mejorar la calidad de la red de distribuci\u00f3n.<\/span><br \/>\n<!--more--><\/p>\n<p><strong>Endesa Espa\u00f1a<\/strong> informa de cortes de luz por trabajos de mantenimiento y mejora en la red de distribuci\u00f3n los <strong>d\u00edas 9 y 14 de febrero<\/strong> en las siguientes calles de Atarfe.<\/p>\n<p><strong><u>DIA 9 (de 8:00 a 14 horas)<\/u><\/strong><\/p>\n<p><strong>SIERRA ELVIRA\u00a0<\/strong><\/p>\n<p>C\/ BUENAVISTA, C\/ GALLARA, C\/ GARCILASO DE LA VEGA, C\/ JUAN DE AUSTRIA, C\/ JULIO R. DE TORRES, AV\/ MOISES, C\/ NATALIO RIVAS, C\/ NTRA. SRA. CARMEN, C\/ NTRA SRA DE LAS ANGUSTIAS, C\/ NUEVA, BO\/ SIERRA ELVIRA, PL\/ TORBAS<\/p>\n<p><strong>ATARFE<\/strong><\/p>\n<p>C\/ ALCAZABA, C\/ ANTONIO RAJOY, C\/ BLAS INFANTE, AV\/ CAPARACENA, CR\/ CAPARACENA-CUBILLAS, C\/ CEDAZOS, PS\/ CEMENTERIO (EL), C\/ CORONEL RUIZ CABELLO, C\/ DOCTOR RAMON Y CAJAL, C\/ ENCARNACION F. LOPEZ, C\/ GOYA, C\/ GRECO, C\/ INFANTAS, PZ\/ JUAN CARLOS I, C\/ MARIANO J. DE LARRA, C\/ MIRASIERRA, C\/ MURILLO, C\/ PABLO PICASSO, C\/ PRINCIPE, C\/ PRRCO MIGUEL MORALES, C\/ REINA SOFIA, C\/ TRANSVERSAL AVENIDA CAPARACENA, C\/ VELAZQUEZ, TR\/ 2 ALVARO DE BAZAN<\/p>\n<p><strong><u>D\u00cdA 14 (de 8:00 a 16 horas)<\/u><\/strong><\/p>\n<p><strong>ATARFE\u00a0<\/strong><\/p>\n<p>C\/ ALAMO (LL. SILVA), PG\/ ALAMOS FASE 2, PG\/ ALAMOS FASE 3, CR\/ SANTA FE<\/p>\n<p>&nbsp;<\/p>\n<p>Para cualquier aclaraci\u00f3n pueden llamar al <strong>tel\u00e9fono 900 850 840<\/strong>.<\/p>\n<p>No obstante, Endesa recuerda que las l\u00edneas se consideran en tensi\u00f3n, por lo que el suministro puede reponerse en cualquier momento<\/p>\n<p>&nbsp;<\/p>\n<div align=\"right\"><a href=\"http:\/\/www.ciudadatarfe.com\/index.php\"><img data-recalc-dims=\"1\" decoding=\"async\" src=\"https:\/\/i0.wp.com\/www.ciudadatarfe.com\/imagenes\/boton_volver.gif?w=640\" alt=\"Volver al Listado\" align=\"absmiddle\" border=\"0\" \/><\/a><\/div>\n","protected":false},"excerpt":{"rendered":"<p>La compa\u00f1\u00eda el\u00e9ctrica interrumpir\u00e1 el suministro de forma temporal en distintas calles para realizar labores&#8230;<\/p>\n","protected":false},"author":1,"featured_media":6554,"comment_status":"closed","ping_status":"closed","sticky":false,"template":"","format":"standard","meta":{"_coblocks_attr":"","_coblocks_dimensions":"","_coblocks_responsive_height":"","_coblocks_accordion_ie_support":"","jetpack_post_was_ever_published":false,"_jetpack_newsletter_access":"","_jetpack_dont_email_post_to_subs":false,"_jetpack_newsletter_tier_id":0,"_jetpack_memberships_contains_paywalled_content":false,"_jetpack_memberships_contains_paid_content":false,"footnotes":"","jetpack_publicize_message":"","jetpack_publicize_feature_enabled":true,"jetpack_social_post_already_shared":false,"jetpack_social_options":{"image_generator_settings":{"template":"highway","default_image_id":0,"enabled":false},"version":2}},"categories":[2,186,44,15],"tags":[81,2162,2161],"class_list":["post-6553","post","type-post","status-publish","format-standard","has-post-thumbnail","hentry","category-atarfe","category-instituciones","category-noticias-de-hoy","category-ultimas-noticias","tag-atarfe","tag-calles","tag-corte-deluz"],"jetpack_publicize_connections":[],"jetpack_featured_media_url":"https:\/\/i0.wp.com\/miradordeatarfe.es\/wp-content\/uploads\/2016\/02\/images-1.jpeg?fit=294%2C171&ssl=1","jetpack_likes_enabled":true,"jetpack_sharing_enabled":true,"_links":{"self":[{"href":"https:\/\/miradordeatarfe.es\/index.php?rest_route=\/wp\/v2\/posts\/6553","targetHints":{"allow":["GET"]}}],"collection":[{"href":"https:\/\/miradordeatarfe.es\/index.php?rest_route=\/wp\/v2\/posts"}],"about":[{"href":"https:\/\/miradordeatarfe.es\/index.php?rest_route=\/wp\/v2\/types\/post"}],"author":[{"embeddable":true,"href":"https:\/\/miradordeatarfe.es\/index.php?rest_route=\/wp\/v2\/users\/1"}],"replies":[{"embeddable":true,"href":"https:\/\/miradordeatarfe.es\/index.php?rest_route=%2Fwp%2Fv2%2Fcomments&post=6553"}],"version-history":[{"count":1,"href":"https:\/\/miradordeatarfe.es\/index.php?rest_route=\/wp\/v2\/posts\/6553\/revisions"}],"predecessor-version":[{"id":6555,"href":"https:\/\/miradordeatarfe.es\/index.php?rest_route=\/wp\/v2\/posts\/6553\/revisions\/6555"}],"wp:featuredmedia":[{"embeddable":true,"href":"https:\/\/miradordeatarfe.es\/index.php?rest_route=\/wp\/v2\/media\/6554"}],"wp:attachment":[{"href":"https:\/\/miradordeatarfe.es\/index.php?rest_route=%2Fwp%2Fv2%2Fmedia&parent=6553"}],"wp:term":[{"taxonomy":"category","embeddable":true,"href":"https:\/\/miradordeatarfe.es\/index.php?rest_route=%2Fwp%2Fv2%2Fcategories&post=6553"},{"taxonomy":"post_tag","embeddable":true,"href":"https:\/\/miradordeatarfe.es\/index.php?rest_route=%2Fwp%2Fv2%2Ftags&post=6553"}],"curies":[{"name":"wp","href":"https:\/\/api.w.org\/{rel}","templated":true}]}}