{"id":6556,"date":"2016-02-09T08:00:31","date_gmt":"2016-02-09T08:00:31","guid":{"rendered":"http:\/\/miradordeatarfe.es\/?p=6556"},"modified":"2016-02-09T09:22:40","modified_gmt":"2016-02-09T09:22:40","slug":"el-mirador-de-atarfe-hoy-cumple-3-anos","status":"publish","type":"post","link":"https:\/\/miradordeatarfe.es\/?p=6556","title":{"rendered":"EL MIRADOR DE ATARFE HOY CUMPLE 3 A\u00d1OS"},"content":{"rendered":"<p>El peri\u00f3dico MIRADOR DE ATARFE cumple 3 a\u00f1os, completando a\u00f1os de compromiso con la informaci\u00f3n y de vocaci\u00f3n de servicio hacia sus lectores que son muchos.<\/p>\n<p><!--more-->La efem\u00e9rides nos ha de servir necesariamente como punto de partida para afrontar una nueva etapa que posibilite mantener invariables sus valores fundacionales y afianzar sus objetivos: SER VOZ P\u00daBLICA de aspectos tan importantes como : nuestro ATARFE, la educaci\u00f3n , la salud, la lucha contra la corrupci\u00f3n, el feminismo, la cultura, los derechos de la ciudadan\u00eda, etc\u2026. Consolidar la impronta de una cabecera influyente, \u00fatil y precisa para la conformaci\u00f3n de opini\u00f3n p\u00fablica y para el asentamiento de una identidad colectiva seguir\u00e1 siendo el camino a seguir dentro de la fort\u00edsima revoluci\u00f3n de los modos tradicionales de acceso a la informaci\u00f3n en la que nos sentimos inmersos.<\/p>\n<p>PARA CONSEGUIRLO, MIRADOR DE ATARFE incidir\u00e1 en las fortalezas obtenidas gracias a la confianza demostrada por los ATARFE\u00d1OS, y los lectores durante estos 3 a\u00f1os. EL MIRADOR DE ATARFE , seguir\u00e1 sensibilizado siempre con las causas comunes y con el inter\u00e9s global de NUESTRA comunidad. Hemos publicado cerca de 6000 noticias (5845) siendo la mas leida por 3755 personas y la menos 125.<\/p>\n<p>Nuestras NOTICIAS, a trav\u00e9s de la edici\u00f3n digital, seguir\u00e1n abiertas sin excepci\u00f3n a todas las entidades y organizaciones que con su quehacer cotidiano ayudan a enriquecer los debates p\u00fablicos y la lucha por los valores que representa.<\/p>\n","protected":false},"excerpt":{"rendered":"<p>El peri\u00f3dico MIRADOR DE ATARFE cumple 3 a\u00f1os, completando a\u00f1os de compromiso con la informaci\u00f3n&#8230;<\/p>\n","protected":false},"author":1,"featured_media":6559,"comment_status":"closed","ping_status":"closed","sticky":false,"template":"","format":"standard","meta":{"_coblocks_attr":"","_coblocks_dimensions":"","_coblocks_responsive_height":"","_coblocks_accordion_ie_support":"","jetpack_post_was_ever_published":false,"_jetpack_newsletter_access":"","_jetpack_dont_email_post_to_subs":false,"_jetpack_newsletter_tier_id":0,"_jetpack_memberships_contains_paywalled_content":false,"_jetpack_memberships_contains_paid_content":false,"footnotes":"","jetpack_publicize_message":"","jetpack_publicize_feature_enabled":true,"jetpack_social_post_already_shared":false,"jetpack_social_options":{"image_generator_settings":{"template":"highway","default_image_id":0,"enabled":false},"version":2}},"categories":[2,9,44,15],"tags":[81,1331,1070],"class_list":["post-6556","post","type-post","status-publish","format-standard","has-post-thumbnail","hentry","category-atarfe","category-medio-ambiente","category-noticias-de-hoy","category-ultimas-noticias","tag-atarfe","tag-ha-de-atarfe","tag-mirador-de-atarfe"],"jetpack_publicize_connections":[],"jetpack_featured_media_url":"https:\/\/i0.wp.com\/miradordeatarfe.es\/wp-content\/uploads\/2016\/02\/g6pmMbsV_400x400.jpeg?fit=400%2C400&ssl=1","jetpack_likes_enabled":true,"jetpack_sharing_enabled":true,"_links":{"self":[{"href":"https:\/\/miradordeatarfe.es\/index.php?rest_route=\/wp\/v2\/posts\/6556","targetHints":{"allow":["GET"]}}],"collection":[{"href":"https:\/\/miradordeatarfe.es\/index.php?rest_route=\/wp\/v2\/posts"}],"about":[{"href":"https:\/\/miradordeatarfe.es\/index.php?rest_route=\/wp\/v2\/types\/post"}],"author":[{"embeddable":true,"href":"https:\/\/miradordeatarfe.es\/index.php?rest_route=\/wp\/v2\/users\/1"}],"replies":[{"embeddable":true,"href":"https:\/\/miradordeatarfe.es\/index.php?rest_route=%2Fwp%2Fv2%2Fcomments&post=6556"}],"version-history":[{"count":4,"href":"https:\/\/miradordeatarfe.es\/index.php?rest_route=\/wp\/v2\/posts\/6556\/revisions"}],"predecessor-version":[{"id":6565,"href":"https:\/\/miradordeatarfe.es\/index.php?rest_route=\/wp\/v2\/posts\/6556\/revisions\/6565"}],"wp:featuredmedia":[{"embeddable":true,"href":"https:\/\/miradordeatarfe.es\/index.php?rest_route=\/wp\/v2\/media\/6559"}],"wp:attachment":[{"href":"https:\/\/miradordeatarfe.es\/index.php?rest_route=%2Fwp%2Fv2%2Fmedia&parent=6556"}],"wp:term":[{"taxonomy":"category","embeddable":true,"href":"https:\/\/miradordeatarfe.es\/index.php?rest_route=%2Fwp%2Fv2%2Fcategories&post=6556"},{"taxonomy":"post_tag","embeddable":true,"href":"https:\/\/miradordeatarfe.es\/index.php?rest_route=%2Fwp%2Fv2%2Ftags&post=6556"}],"curies":[{"name":"wp","href":"https:\/\/api.w.org\/{rel}","templated":true}]}}