{"id":65563,"date":"2023-12-07T11:10:25","date_gmt":"2023-12-07T10:10:25","guid":{"rendered":"https:\/\/miradordeatarfe.es\/?p=65563"},"modified":"2023-12-06T20:55:01","modified_gmt":"2023-12-06T19:55:01","slug":"atarfe-trabaja-en-su-agenda-urbana-2030","status":"publish","type":"post","link":"https:\/\/miradordeatarfe.es\/?p=65563","title":{"rendered":"Atarfe trabaja en su Agenda Urbana 2030."},"content":{"rendered":"<div class=\"x11i5rnm xat24cr x1mh8g0r x1vvkbs xtlvy1s x126k92a\">\n<h3 dir=\"auto\" style=\"text-align: justify;\">Se trata de una gu\u00eda que refleja los sue\u00f1os y aspiraciones de todos nosotros. Queremos un Atarfe m\u00e1s fuerte y sostenible, y estamos comprometidos a lograrlo juntos, marcando un hito importante en la construcci\u00f3n del futuro de Atarfe.<\/h3>\n<\/div>\n<div class=\"x11i5rnm xat24cr x1mh8g0r x1vvkbs xtlvy1s x126k92a\" style=\"text-align: justify;\">\n<div dir=\"auto\">El equipo inicial, formado por t\u00e9cnicos municipales de diversas disciplinas, ya est\u00e1 inmerso en el proceso. En los pr\u00f3ximos d\u00edas, abriremos las puertas a todos los Atarfe\u00f1os y Atarfe\u00f1as, invit\u00e1ndote a contribuir, compartir tus visiones y ser parte activa en la creaci\u00f3n de nuestro futuro.<span class=\"x3nfvp2 x1j61x8r x1fcty0u xdj266r xhhsvwb xat24cr xgzva0m xxymvpz xlup9mm x1kky2od\"><img loading=\"lazy\" decoding=\"async\" class=\"xz74otr\" src=\"https:\/\/static.xx.fbcdn.net\/images\/emoji.php\/v9\/te0\/1\/16\/1f31f.png\" alt=\"\" width=\"16\" height=\"16\" \/><\/span><span class=\"x3nfvp2 x1j61x8r x1fcty0u xdj266r xhhsvwb xat24cr xgzva0m xxymvpz xlup9mm x1kky2od\"><img loading=\"lazy\" decoding=\"async\" class=\"xz74otr\" src=\"https:\/\/static.xx.fbcdn.net\/images\/emoji.php\/v9\/t6e\/1\/16\/1f4ac.png\" alt=\"\" width=\"16\" height=\"16\" \/><\/span><\/div>\n<div dir=\"auto\">\u00a0<\/div>\n<\/div>\n<div class=\"x11i5rnm xat24cr x1mh8g0r x1vvkbs xtlvy1s x126k92a\" style=\"text-align: justify;\">\n<div dir=\"auto\">Este proceso participativo no solo nos ayudar\u00e1 a entender mejor nuestro territorio y nuestras necesidades, sino que tambi\u00e9n nos permitir\u00e1 establecer metas realistas y asegurar la financiaci\u00f3n necesaria para convertir nuestros proyectos en realidad.<\/div>\n<div dir=\"auto\">\n<p>En 2020 el Gobierno Central eligi\u00f3 a la Diputaci\u00f3n de Granada como proyecto piloto de inter\u00e9s para el conjunto del pa\u00eds por ser pionera en la aplicaci\u00f3n de los objetivos de la Agenda Urbana Espa\u00f1ola. La provincia de Granada se convirti\u00f3 en referencia nacional en materia de desarrollo de la Agenda Urbana Espa\u00f1ola tras la firma del Protocolo de actuaci\u00f3n con la Secretar\u00eda General de Agenda Urbana y Vivienda del Ministerio de Transportes, Movilidad y Agenda Urbana.<\/p>\n<p>Hasta el momento, se est\u00e1n desarrollando 34 agendas urbanas en toda la provincia, que contemplan 434 acciones y de los que se est\u00e1n beneficiando cerca de un mill\u00f3n de granadinos y granadinas. Asimismo, gracias al plan de Concertaci\u00f3n de la instituci\u00f3n provincial, 160 municipios granadinos est\u00e1n en proceso de elaboraci\u00f3n de sus agendas urbanas.<\/p>\n<\/div>\n<\/div>\n<div class=\"x11i5rnm xat24cr x1mh8g0r x1vvkbs xtlvy1s x126k92a\" style=\"text-align: justify;\">\n<div dir=\"auto\">Estamos construyendo juntos el Atarfe del ma\u00f1ana. Cada voz cuenta, y cada idea nos acerca un paso m\u00e1s al Atarfe que todos so\u00f1amos. \u00a1\u00danete a nosotros!<\/div>\n<\/div>\n<div class=\"x11i5rnm xat24cr x1mh8g0r x1vvkbs xtlvy1s x126k92a\">\n<div dir=\"auto\" style=\"text-align: justify;\">\u00a1Hagamos historia juntos!<\/div>\n<\/div>\n<div dir=\"auto\">\u00a0<\/div>\n<div dir=\"auto\">\u00a0<\/div>\n<div dir=\"auto\"><iframe loading=\"lazy\" src=\"\/\/www.youtube.com\/embed\/PIWMrLZvgYw?feature=shared\" width=\"560\" height=\"314\" allowfullscreen=\"allowfullscreen\"><\/iframe><\/div>\n<div class=\"x11i5rnm xat24cr x1mh8g0r x1vvkbs xtlvy1s x126k92a\">\n<div dir=\"auto\">\u00a0<\/div>\n<\/div>\n","protected":false},"excerpt":{"rendered":"<p>Se trata de una gu\u00eda que refleja los sue\u00f1os y aspiraciones de todos nosotros. Queremos&#8230;<\/p>\n","protected":false},"author":1,"featured_media":65564,"comment_status":"closed","ping_status":"closed","sticky":false,"template":"","format":"standard","meta":{"_coblocks_attr":"","_coblocks_dimensions":"","_coblocks_responsive_height":"","_coblocks_accordion_ie_support":"","jetpack_post_was_ever_published":false,"_jetpack_newsletter_access":"","_jetpack_dont_email_post_to_subs":false,"_jetpack_newsletter_tier_id":0,"_jetpack_memberships_contains_paywalled_content":false,"_jetpack_memberships_contains_paid_content":false,"footnotes":"","jetpack_publicize_message":"","jetpack_publicize_feature_enabled":true,"jetpack_social_post_already_shared":true,"jetpack_social_options":{"image_generator_settings":{"template":"highway","default_image_id":0,"enabled":false},"version":2}},"categories":[2,7725,6916,44],"tags":[],"class_list":["post-65563","post","type-post","status-publish","format-standard","has-post-thumbnail","hentry","category-atarfe","category-atarfe-sostenible","category-ayuntamiento-de-atarfe","category-noticias-de-hoy"],"jetpack_publicize_connections":[],"jetpack_featured_media_url":"https:\/\/i0.wp.com\/miradordeatarfe.es\/wp-content\/uploads\/2023\/12\/Agenda_2030.webp?fit=660%2C330&ssl=1","jetpack_likes_enabled":true,"jetpack_sharing_enabled":true,"_links":{"self":[{"href":"https:\/\/miradordeatarfe.es\/index.php?rest_route=\/wp\/v2\/posts\/65563","targetHints":{"allow":["GET"]}}],"collection":[{"href":"https:\/\/miradordeatarfe.es\/index.php?rest_route=\/wp\/v2\/posts"}],"about":[{"href":"https:\/\/miradordeatarfe.es\/index.php?rest_route=\/wp\/v2\/types\/post"}],"author":[{"embeddable":true,"href":"https:\/\/miradordeatarfe.es\/index.php?rest_route=\/wp\/v2\/users\/1"}],"replies":[{"embeddable":true,"href":"https:\/\/miradordeatarfe.es\/index.php?rest_route=%2Fwp%2Fv2%2Fcomments&post=65563"}],"version-history":[{"count":1,"href":"https:\/\/miradordeatarfe.es\/index.php?rest_route=\/wp\/v2\/posts\/65563\/revisions"}],"predecessor-version":[{"id":65565,"href":"https:\/\/miradordeatarfe.es\/index.php?rest_route=\/wp\/v2\/posts\/65563\/revisions\/65565"}],"wp:featuredmedia":[{"embeddable":true,"href":"https:\/\/miradordeatarfe.es\/index.php?rest_route=\/wp\/v2\/media\/65564"}],"wp:attachment":[{"href":"https:\/\/miradordeatarfe.es\/index.php?rest_route=%2Fwp%2Fv2%2Fmedia&parent=65563"}],"wp:term":[{"taxonomy":"category","embeddable":true,"href":"https:\/\/miradordeatarfe.es\/index.php?rest_route=%2Fwp%2Fv2%2Fcategories&post=65563"},{"taxonomy":"post_tag","embeddable":true,"href":"https:\/\/miradordeatarfe.es\/index.php?rest_route=%2Fwp%2Fv2%2Ftags&post=65563"}],"curies":[{"name":"wp","href":"https:\/\/api.w.org\/{rel}","templated":true}]}}