{"id":65570,"date":"2023-12-12T10:30:29","date_gmt":"2023-12-12T09:30:29","guid":{"rendered":"https:\/\/miradordeatarfe.es\/?p=65570"},"modified":"2023-12-12T14:16:41","modified_gmt":"2023-12-12T13:16:41","slug":"a-mi-amigo-jorge-ramal-por-mariano-poyatos-augustin","status":"publish","type":"post","link":"https:\/\/miradordeatarfe.es\/?p=65570","title":{"rendered":"\u00abA MI AMIGO JORGE RAMAL\u00bb por Mariano Poyatos August\u00edn"},"content":{"rendered":"<div class=\"\" dir=\"auto\">\n<div id=\":roa:\" class=\"x1iorvi4 x1pi30zi x1l90r2v x1swvt13\" data-ad-comet-preview=\"message\" data-ad-preview=\"message\">\n<div class=\"x78zum5 xdt5ytf xz62fqu x16ldp7u\">\n<div class=\"xu06os2 x1ok221b\">\n<div class=\"x11i5rnm xat24cr x1mh8g0r x1vvkbs xtlvy1s x126k92a\">\n<h3 dir=\"auto\" style=\"text-align: justify;\">Aprovechando que mi Carmen tiene unos minutos de descanso en la asignatura de programaci\u00f3n, me entr\u00f3 el impulso de recordar a mi amigo cuando distribu\u00eda los art\u00edculos.<\/h3>\n<div dir=\"auto\" style=\"text-align: justify;\">Una vez yo intent\u00e9 ayudarle en la tienda y \u00e9l me dejaba hacer, me interesaba poner delante los chocolates con almendra, creo que se venden m\u00e1s, \u00e9l, no muy lejos, colocaba los batidos de vainilla\u2026 Al final del pasillo, se me acerc\u00f3 un joven del que Jorge no se hab\u00eda percatado:<\/div>\n<\/div>\n<div class=\"x11i5rnm xat24cr x1mh8g0r x1vvkbs xtlvy1s x126k92a\" style=\"text-align: justify;\">\n<div dir=\"auto\">-T\u00fa, s\u00ed me recuerdas, aunque hayan pasado muchos a\u00f1os, sucedi\u00f3 por Alomartes, la furgoneta abr\u00eda las puertas hacia delante, era algo traicionera-.<\/div>\n<div dir=\"auto\">\u00a0<\/div>\n<\/div>\n<div class=\"x11i5rnm xat24cr x1mh8g0r x1vvkbs xtlvy1s x126k92a\" style=\"text-align: justify;\">\n<div dir=\"auto\">En una casa del barrio de Santa Adela, un hombre desesperado se revolcaba en el suelo por la falta de su hermano, mientras un ni\u00f1o miraba impotente. La verdura tampoco pudo llegar a su destino aunque el joven era brillante como un reloj. Pasado el tiempo, en el cruce del Ventorrillo, a un ciclomotor le faltaron las fuerzas. La noche era muy fr\u00eda y por la calle de las Esperillas sub\u00eda un hombre con su hijo adolescente y a la altura de una casa de dos hojas se atrevi\u00f3 a llamar con cierta timidez. Alguien abri\u00f3, el hombre sin pronunciar palabra, se quit\u00f3 el sombrero:<\/div>\n<\/div>\n<div class=\"x11i5rnm xat24cr x1mh8g0r x1vvkbs xtlvy1s x126k92a\" style=\"text-align: justify;\">\n<div dir=\"auto\">-\u00a1Por Dios, Antonio, dime que no es verdad, por Dios, dinos que no es Paco, porque \u00e9l ha salido hace un ratito para el turno de la f\u00e1brica!-.<\/div>\n<div dir=\"auto\">\u00a0<\/div>\n<\/div>\n<div class=\"x11i5rnm xat24cr x1mh8g0r x1vvkbs xtlvy1s x126k92a\" style=\"text-align: justify;\">\n<div dir=\"auto\">Las estanter\u00edas llenas de golosinas daban un colorido especial a la tienda, Jorge ten\u00eda arte, todo el arte del mundo para maridar una botella de vino blanco con otra de Rioja, sin que discutieran entre ellas.<\/div>\n<\/div>\n<div class=\"x11i5rnm xat24cr x1mh8g0r x1vvkbs xtlvy1s x126k92a\" style=\"text-align: justify;\">\n<div dir=\"auto\">Hace much\u00edsimo tiempo, ser\u00eda dif\u00edcil de contar, tanto que solo est\u00e1 autorizado para describirlo un ciego nacido en Atarfe, que no conoce de tendencias ni de colores porque no los ve.<\/div>\n<\/div>\n<div class=\"x11i5rnm xat24cr x1mh8g0r x1vvkbs xtlvy1s x126k92a\">\n<div dir=\"auto\" style=\"text-align: justify;\">A veces, en el Corral\u00f3n, cuando se escuchaba la enorme puerta sonar con sus golpes secos, las mujeres se recog\u00edan y temblaban como un telar \u00e1rabe.<\/div>\n<\/div>\n<\/div>\n<\/div>\n<\/div>\n<\/div>\n","protected":false},"excerpt":{"rendered":"<p>Aprovechando que mi Carmen tiene unos minutos de descanso en la asignatura de programaci\u00f3n, me&#8230;<\/p>\n","protected":false},"author":1,"featured_media":65571,"comment_status":"closed","ping_status":"closed","sticky":false,"template":"","format":"standard","meta":{"_coblocks_attr":"","_coblocks_dimensions":"","_coblocks_responsive_height":"","_coblocks_accordion_ie_support":"","jetpack_post_was_ever_published":false,"_jetpack_newsletter_access":"","_jetpack_dont_email_post_to_subs":false,"_jetpack_newsletter_tier_id":0,"_jetpack_memberships_contains_paywalled_content":false,"_jetpack_memberships_contains_paid_content":false,"footnotes":"","jetpack_publicize_message":"","jetpack_publicize_feature_enabled":true,"jetpack_social_post_already_shared":true,"jetpack_social_options":{"image_generator_settings":{"template":"highway","default_image_id":0,"enabled":false},"version":2}},"categories":[2,186,44],"tags":[],"class_list":["post-65570","post","type-post","status-publish","format-standard","has-post-thumbnail","hentry","category-atarfe","category-instituciones","category-noticias-de-hoy"],"jetpack_publicize_connections":[],"jetpack_featured_media_url":"https:\/\/i0.wp.com\/miradordeatarfe.es\/wp-content\/uploads\/2023\/12\/399277575_6855527124505818_2102384919859331163_n.jpg?fit=626%2C417&ssl=1","jetpack_likes_enabled":true,"jetpack_sharing_enabled":true,"_links":{"self":[{"href":"https:\/\/miradordeatarfe.es\/index.php?rest_route=\/wp\/v2\/posts\/65570","targetHints":{"allow":["GET"]}}],"collection":[{"href":"https:\/\/miradordeatarfe.es\/index.php?rest_route=\/wp\/v2\/posts"}],"about":[{"href":"https:\/\/miradordeatarfe.es\/index.php?rest_route=\/wp\/v2\/types\/post"}],"author":[{"embeddable":true,"href":"https:\/\/miradordeatarfe.es\/index.php?rest_route=\/wp\/v2\/users\/1"}],"replies":[{"embeddable":true,"href":"https:\/\/miradordeatarfe.es\/index.php?rest_route=%2Fwp%2Fv2%2Fcomments&post=65570"}],"version-history":[{"count":2,"href":"https:\/\/miradordeatarfe.es\/index.php?rest_route=\/wp\/v2\/posts\/65570\/revisions"}],"predecessor-version":[{"id":65716,"href":"https:\/\/miradordeatarfe.es\/index.php?rest_route=\/wp\/v2\/posts\/65570\/revisions\/65716"}],"wp:featuredmedia":[{"embeddable":true,"href":"https:\/\/miradordeatarfe.es\/index.php?rest_route=\/wp\/v2\/media\/65571"}],"wp:attachment":[{"href":"https:\/\/miradordeatarfe.es\/index.php?rest_route=%2Fwp%2Fv2%2Fmedia&parent=65570"}],"wp:term":[{"taxonomy":"category","embeddable":true,"href":"https:\/\/miradordeatarfe.es\/index.php?rest_route=%2Fwp%2Fv2%2Fcategories&post=65570"},{"taxonomy":"post_tag","embeddable":true,"href":"https:\/\/miradordeatarfe.es\/index.php?rest_route=%2Fwp%2Fv2%2Ftags&post=65570"}],"curies":[{"name":"wp","href":"https:\/\/api.w.org\/{rel}","templated":true}]}}