{"id":65573,"date":"2023-12-17T11:30:52","date_gmt":"2023-12-17T10:30:52","guid":{"rendered":"https:\/\/miradordeatarfe.es\/?p=65573"},"modified":"2023-12-15T10:52:46","modified_gmt":"2023-12-15T09:52:46","slug":"las-tres-gracias","status":"publish","type":"post","link":"https:\/\/miradordeatarfe.es\/?p=65573","title":{"rendered":"\u00abLAS TRES GRACIAS\u00bb  por Alberto Granados"},"content":{"rendered":"<h3 style=\"text-align: justify;\">J. Humbert, en su \u201dMitolog\u00eda griega y romana\u201d (Editorial G. Gili, M\u00e9jico D. F., 1978), al referirse a las tres Gracias, dice:<\/h3>\n<p style=\"text-align: justify;\">\u201cLas habituales compa\u00f1eras de Venus y Cupido son las tres Gracias: Aglae, Tal\u00eda y Eufrosina. J\u00f3venes, hermosas y modestas, con los cabellos prendidos con negligencia; se dan las manos como si se prepararan para la danza, o levantan un brazo por encima del hombro y la cabeza mientras que el otro igualmente colocado va a unirse con la mano de la Gracia pr\u00f3xima. Las Gracias presiden las acciones buenas, el reconocimiento y todo lo que el mundo puede ofrecer de agradable, dulce y atractivo. No solamente dispensan a los hombres la amabilidad, la jovialidad, un humor benigno y otras cualidades que constituyen el encanto de la vida, sino tambi\u00e9n la liberalidad, la elocuencia y la sabidur\u00eda. Algunas veces aparecen representadas en medio de los s\u00e1tiros m\u00e1s feos, para indicar que no se puede juzgar a una persona s\u00f3lo por las apariencias, y que los defectos del rostro se modifican por las cualidades del esp\u00edritu y del coraz\u00f3n\u201d.<\/p>\n<p style=\"text-align: justify;\">Por su parte, el \u201cDiccionario de la Mitolog\u00eda Cl\u00e1sica\u201d (FALC\u00d3N MART\u00cdNEZ, C. y otros, Madrid, Alianza Editorial, 1980) se refiere a ellas como las C\u00e1rites, de las que dice:<\/p>\n<p style=\"text-align: justify;\">\u201cSeg\u00fan la versi\u00f3n m\u00e1s difundida, de Eur\u00ednome, hija de Oc\u00e9ano y Tetis, y de Zeus son hijas Las C\u00e1rites, hermosas j\u00f3venes a las que se acostumbraba a representar en n\u00famero de tres, desnudas y cogidas por el hombro. En una variante secundaria de la leyenda aparecen, pas\u00f3 embargo, como hijas de Leto. Antiguas diosas de la vegetaci\u00f3n \u2014frecuentemente confundidas con las Horas\u2014 al parecer pasan con el tiempo a ser asociadas a la belleza, el arte y actividades del esp\u00edritu en general. En Roma son invocadas bajo el nombre de Gracias.<\/p>\n<p style=\"text-align: justify;\">Ellas tejieron el velo de Harmon\u00eda, acompa\u00f1an a diosas, cantan o danzan en los banquetes de los dioses etc.<\/p>\n<p style=\"text-align: justify;\">Sus nombres suelen ser \u00c1glaye, Eufr\u00f3sine y Tal\u00eda, aunque en ocasiones se habla tambi\u00e9n de Pas\u00edtea; Homero, sin embargo, cita a C\u00e1rite, en singular, como hija de Hefesto\u201d.<\/p>\n<p style=\"text-align: justify;\">El complejo y legendario mundo de los mitos es, por definici\u00f3n, confuso y sujeto a m\u00e1s de una versi\u00f3n, pero lo que parece indiscutible es que su funci\u00f3n festiva y la belleza de estas tres diosas menores las ha convertido en un motivo art\u00edstico largamente repetido en la historia de la pintura y la escultura, como prueba la galer\u00eda que os propongo a continuaci\u00f3n (por orden alfab\u00e9tico del autor, cuando he conseguido encontrarlo).<\/p>\n<p data-adtags-visited=\"true\">\u00a0<\/p>\n<p>&nbsp;<\/p>\n<p>\u00a0<a href=\"https:\/\/albertogranados.files.wordpress.com\/2013\/11\/antoni-pixot-1997.jpg\"><img data-recalc-dims=\"1\" decoding=\"async\" class=\"aligncenter size-full wp-image-6131\" src=\"https:\/\/albertogranados.files.wordpress.com\/2013\/11\/antoni-pixot-1997.jpg?w=640\" sizes=\"(max-width: 305px) 100vw, 305px\" srcset=\"https:\/\/albertogranados.files.wordpress.com\/2013\/11\/antoni-pixot-1997.jpg 305w, https:\/\/albertogranados.files.wordpress.com\/2013\/11\/antoni-pixot-1997.jpg?w=114&amp;h=150 114w, https:\/\/albertogranados.files.wordpress.com\/2013\/11\/antoni-pixot-1997.jpg?w=229&amp;h=300 229w\" alt=\"Antoni Pixot, 1997\" data-attachment-id=\"6131\" data-permalink=\"https:\/\/albertogranados.wordpress.com\/2013\/11\/03\/las-tres-gracias\/antoni-pixot-1997\/\" data-orig-file=\"https:\/\/albertogranados.files.wordpress.com\/2013\/11\/antoni-pixot-1997.jpg\" data-orig-size=\"305,400\" data-comments-opened=\"1\" data-image-meta=\"{&quot;aperture&quot;:&quot;0&quot;,&quot;credit&quot;:&quot;&quot;,&quot;camera&quot;:&quot;&quot;,&quot;caption&quot;:&quot;&quot;,&quot;created_timestamp&quot;:&quot;0&quot;,&quot;copyright&quot;:&quot;&quot;,&quot;focal_length&quot;:&quot;0&quot;,&quot;iso&quot;:&quot;0&quot;,&quot;shutter_speed&quot;:&quot;0&quot;,&quot;title&quot;:&quot;&quot;}\" data-image-title=\"Antoni Pixot, 1997\" data-image-description=\"\" data-image-caption=\"\" data-medium-file=\"https:\/\/albertogranados.files.wordpress.com\/2013\/11\/antoni-pixot-1997.jpg?w=229\" data-large-file=\"https:\/\/albertogranados.files.wordpress.com\/2013\/11\/antoni-pixot-1997.jpg?w=305\" \/><\/a><\/p>\n<p>Antoni Pixot, 1997<\/p>\n<p data-adtags-visited=\"true\"><a href=\"https:\/\/albertogranados.files.wordpress.com\/2013\/11\/antonio-canova.jpg\"><img data-recalc-dims=\"1\" decoding=\"async\" class=\"aligncenter size-full wp-image-6132\" src=\"https:\/\/albertogranados.files.wordpress.com\/2013\/11\/antonio-canova.jpg?w=640\" sizes=\"(max-width: 408px) 100vw, 408px\" srcset=\"https:\/\/albertogranados.files.wordpress.com\/2013\/11\/antonio-canova.jpg 408w, https:\/\/albertogranados.files.wordpress.com\/2013\/11\/antonio-canova.jpg?w=113&amp;h=150 113w, https:\/\/albertogranados.files.wordpress.com\/2013\/11\/antonio-canova.jpg?w=225&amp;h=300 225w\" alt=\"Antonio Canova\" data-attachment-id=\"6132\" data-permalink=\"https:\/\/albertogranados.wordpress.com\/2013\/11\/03\/las-tres-gracias\/antonio-canova\/\" data-orig-file=\"https:\/\/albertogranados.files.wordpress.com\/2013\/11\/antonio-canova.jpg\" data-orig-size=\"408,544\" data-comments-opened=\"1\" data-image-meta=\"{&quot;aperture&quot;:&quot;0&quot;,&quot;credit&quot;:&quot;&quot;,&quot;camera&quot;:&quot;&quot;,&quot;caption&quot;:&quot;&quot;,&quot;created_timestamp&quot;:&quot;0&quot;,&quot;copyright&quot;:&quot;&quot;,&quot;focal_length&quot;:&quot;0&quot;,&quot;iso&quot;:&quot;0&quot;,&quot;shutter_speed&quot;:&quot;0&quot;,&quot;title&quot;:&quot;&quot;}\" data-image-title=\"Antonio Canova\" data-image-description=\"\" data-image-caption=\"\" data-medium-file=\"https:\/\/albertogranados.files.wordpress.com\/2013\/11\/antonio-canova.jpg?w=225\" data-large-file=\"https:\/\/albertogranados.files.wordpress.com\/2013\/11\/antonio-canova.jpg?w=408\" \/><\/a><\/p>\n<h3>Antonio Canova<\/h3>\n<p data-adtags-visited=\"true\">\u00a0<\/p>\n<p data-adtags-visited=\"true\"><a href=\"https:\/\/albertogranados.files.wordpress.com\/2013\/11\/antonio-paoletti.jpg\"><img data-recalc-dims=\"1\" loading=\"lazy\" decoding=\"async\" class=\"aligncenter size-full wp-image-6133\" src=\"https:\/\/albertogranados.files.wordpress.com\/2013\/11\/antonio-paoletti.jpg?w=560&#038;h=338&#038;fit=560%2C338&#038;resize=560%2C338\" sizes=\"auto, (max-width: 560px) 100vw, 560px\" srcset=\"https:\/\/albertogranados.files.wordpress.com\/2013\/11\/antonio-paoletti.jpg?w=560&amp;h=338 560w, https:\/\/albertogranados.files.wordpress.com\/2013\/11\/antonio-paoletti.jpg?w=150&amp;h=91 150w, https:\/\/albertogranados.files.wordpress.com\/2013\/11\/antonio-paoletti.jpg?w=300&amp;h=181 300w, https:\/\/albertogranados.files.wordpress.com\/2013\/11\/antonio-paoletti.jpg?w=768&amp;h=464 768w, https:\/\/albertogranados.files.wordpress.com\/2013\/11\/antonio-paoletti.jpg 820w\" alt=\"Antonio Paoletti\" width=\"560\" height=\"338\" data-attachment-id=\"6133\" data-permalink=\"https:\/\/albertogranados.wordpress.com\/2013\/11\/03\/las-tres-gracias\/antonio-paoletti\/\" data-orig-file=\"https:\/\/albertogranados.files.wordpress.com\/2013\/11\/antonio-paoletti.jpg\" data-orig-size=\"820,495\" data-comments-opened=\"1\" data-image-meta=\"{&quot;aperture&quot;:&quot;0&quot;,&quot;credit&quot;:&quot;&quot;,&quot;camera&quot;:&quot;&quot;,&quot;caption&quot;:&quot;&quot;,&quot;created_timestamp&quot;:&quot;0&quot;,&quot;copyright&quot;:&quot;&quot;,&quot;focal_length&quot;:&quot;0&quot;,&quot;iso&quot;:&quot;0&quot;,&quot;shutter_speed&quot;:&quot;0&quot;,&quot;title&quot;:&quot;&quot;}\" data-image-title=\"Antonio Paoletti\" data-image-description=\"\" data-image-caption=\"\" data-medium-file=\"https:\/\/albertogranados.files.wordpress.com\/2013\/11\/antonio-paoletti.jpg?w=300\" data-large-file=\"https:\/\/albertogranados.files.wordpress.com\/2013\/11\/antonio-paoletti.jpg?w=560\" \/><\/a><\/p>\n<h3>Antonio Paoletti<\/h3>\n<p data-adtags-visited=\"true\"><a href=\"https:\/\/albertogranados.files.wordpress.com\/2013\/11\/carle-van-loo-1763.jpg\"><img data-recalc-dims=\"1\" decoding=\"async\" class=\"aligncenter size-full wp-image-6134\" src=\"https:\/\/albertogranados.files.wordpress.com\/2013\/11\/carle-van-loo-1763.jpg?w=640\" sizes=\"(max-width: 413px) 100vw, 413px\" srcset=\"https:\/\/albertogranados.files.wordpress.com\/2013\/11\/carle-van-loo-1763.jpg 413w, https:\/\/albertogranados.files.wordpress.com\/2013\/11\/carle-van-loo-1763.jpg?w=118&amp;h=150 118w, https:\/\/albertogranados.files.wordpress.com\/2013\/11\/carle-van-loo-1763.jpg?w=236&amp;h=300 236w\" alt=\"????????????\" data-attachment-id=\"6134\" data-permalink=\"https:\/\/albertogranados.wordpress.com\/2013\/11\/03\/las-tres-gracias\/attachment\/6134\/\" data-orig-file=\"https:\/\/albertogranados.files.wordpress.com\/2013\/11\/carle-van-loo-1763.jpg\" data-orig-size=\"413,525\" data-comments-opened=\"1\" data-image-meta=\"{&quot;aperture&quot;:&quot;0&quot;,&quot;credit&quot;:&quot;&quot;,&quot;camera&quot;:&quot;&quot;,&quot;caption&quot;:&quot;4x5 original&quot;,&quot;created_timestamp&quot;:&quot;0&quot;,&quot;copyright&quot;:&quot;Restricted&quot;,&quot;focal_length&quot;:&quot;0&quot;,&quot;iso&quot;:&quot;0&quot;,&quot;shutter_speed&quot;:&quot;0&quot;,&quot;title&quot;:&quot;????????????&quot;}\" data-image-title=\"????????????\" data-image-description=\"&lt;p&gt;4\u00d75 original&lt;\/p&gt;\n\" data-image-caption=\"\" data-medium-file=\"https:\/\/albertogranados.files.wordpress.com\/2013\/11\/carle-van-loo-1763.jpg?w=236\" data-large-file=\"https:\/\/albertogranados.files.wordpress.com\/2013\/11\/carle-van-loo-1763.jpg?w=413\" \/><\/a><\/p>\n<h3>Carle Van Loo, 1763<\/h3>\n<p data-adtags-visited=\"true\"><strong><a href=\"https:\/\/albertogranados.files.wordpress.com\/2013\/11\/carlos-andino.jpg\"><img data-recalc-dims=\"1\" decoding=\"async\" class=\"aligncenter size-full wp-image-6135\" src=\"https:\/\/albertogranados.files.wordpress.com\/2013\/11\/carlos-andino.jpg?w=640\" sizes=\"(max-width: 344px) 100vw, 344px\" srcset=\"https:\/\/albertogranados.files.wordpress.com\/2013\/11\/carlos-andino.jpg 344w, https:\/\/albertogranados.files.wordpress.com\/2013\/11\/carlos-andino.jpg?w=108&amp;h=150 108w, https:\/\/albertogranados.files.wordpress.com\/2013\/11\/carlos-andino.jpg?w=215&amp;h=300 215w\" alt=\"Carlos Andino\" data-attachment-id=\"6135\" data-permalink=\"https:\/\/albertogranados.wordpress.com\/2013\/11\/03\/las-tres-gracias\/carlos-andino\/\" data-orig-file=\"https:\/\/albertogranados.files.wordpress.com\/2013\/11\/carlos-andino.jpg\" data-orig-size=\"344,480\" data-comments-opened=\"1\" data-image-meta=\"{&quot;aperture&quot;:&quot;0&quot;,&quot;credit&quot;:&quot;&quot;,&quot;camera&quot;:&quot;&quot;,&quot;caption&quot;:&quot;&quot;,&quot;created_timestamp&quot;:&quot;0&quot;,&quot;copyright&quot;:&quot;&quot;,&quot;focal_length&quot;:&quot;0&quot;,&quot;iso&quot;:&quot;0&quot;,&quot;shutter_speed&quot;:&quot;0&quot;,&quot;title&quot;:&quot;&quot;}\" data-image-title=\"Carlos Andino\" data-image-description=\"\" data-image-caption=\"\" data-medium-file=\"https:\/\/albertogranados.files.wordpress.com\/2013\/11\/carlos-andino.jpg?w=215\" data-large-file=\"https:\/\/albertogranados.files.wordpress.com\/2013\/11\/carlos-andino.jpg?w=344\" \/><\/a>Carlos Andino<\/strong><\/p>\n<p data-adtags-visited=\"true\"><a href=\"https:\/\/albertogranados.files.wordpress.com\/2013\/11\/carlos-ruiz-herrera.jpg\"><img data-recalc-dims=\"1\" decoding=\"async\" class=\"aligncenter size-full wp-image-6136\" src=\"https:\/\/albertogranados.files.wordpress.com\/2013\/11\/carlos-ruiz-herrera.jpg?w=640\" sizes=\"(max-width: 451px) 100vw, 451px\" srcset=\"https:\/\/albertogranados.files.wordpress.com\/2013\/11\/carlos-ruiz-herrera.jpg 451w, https:\/\/albertogranados.files.wordpress.com\/2013\/11\/carlos-ruiz-herrera.jpg?w=128&amp;h=150 128w, https:\/\/albertogranados.files.wordpress.com\/2013\/11\/carlos-ruiz-herrera.jpg?w=255&amp;h=300 255w\" alt=\"Carlos Ruiz Herrera\" data-attachment-id=\"6136\" data-permalink=\"https:\/\/albertogranados.wordpress.com\/2013\/11\/03\/las-tres-gracias\/carlos-ruiz-herrera\/\" data-orig-file=\"https:\/\/albertogranados.files.wordpress.com\/2013\/11\/carlos-ruiz-herrera.jpg\" data-orig-size=\"451,530\" data-comments-opened=\"1\" data-image-meta=\"{&quot;aperture&quot;:&quot;0&quot;,&quot;credit&quot;:&quot;&quot;,&quot;camera&quot;:&quot;&quot;,&quot;caption&quot;:&quot;&quot;,&quot;created_timestamp&quot;:&quot;0&quot;,&quot;copyright&quot;:&quot;&quot;,&quot;focal_length&quot;:&quot;0&quot;,&quot;iso&quot;:&quot;0&quot;,&quot;shutter_speed&quot;:&quot;0&quot;,&quot;title&quot;:&quot;&quot;}\" data-image-title=\"Carlos Ruiz Herrera\" data-image-description=\"\" data-image-caption=\"\" data-medium-file=\"https:\/\/albertogranados.files.wordpress.com\/2013\/11\/carlos-ruiz-herrera.jpg?w=255\" data-large-file=\"https:\/\/albertogranados.files.wordpress.com\/2013\/11\/carlos-ruiz-herrera.jpg?w=451\" \/><\/a><\/p>\n<h3>Carlos Ruiz Herrera<\/h3>\n<p data-adtags-visited=\"true\"><a href=\"https:\/\/albertogranados.files.wordpress.com\/2013\/11\/cc3a9sar-santos-2009.jpg\"><img data-recalc-dims=\"1\" decoding=\"async\" class=\"aligncenter size-full wp-image-6137\" src=\"https:\/\/albertogranados.files.wordpress.com\/2013\/11\/cc3a9sar-santos-2009.jpg?w=640\" sizes=\"(max-width: 473px) 100vw, 473px\" srcset=\"https:\/\/albertogranados.files.wordpress.com\/2013\/11\/cc3a9sar-santos-2009.jpg 473w, https:\/\/albertogranados.files.wordpress.com\/2013\/11\/cc3a9sar-santos-2009.jpg?w=123&amp;h=150 123w, https:\/\/albertogranados.files.wordpress.com\/2013\/11\/cc3a9sar-santos-2009.jpg?w=246&amp;h=300 246w\" alt=\"C\u00e9sar Santos, 2009\" data-attachment-id=\"6137\" data-permalink=\"https:\/\/albertogranados.wordpress.com\/2013\/11\/03\/las-tres-gracias\/cesar-santos-2009\/\" data-orig-file=\"https:\/\/albertogranados.files.wordpress.com\/2013\/11\/cc3a9sar-santos-2009.jpg\" data-orig-size=\"473,576\" data-comments-opened=\"1\" data-image-meta=\"{&quot;aperture&quot;:&quot;0&quot;,&quot;credit&quot;:&quot;&quot;,&quot;camera&quot;:&quot;&quot;,&quot;caption&quot;:&quot;&quot;,&quot;created_timestamp&quot;:&quot;0&quot;,&quot;copyright&quot;:&quot;&quot;,&quot;focal_length&quot;:&quot;0&quot;,&quot;iso&quot;:&quot;0&quot;,&quot;shutter_speed&quot;:&quot;0&quot;,&quot;title&quot;:&quot;&quot;}\" data-image-title=\"C\u00e9sar Santos, 2009\" data-image-description=\"\" data-image-caption=\"\" data-medium-file=\"https:\/\/albertogranados.files.wordpress.com\/2013\/11\/cc3a9sar-santos-2009.jpg?w=246\" data-large-file=\"https:\/\/albertogranados.files.wordpress.com\/2013\/11\/cc3a9sar-santos-2009.jpg?w=473\" \/><\/a><\/p>\n<h3>C\u00e9sar Santos, 2009<\/h3>\n<p data-adtags-visited=\"true\"><a href=\"https:\/\/albertogranados.files.wordpress.com\/2013\/11\/claudia-coca-2004.jpg\"><img data-recalc-dims=\"1\" decoding=\"async\" class=\"aligncenter size-full wp-image-6138\" src=\"https:\/\/albertogranados.files.wordpress.com\/2013\/11\/claudia-coca-2004.jpg?w=640\" sizes=\"(max-width: 416px) 100vw, 416px\" srcset=\"https:\/\/albertogranados.files.wordpress.com\/2013\/11\/claudia-coca-2004.jpg 416w, https:\/\/albertogranados.files.wordpress.com\/2013\/11\/claudia-coca-2004.jpg?w=114&amp;h=150 114w, https:\/\/albertogranados.files.wordpress.com\/2013\/11\/claudia-coca-2004.jpg?w=229&amp;h=300 229w\" alt=\"Claudia Coca, 2004\" data-attachment-id=\"6138\" data-permalink=\"https:\/\/albertogranados.wordpress.com\/2013\/11\/03\/las-tres-gracias\/claudia-coca-2004\/\" data-orig-file=\"https:\/\/albertogranados.files.wordpress.com\/2013\/11\/claudia-coca-2004.jpg\" data-orig-size=\"416,546\" data-comments-opened=\"1\" data-image-meta=\"{&quot;aperture&quot;:&quot;0&quot;,&quot;credit&quot;:&quot;&quot;,&quot;camera&quot;:&quot;&quot;,&quot;caption&quot;:&quot;&quot;,&quot;created_timestamp&quot;:&quot;0&quot;,&quot;copyright&quot;:&quot;&quot;,&quot;focal_length&quot;:&quot;0&quot;,&quot;iso&quot;:&quot;0&quot;,&quot;shutter_speed&quot;:&quot;0&quot;,&quot;title&quot;:&quot;&quot;}\" data-image-title=\"Claudia Coca, 2004\" data-image-description=\"\" data-image-caption=\"\" data-medium-file=\"https:\/\/albertogranados.files.wordpress.com\/2013\/11\/claudia-coca-2004.jpg?w=229\" data-large-file=\"https:\/\/albertogranados.files.wordpress.com\/2013\/11\/claudia-coca-2004.jpg?w=416\" \/><\/a><\/p>\n<h3>Claudia Coca, 2004<\/h3>\n<h3><a href=\"https:\/\/albertogranados.files.wordpress.com\/2013\/11\/cristina-vergano-e2809cdemoiselles-2009e2809d.jpg\"><img data-recalc-dims=\"1\" decoding=\"async\" class=\"aligncenter size-full wp-image-6139\" src=\"https:\/\/albertogranados.files.wordpress.com\/2013\/11\/cristina-vergano-e2809cdemoiselles-2009e2809d.jpg?w=640\" sizes=\"(max-width: 461px) 100vw, 461px\" srcset=\"https:\/\/albertogranados.files.wordpress.com\/2013\/11\/cristina-vergano-e2809cdemoiselles-2009e2809d.jpg 461w, https:\/\/albertogranados.files.wordpress.com\/2013\/11\/cristina-vergano-e2809cdemoiselles-2009e2809d.jpg?w=126&amp;h=150 126w, https:\/\/albertogranados.files.wordpress.com\/2013\/11\/cristina-vergano-e2809cdemoiselles-2009e2809d.jpg?w=251&amp;h=300 251w\" alt=\"Cristina Vergano \u201cDemoiselles, 2009\u201d\" data-attachment-id=\"6139\" data-permalink=\"https:\/\/albertogranados.wordpress.com\/2013\/11\/03\/las-tres-gracias\/cristina-vergano-demoiselles-2009\/\" data-orig-file=\"https:\/\/albertogranados.files.wordpress.com\/2013\/11\/cristina-vergano-e2809cdemoiselles-2009e2809d.jpg\" data-orig-size=\"461,550\" data-comments-opened=\"1\" data-image-meta=\"{&quot;aperture&quot;:&quot;6.3&quot;,&quot;credit&quot;:&quot;&quot;,&quot;camera&quot;:&quot;Canon PowerShot G7&quot;,&quot;caption&quot;:&quot;&quot;,&quot;created_timestamp&quot;:&quot;1248871450&quot;,&quot;copyright&quot;:&quot;&quot;,&quot;focal_length&quot;:&quot;12.733&quot;,&quot;iso&quot;:&quot;0&quot;,&quot;shutter_speed&quot;:&quot;0.1&quot;,&quot;title&quot;:&quot;&quot;}\" data-image-title=\"Cristina Vergano \u201cDemoiselles, 2009\u201d\" data-image-description=\"\" data-image-caption=\"\" data-medium-file=\"https:\/\/albertogranados.files.wordpress.com\/2013\/11\/cristina-vergano-e2809cdemoiselles-2009e2809d.jpg?w=251\" data-large-file=\"https:\/\/albertogranados.files.wordpress.com\/2013\/11\/cristina-vergano-e2809cdemoiselles-2009e2809d.jpg?w=461\" \/><\/a><\/h3>\n<h3>Cristina Vergano \u201cDemoiselles, 2009\u201d<\/h3>\n<p data-adtags-visited=\"true\">\u00a0<\/p>\n<p data-adtags-visited=\"true\"><a href=\"https:\/\/albertogranados.files.wordpress.com\/2013\/11\/darc3ado-ortiz-robledo.jpg\"><img data-recalc-dims=\"1\" decoding=\"async\" class=\"aligncenter size-full wp-image-6140\" src=\"https:\/\/albertogranados.files.wordpress.com\/2013\/11\/darc3ado-ortiz-robledo.jpg?w=640\" sizes=\"(max-width: 472px) 100vw, 472px\" srcset=\"https:\/\/albertogranados.files.wordpress.com\/2013\/11\/darc3ado-ortiz-robledo.jpg 472w, https:\/\/albertogranados.files.wordpress.com\/2013\/11\/darc3ado-ortiz-robledo.jpg?w=124&amp;h=150 124w, https:\/\/albertogranados.files.wordpress.com\/2013\/11\/darc3ado-ortiz-robledo.jpg?w=248&amp;h=300 248w\" alt=\"Dar\u00edo Ortiz Robledo\" data-attachment-id=\"6140\" data-permalink=\"https:\/\/albertogranados.wordpress.com\/2013\/11\/03\/las-tres-gracias\/dario-ortiz-robledo\/\" data-orig-file=\"https:\/\/albertogranados.files.wordpress.com\/2013\/11\/darc3ado-ortiz-robledo.jpg\" data-orig-size=\"472,570\" data-comments-opened=\"1\" data-image-meta=\"{&quot;aperture&quot;:&quot;0&quot;,&quot;credit&quot;:&quot;&quot;,&quot;camera&quot;:&quot;&quot;,&quot;caption&quot;:&quot;&quot;,&quot;created_timestamp&quot;:&quot;0&quot;,&quot;copyright&quot;:&quot;&quot;,&quot;focal_length&quot;:&quot;0&quot;,&quot;iso&quot;:&quot;0&quot;,&quot;shutter_speed&quot;:&quot;0&quot;,&quot;title&quot;:&quot;&quot;}\" data-image-title=\"Dar\u00edo Ortiz Robledo\" data-image-description=\"\" data-image-caption=\"\" data-medium-file=\"https:\/\/albertogranados.files.wordpress.com\/2013\/11\/darc3ado-ortiz-robledo.jpg?w=248\" data-large-file=\"https:\/\/albertogranados.files.wordpress.com\/2013\/11\/darc3ado-ortiz-robledo.jpg?w=472\" \/><\/a><\/p>\n<h3>Dar\u00edo Ortiz Robledo<\/h3>\n<p data-adtags-visited=\"true\"><a href=\"https:\/\/albertogranados.files.wordpress.com\/2013\/11\/edward-burne-jones-1890.jpg\"><img data-recalc-dims=\"1\" decoding=\"async\" class=\"aligncenter size-full wp-image-6141\" src=\"https:\/\/albertogranados.files.wordpress.com\/2013\/11\/edward-burne-jones-1890.jpg?w=640\" sizes=\"(max-width: 222px) 100vw, 222px\" srcset=\"https:\/\/albertogranados.files.wordpress.com\/2013\/11\/edward-burne-jones-1890.jpg 222w, https:\/\/albertogranados.files.wordpress.com\/2013\/11\/edward-burne-jones-1890.jpg?w=83&amp;h=150 83w\" alt=\"Edward Burne Jones, 1890\" data-attachment-id=\"6141\" data-permalink=\"https:\/\/albertogranados.wordpress.com\/2013\/11\/03\/las-tres-gracias\/edward-burne-jones-1890\/\" data-orig-file=\"https:\/\/albertogranados.files.wordpress.com\/2013\/11\/edward-burne-jones-1890.jpg\" data-orig-size=\"222,400\" data-comments-opened=\"1\" data-image-meta=\"{&quot;aperture&quot;:&quot;0&quot;,&quot;credit&quot;:&quot;&quot;,&quot;camera&quot;:&quot;&quot;,&quot;caption&quot;:&quot;&quot;,&quot;created_timestamp&quot;:&quot;0&quot;,&quot;copyright&quot;:&quot;&quot;,&quot;focal_length&quot;:&quot;0&quot;,&quot;iso&quot;:&quot;0&quot;,&quot;shutter_speed&quot;:&quot;0&quot;,&quot;title&quot;:&quot;&quot;}\" data-image-title=\"Edward Burne Jones, 1890\" data-image-description=\"\" data-image-caption=\"\" data-medium-file=\"https:\/\/albertogranados.files.wordpress.com\/2013\/11\/edward-burne-jones-1890.jpg?w=167\" data-large-file=\"https:\/\/albertogranados.files.wordpress.com\/2013\/11\/edward-burne-jones-1890.jpg?w=222\" \/><\/a><\/p>\n<h3>Edward Burne-Jones, 1890<\/h3>\n<p data-adtags-visited=\"true\"><a href=\"https:\/\/albertogranados.files.wordpress.com\/2013\/11\/eleazar.jpg\"><img data-recalc-dims=\"1\" decoding=\"async\" class=\"aligncenter size-full wp-image-6142\" src=\"https:\/\/albertogranados.files.wordpress.com\/2013\/11\/eleazar.jpg?w=640\" sizes=\"(max-width: 400px) 100vw, 400px\" srcset=\"https:\/\/albertogranados.files.wordpress.com\/2013\/11\/eleazar.jpg 400w, https:\/\/albertogranados.files.wordpress.com\/2013\/11\/eleazar.jpg?w=150&amp;h=150 150w, https:\/\/albertogranados.files.wordpress.com\/2013\/11\/eleazar.jpg?w=300&amp;h=300 300w\" alt=\"Eleazar\" data-attachment-id=\"6142\" data-permalink=\"https:\/\/albertogranados.wordpress.com\/2013\/11\/03\/las-tres-gracias\/eleazar\/\" data-orig-file=\"https:\/\/albertogranados.files.wordpress.com\/2013\/11\/eleazar.jpg\" data-orig-size=\"400,399\" data-comments-opened=\"1\" data-image-meta=\"{&quot;aperture&quot;:&quot;0&quot;,&quot;credit&quot;:&quot;&quot;,&quot;camera&quot;:&quot;&quot;,&quot;caption&quot;:&quot;&quot;,&quot;created_timestamp&quot;:&quot;0&quot;,&quot;copyright&quot;:&quot;&quot;,&quot;focal_length&quot;:&quot;0&quot;,&quot;iso&quot;:&quot;0&quot;,&quot;shutter_speed&quot;:&quot;0&quot;,&quot;title&quot;:&quot;&quot;}\" data-image-title=\"Eleazar\" data-image-description=\"\" data-image-caption=\"\" data-medium-file=\"https:\/\/albertogranados.files.wordpress.com\/2013\/11\/eleazar.jpg?w=300\" data-large-file=\"https:\/\/albertogranados.files.wordpress.com\/2013\/11\/eleazar.jpg?w=400\" \/><\/a><\/p>\n<h3>Eleazar<\/h3>\n<p data-adtags-visited=\"true\"><a href=\"https:\/\/albertogranados.files.wordpress.com\/2013\/11\/emile-vernon.jpg\"><img data-recalc-dims=\"1\" decoding=\"async\" class=\"aligncenter size-full wp-image-6143\" src=\"https:\/\/albertogranados.files.wordpress.com\/2013\/11\/emile-vernon.jpg?w=640\" sizes=\"(max-width: 383px) 100vw, 383px\" srcset=\"https:\/\/albertogranados.files.wordpress.com\/2013\/11\/emile-vernon.jpg 383w, https:\/\/albertogranados.files.wordpress.com\/2013\/11\/emile-vernon.jpg?w=99&amp;h=150 99w, https:\/\/albertogranados.files.wordpress.com\/2013\/11\/emile-vernon.jpg?w=198&amp;h=300 198w\" alt=\"Emile Vernon\" data-attachment-id=\"6143\" data-permalink=\"https:\/\/albertogranados.wordpress.com\/2013\/11\/03\/las-tres-gracias\/emile-vernon\/\" data-orig-file=\"https:\/\/albertogranados.files.wordpress.com\/2013\/11\/emile-vernon.jpg\" data-orig-size=\"383,580\" data-comments-opened=\"1\" data-image-meta=\"{&quot;aperture&quot;:&quot;0&quot;,&quot;credit&quot;:&quot;&quot;,&quot;camera&quot;:&quot;&quot;,&quot;caption&quot;:&quot;&quot;,&quot;created_timestamp&quot;:&quot;1131485038&quot;,&quot;copyright&quot;:&quot;&quot;,&quot;focal_length&quot;:&quot;0&quot;,&quot;iso&quot;:&quot;0&quot;,&quot;shutter_speed&quot;:&quot;0&quot;,&quot;title&quot;:&quot;&quot;}\" data-image-title=\"Emile Vernon\" data-image-description=\"\" data-image-caption=\"\" data-medium-file=\"https:\/\/albertogranados.files.wordpress.com\/2013\/11\/emile-vernon.jpg?w=198\" data-large-file=\"https:\/\/albertogranados.files.wordpress.com\/2013\/11\/emile-vernon.jpg?w=383\" \/><\/a><\/p>\n<h3>Emile Vernon<\/h3>\n<h3><a href=\"https:\/\/albertogranados.files.wordpress.com\/2013\/11\/frederick-paul-thumann.jpg\"><img data-recalc-dims=\"1\" decoding=\"async\" class=\"aligncenter size-full wp-image-6144\" src=\"https:\/\/albertogranados.files.wordpress.com\/2013\/11\/frederick-paul-thumann.jpg?w=640\" sizes=\"(max-width: 424px) 100vw, 424px\" srcset=\"https:\/\/albertogranados.files.wordpress.com\/2013\/11\/frederick-paul-thumann.jpg 424w, https:\/\/albertogranados.files.wordpress.com\/2013\/11\/frederick-paul-thumann.jpg?w=110&amp;h=150 110w, https:\/\/albertogranados.files.wordpress.com\/2013\/11\/frederick-paul-thumann.jpg?w=221&amp;h=300 221w\" alt=\"Frederick Paul Thumann\" data-attachment-id=\"6144\" data-permalink=\"https:\/\/albertogranados.wordpress.com\/2013\/11\/03\/las-tres-gracias\/frederick-paul-thumann\/\" data-orig-file=\"https:\/\/albertogranados.files.wordpress.com\/2013\/11\/frederick-paul-thumann.jpg\" data-orig-size=\"424,576\" data-comments-opened=\"1\" data-image-meta=\"{&quot;aperture&quot;:&quot;0&quot;,&quot;credit&quot;:&quot;&quot;,&quot;camera&quot;:&quot;&quot;,&quot;caption&quot;:&quot;&quot;,&quot;created_timestamp&quot;:&quot;0&quot;,&quot;copyright&quot;:&quot;&quot;,&quot;focal_length&quot;:&quot;0&quot;,&quot;iso&quot;:&quot;0&quot;,&quot;shutter_speed&quot;:&quot;0&quot;,&quot;title&quot;:&quot;&quot;}\" data-image-title=\"Frederick Paul Thumann\" data-image-description=\"\" data-image-caption=\"\" data-medium-file=\"https:\/\/albertogranados.files.wordpress.com\/2013\/11\/frederick-paul-thumann.jpg?w=221\" data-large-file=\"https:\/\/albertogranados.files.wordpress.com\/2013\/11\/frederick-paul-thumann.jpg?w=424\" \/><\/a><\/h3>\n<h3>Frederick Paul Thumann<\/h3>\n<p data-adtags-visited=\"true\"><a href=\"https:\/\/albertogranados.files.wordpress.com\/2013\/11\/fresco-en-pompeya.jpg\"><img data-recalc-dims=\"1\" decoding=\"async\" class=\"aligncenter size-full wp-image-6145\" src=\"https:\/\/albertogranados.files.wordpress.com\/2013\/11\/fresco-en-pompeya.jpg?w=640\" sizes=\"(max-width: 544px) 100vw, 544px\" srcset=\"https:\/\/albertogranados.files.wordpress.com\/2013\/11\/fresco-en-pompeya.jpg 544w, https:\/\/albertogranados.files.wordpress.com\/2013\/11\/fresco-en-pompeya.jpg?w=150&amp;h=143 150w, https:\/\/albertogranados.files.wordpress.com\/2013\/11\/fresco-en-pompeya.jpg?w=300&amp;h=285 300w\" alt=\"Fresco en Pompeya\" data-attachment-id=\"6145\" data-permalink=\"https:\/\/albertogranados.wordpress.com\/2013\/11\/03\/las-tres-gracias\/fresco-en-pompeya\/\" data-orig-file=\"https:\/\/albertogranados.files.wordpress.com\/2013\/11\/fresco-en-pompeya.jpg\" data-orig-size=\"544,517\" data-comments-opened=\"1\" data-image-meta=\"{&quot;aperture&quot;:&quot;0&quot;,&quot;credit&quot;:&quot;&quot;,&quot;camera&quot;:&quot;&quot;,&quot;caption&quot;:&quot;&quot;,&quot;created_timestamp&quot;:&quot;0&quot;,&quot;copyright&quot;:&quot;&quot;,&quot;focal_length&quot;:&quot;0&quot;,&quot;iso&quot;:&quot;0&quot;,&quot;shutter_speed&quot;:&quot;0&quot;,&quot;title&quot;:&quot;&quot;}\" data-image-title=\"Fresco en Pompeya\" data-image-description=\"\" data-image-caption=\"\" data-medium-file=\"https:\/\/albertogranados.files.wordpress.com\/2013\/11\/fresco-en-pompeya.jpg?w=300\" data-large-file=\"https:\/\/albertogranados.files.wordpress.com\/2013\/11\/fresco-en-pompeya.jpg?w=544\" \/><\/a><\/p>\n<h3>Fresco encontrado en un dormitorio en Pompeya<\/h3>\n<p data-adtags-visited=\"true\"><a href=\"https:\/\/albertogranados.files.wordpress.com\/2013\/11\/george-frederic-watts.jpg\"><img data-recalc-dims=\"1\" decoding=\"async\" class=\"aligncenter size-full wp-image-6146\" src=\"https:\/\/albertogranados.files.wordpress.com\/2013\/11\/george-frederic-watts.jpg?w=640\" sizes=\"(max-width: 440px) 100vw, 440px\" srcset=\"https:\/\/albertogranados.files.wordpress.com\/2013\/11\/george-frederic-watts.jpg 440w, https:\/\/albertogranados.files.wordpress.com\/2013\/11\/george-frederic-watts.jpg?w=116&amp;h=150 116w, https:\/\/albertogranados.files.wordpress.com\/2013\/11\/george-frederic-watts.jpg?w=232&amp;h=300 232w\" alt=\"George Frederic Watts\" data-attachment-id=\"6146\" data-permalink=\"https:\/\/albertogranados.wordpress.com\/2013\/11\/03\/las-tres-gracias\/george-frederic-watts\/\" data-orig-file=\"https:\/\/albertogranados.files.wordpress.com\/2013\/11\/george-frederic-watts.jpg\" data-orig-size=\"440,568\" data-comments-opened=\"1\" data-image-meta=\"{&quot;aperture&quot;:&quot;0&quot;,&quot;credit&quot;:&quot;&quot;,&quot;camera&quot;:&quot;&quot;,&quot;caption&quot;:&quot;&quot;,&quot;created_timestamp&quot;:&quot;0&quot;,&quot;copyright&quot;:&quot;&quot;,&quot;focal_length&quot;:&quot;0&quot;,&quot;iso&quot;:&quot;0&quot;,&quot;shutter_speed&quot;:&quot;0&quot;,&quot;title&quot;:&quot;&quot;}\" data-image-title=\"George Frederic Watts\" data-image-description=\"\" data-image-caption=\"\" data-medium-file=\"https:\/\/albertogranados.files.wordpress.com\/2013\/11\/george-frederic-watts.jpg?w=232\" data-large-file=\"https:\/\/albertogranados.files.wordpress.com\/2013\/11\/george-frederic-watts.jpg?w=440\" \/><\/a><\/p>\n<h3>George Frederic Watts<\/h3>\n<p data-adtags-visited=\"true\"><a href=\"https:\/\/albertogranados.files.wordpress.com\/2013\/11\/grabado-de-gustavo-dorc3a9.jpg\"><img data-recalc-dims=\"1\" decoding=\"async\" class=\"aligncenter size-full wp-image-6147\" src=\"https:\/\/albertogranados.files.wordpress.com\/2013\/11\/grabado-de-gustavo-dorc3a9.jpg?w=640\" sizes=\"(max-width: 483px) 100vw, 483px\" srcset=\"https:\/\/albertogranados.files.wordpress.com\/2013\/11\/grabado-de-gustavo-dorc3a9.jpg 483w, https:\/\/albertogranados.files.wordpress.com\/2013\/11\/grabado-de-gustavo-dorc3a9.jpg?w=132&amp;h=150 132w, https:\/\/albertogranados.files.wordpress.com\/2013\/11\/grabado-de-gustavo-dorc3a9.jpg?w=264&amp;h=300 264w\" alt=\"Grabado de Gustavo Dor\u00e9\" data-attachment-id=\"6147\" data-permalink=\"https:\/\/albertogranados.wordpress.com\/2013\/11\/03\/las-tres-gracias\/grabado-de-gustavo-dore\/\" data-orig-file=\"https:\/\/albertogranados.files.wordpress.com\/2013\/11\/grabado-de-gustavo-dorc3a9.jpg\" data-orig-size=\"483,549\" data-comments-opened=\"1\" data-image-meta=\"{&quot;aperture&quot;:&quot;0&quot;,&quot;credit&quot;:&quot;&quot;,&quot;camera&quot;:&quot;&quot;,&quot;caption&quot;:&quot;&quot;,&quot;created_timestamp&quot;:&quot;0&quot;,&quot;copyright&quot;:&quot;&quot;,&quot;focal_length&quot;:&quot;0&quot;,&quot;iso&quot;:&quot;0&quot;,&quot;shutter_speed&quot;:&quot;0&quot;,&quot;title&quot;:&quot;&quot;}\" data-image-title=\"Grabado de Gustavo Dor\u00e9\" data-image-description=\"\" data-image-caption=\"\" data-medium-file=\"https:\/\/albertogranados.files.wordpress.com\/2013\/11\/grabado-de-gustavo-dorc3a9.jpg?w=264\" data-large-file=\"https:\/\/albertogranados.files.wordpress.com\/2013\/11\/grabado-de-gustavo-dorc3a9.jpg?w=483\" \/><\/a><\/p>\n<h3>Grabado de Gustavo Dor\u00e9<a href=\"https:\/\/albertogranados.files.wordpress.com\/2013\/11\/hans-baldung-1547.jpg\"><img data-recalc-dims=\"1\" decoding=\"async\" class=\"aligncenter size-full wp-image-6148\" src=\"https:\/\/albertogranados.files.wordpress.com\/2013\/11\/hans-baldung-1547.jpg?w=640\" sizes=\"(max-width: 226px) 100vw, 226px\" srcset=\"https:\/\/albertogranados.files.wordpress.com\/2013\/11\/hans-baldung-1547.jpg 226w, https:\/\/albertogranados.files.wordpress.com\/2013\/11\/hans-baldung-1547.jpg?w=57&amp;h=150 57w\" alt=\"Hans Baldung  1547\" data-attachment-id=\"6148\" data-permalink=\"https:\/\/albertogranados.wordpress.com\/2013\/11\/03\/las-tres-gracias\/hans-baldung-1547\/\" data-orig-file=\"https:\/\/albertogranados.files.wordpress.com\/2013\/11\/hans-baldung-1547.jpg\" data-orig-size=\"226,600\" data-comments-opened=\"1\" data-image-meta=\"{&quot;aperture&quot;:&quot;0&quot;,&quot;credit&quot;:&quot;&quot;,&quot;camera&quot;:&quot;&quot;,&quot;caption&quot;:&quot;&quot;,&quot;created_timestamp&quot;:&quot;0&quot;,&quot;copyright&quot;:&quot;&quot;,&quot;focal_length&quot;:&quot;0&quot;,&quot;iso&quot;:&quot;0&quot;,&quot;shutter_speed&quot;:&quot;0&quot;,&quot;title&quot;:&quot;&quot;}\" data-image-title=\"Hans Baldung  1547\" data-image-description=\"\" data-image-caption=\"\" data-medium-file=\"https:\/\/albertogranados.files.wordpress.com\/2013\/11\/hans-baldung-1547.jpg?w=113\" data-large-file=\"https:\/\/albertogranados.files.wordpress.com\/2013\/11\/hans-baldung-1547.jpg?w=226\" \/><\/a><\/h3>\n<h3>Hans Baldung\u00a0 1547<\/h3>\n<p data-adtags-visited=\"true\"><a href=\"https:\/\/albertogranados.files.wordpress.com\/2013\/11\/hans-von-aachen-1604.jpg\"><img data-recalc-dims=\"1\" decoding=\"async\" class=\"aligncenter size-full wp-image-6149\" src=\"https:\/\/albertogranados.files.wordpress.com\/2013\/11\/hans-von-aachen-1604.jpg?w=640\" sizes=\"(max-width: 262px) 100vw, 262px\" srcset=\"https:\/\/albertogranados.files.wordpress.com\/2013\/11\/hans-von-aachen-1604.jpg 262w, https:\/\/albertogranados.files.wordpress.com\/2013\/11\/hans-von-aachen-1604.jpg?w=98&amp;h=150 98w\" alt=\"Hans von Aachen, 1604\" data-attachment-id=\"6149\" data-permalink=\"https:\/\/albertogranados.wordpress.com\/2013\/11\/03\/las-tres-gracias\/hans-von-aachen-1604\/\" data-orig-file=\"https:\/\/albertogranados.files.wordpress.com\/2013\/11\/hans-von-aachen-1604.jpg\" data-orig-size=\"262,400\" data-comments-opened=\"1\" data-image-meta=\"{&quot;aperture&quot;:&quot;0&quot;,&quot;credit&quot;:&quot;&quot;,&quot;camera&quot;:&quot;&quot;,&quot;caption&quot;:&quot;&quot;,&quot;created_timestamp&quot;:&quot;0&quot;,&quot;copyright&quot;:&quot;&quot;,&quot;focal_length&quot;:&quot;0&quot;,&quot;iso&quot;:&quot;0&quot;,&quot;shutter_speed&quot;:&quot;0&quot;,&quot;title&quot;:&quot;&quot;}\" data-image-title=\"Hans von Aachen, 1604\" data-image-description=\"\" data-image-caption=\"\" data-medium-file=\"https:\/\/albertogranados.files.wordpress.com\/2013\/11\/hans-von-aachen-1604.jpg?w=197\" data-large-file=\"https:\/\/albertogranados.files.wordpress.com\/2013\/11\/hans-von-aachen-1604.jpg?w=262\" \/><\/a><\/p>\n<h3>Hans von Aachen, 1604<\/h3>\n<p data-adtags-visited=\"true\"><a href=\"https:\/\/albertogranados.files.wordpress.com\/2013\/11\/javier-parada.jpg\"><img data-recalc-dims=\"1\" decoding=\"async\" class=\"aligncenter size-full wp-image-6150\" src=\"https:\/\/albertogranados.files.wordpress.com\/2013\/11\/javier-parada.jpg?w=640\" sizes=\"(max-width: 425px) 100vw, 425px\" srcset=\"https:\/\/albertogranados.files.wordpress.com\/2013\/11\/javier-parada.jpg 425w, https:\/\/albertogranados.files.wordpress.com\/2013\/11\/javier-parada.jpg?w=124&amp;h=150 124w, https:\/\/albertogranados.files.wordpress.com\/2013\/11\/javier-parada.jpg?w=247&amp;h=300 247w\" alt=\"Javier Parada\" data-attachment-id=\"6150\" data-permalink=\"https:\/\/albertogranados.wordpress.com\/2013\/11\/03\/las-tres-gracias\/javier-parada\/\" data-orig-file=\"https:\/\/albertogranados.files.wordpress.com\/2013\/11\/javier-parada.jpg\" data-orig-size=\"425,516\" data-comments-opened=\"1\" data-image-meta=\"{&quot;aperture&quot;:&quot;0&quot;,&quot;credit&quot;:&quot;&quot;,&quot;camera&quot;:&quot;&quot;,&quot;caption&quot;:&quot;&quot;,&quot;created_timestamp&quot;:&quot;0&quot;,&quot;copyright&quot;:&quot;&quot;,&quot;focal_length&quot;:&quot;0&quot;,&quot;iso&quot;:&quot;0&quot;,&quot;shutter_speed&quot;:&quot;0&quot;,&quot;title&quot;:&quot;&quot;}\" data-image-title=\"Javier Parada\" data-image-description=\"\" data-image-caption=\"\" data-medium-file=\"https:\/\/albertogranados.files.wordpress.com\/2013\/11\/javier-parada.jpg?w=247\" data-large-file=\"https:\/\/albertogranados.files.wordpress.com\/2013\/11\/javier-parada.jpg?w=425\" \/><\/a><\/p>\n<h3>Javier Parada<a href=\"https:\/\/albertogranados.files.wordpress.com\/2013\/11\/jean-jacques-pradier.jpg\"><img data-recalc-dims=\"1\" decoding=\"async\" class=\"aligncenter size-full wp-image-6151\" src=\"https:\/\/albertogranados.files.wordpress.com\/2013\/11\/jean-jacques-pradier.jpg?w=640\" sizes=\"(max-width: 300px) 100vw, 300px\" srcset=\"https:\/\/albertogranados.files.wordpress.com\/2013\/11\/jean-jacques-pradier.jpg 300w, https:\/\/albertogranados.files.wordpress.com\/2013\/11\/jean-jacques-pradier.jpg?w=113&amp;h=150 113w, https:\/\/albertogranados.files.wordpress.com\/2013\/11\/jean-jacques-pradier.jpg?w=225&amp;h=300 225w\" alt=\"Jean Jacques Pradier\" data-attachment-id=\"6151\" data-permalink=\"https:\/\/albertogranados.wordpress.com\/2013\/11\/03\/las-tres-gracias\/jean-jacques-pradier\/\" data-orig-file=\"https:\/\/albertogranados.files.wordpress.com\/2013\/11\/jean-jacques-pradier.jpg\" data-orig-size=\"300,400\" data-comments-opened=\"1\" data-image-meta=\"{&quot;aperture&quot;:&quot;0&quot;,&quot;credit&quot;:&quot;&quot;,&quot;camera&quot;:&quot;&quot;,&quot;caption&quot;:&quot;&quot;,&quot;created_timestamp&quot;:&quot;0&quot;,&quot;copyright&quot;:&quot;&quot;,&quot;focal_length&quot;:&quot;0&quot;,&quot;iso&quot;:&quot;0&quot;,&quot;shutter_speed&quot;:&quot;0&quot;,&quot;title&quot;:&quot;&quot;}\" data-image-title=\"Jean Jacques Pradier\" data-image-description=\"\" data-image-caption=\"\" data-medium-file=\"https:\/\/albertogranados.files.wordpress.com\/2013\/11\/jean-jacques-pradier.jpg?w=225\" data-large-file=\"https:\/\/albertogranados.files.wordpress.com\/2013\/11\/jean-jacques-pradier.jpg?w=300\" \/><\/a><\/h3>\n<h3>Jean Jacques Pradier<\/h3>\n<p data-adtags-visited=\"true\"><a href=\"https:\/\/albertogranados.files.wordpress.com\/2013\/11\/jean-franc3a7ois-janinet.jpg\"><img data-recalc-dims=\"1\" decoding=\"async\" class=\"aligncenter size-full wp-image-6152\" src=\"https:\/\/albertogranados.files.wordpress.com\/2013\/11\/jean-franc3a7ois-janinet.jpg?w=640\" sizes=\"(max-width: 403px) 100vw, 403px\" srcset=\"https:\/\/albertogranados.files.wordpress.com\/2013\/11\/jean-franc3a7ois-janinet.jpg 403w, https:\/\/albertogranados.files.wordpress.com\/2013\/11\/jean-franc3a7ois-janinet.jpg?w=116&amp;h=150 116w, https:\/\/albertogranados.files.wordpress.com\/2013\/11\/jean-franc3a7ois-janinet.jpg?w=231&amp;h=300 231w\" alt=\"Jean-Fran\u00e7ois Janinet\" data-attachment-id=\"6152\" data-permalink=\"https:\/\/albertogranados.wordpress.com\/2013\/11\/03\/las-tres-gracias\/jean-francois-janinet\/\" data-orig-file=\"https:\/\/albertogranados.files.wordpress.com\/2013\/11\/jean-franc3a7ois-janinet.jpg\" data-orig-size=\"403,523\" data-comments-opened=\"1\" data-image-meta=\"{&quot;aperture&quot;:&quot;0&quot;,&quot;credit&quot;:&quot;&quot;,&quot;camera&quot;:&quot;&quot;,&quot;caption&quot;:&quot;&quot;,&quot;created_timestamp&quot;:&quot;0&quot;,&quot;copyright&quot;:&quot;&quot;,&quot;focal_length&quot;:&quot;0&quot;,&quot;iso&quot;:&quot;0&quot;,&quot;shutter_speed&quot;:&quot;0&quot;,&quot;title&quot;:&quot;&quot;}\" data-image-title=\"Jean-Fran\u00e7ois Janinet\" data-image-description=\"\" data-image-caption=\"\" data-medium-file=\"https:\/\/albertogranados.files.wordpress.com\/2013\/11\/jean-franc3a7ois-janinet.jpg?w=231\" data-large-file=\"https:\/\/albertogranados.files.wordpress.com\/2013\/11\/jean-franc3a7ois-janinet.jpg?w=403\" \/><\/a><\/p>\n<h3>Jean-Fran\u00e7ois Janinet<\/h3>\n<p data-adtags-visited=\"true\"><a href=\"https:\/\/albertogranados.files.wordpress.com\/2013\/11\/jesc3bas-zatc3b3n.jpg\"><img data-recalc-dims=\"1\" decoding=\"async\" class=\"aligncenter size-full wp-image-6153\" src=\"https:\/\/albertogranados.files.wordpress.com\/2013\/11\/jesc3bas-zatc3b3n.jpg?w=640\" sizes=\"(max-width: 464px) 100vw, 464px\" srcset=\"https:\/\/albertogranados.files.wordpress.com\/2013\/11\/jesc3bas-zatc3b3n.jpg 464w, https:\/\/albertogranados.files.wordpress.com\/2013\/11\/jesc3bas-zatc3b3n.jpg?w=150&amp;h=150 150w, https:\/\/albertogranados.files.wordpress.com\/2013\/11\/jesc3bas-zatc3b3n.jpg?w=300&amp;h=300 300w\" alt=\"Jes\u00fas Zat\u00f3n\" data-attachment-id=\"6153\" data-permalink=\"https:\/\/albertogranados.wordpress.com\/2013\/11\/03\/las-tres-gracias\/jesus-zaton\/\" data-orig-file=\"https:\/\/albertogranados.files.wordpress.com\/2013\/11\/jesc3bas-zatc3b3n.jpg\" data-orig-size=\"464,463\" data-comments-opened=\"1\" data-image-meta=\"{&quot;aperture&quot;:&quot;0&quot;,&quot;credit&quot;:&quot;&quot;,&quot;camera&quot;:&quot;&quot;,&quot;caption&quot;:&quot;&quot;,&quot;created_timestamp&quot;:&quot;0&quot;,&quot;copyright&quot;:&quot;&quot;,&quot;focal_length&quot;:&quot;0&quot;,&quot;iso&quot;:&quot;0&quot;,&quot;shutter_speed&quot;:&quot;0&quot;,&quot;title&quot;:&quot;&quot;}\" data-image-title=\"Jes\u00fas Zat\u00f3n\" data-image-description=\"\" data-image-caption=\"\" data-medium-file=\"https:\/\/albertogranados.files.wordpress.com\/2013\/11\/jesc3bas-zatc3b3n.jpg?w=300\" data-large-file=\"https:\/\/albertogranados.files.wordpress.com\/2013\/11\/jesc3bas-zatc3b3n.jpg?w=464\" \/><\/a><\/p>\n<h3>Jes\u00fas Zat\u00f3n<a href=\"https:\/\/albertogranados.files.wordpress.com\/2013\/11\/juan-barjoa.jpg\"><img data-recalc-dims=\"1\" decoding=\"async\" class=\"aligncenter size-full wp-image-6154\" src=\"https:\/\/albertogranados.files.wordpress.com\/2013\/11\/juan-barjoa.jpg?w=640\" sizes=\"(max-width: 320px) 100vw, 320px\" srcset=\"https:\/\/albertogranados.files.wordpress.com\/2013\/11\/juan-barjoa.jpg 320w, https:\/\/albertogranados.files.wordpress.com\/2013\/11\/juan-barjoa.jpg?w=150&amp;h=136 150w, https:\/\/albertogranados.files.wordpress.com\/2013\/11\/juan-barjoa.jpg?w=300&amp;h=272 300w\" alt=\"Juan Barjoa\" data-attachment-id=\"6154\" data-permalink=\"https:\/\/albertogranados.wordpress.com\/2013\/11\/03\/las-tres-gracias\/juan-barjoa\/\" data-orig-file=\"https:\/\/albertogranados.files.wordpress.com\/2013\/11\/juan-barjoa.jpg\" data-orig-size=\"320,290\" data-comments-opened=\"1\" data-image-meta=\"{&quot;aperture&quot;:&quot;0&quot;,&quot;credit&quot;:&quot;&quot;,&quot;camera&quot;:&quot;&quot;,&quot;caption&quot;:&quot;&quot;,&quot;created_timestamp&quot;:&quot;0&quot;,&quot;copyright&quot;:&quot;&quot;,&quot;focal_length&quot;:&quot;0&quot;,&quot;iso&quot;:&quot;0&quot;,&quot;shutter_speed&quot;:&quot;0&quot;,&quot;title&quot;:&quot;&quot;}\" data-image-title=\"Juan Barjoa\" data-image-description=\"\" data-image-caption=\"\" data-medium-file=\"https:\/\/albertogranados.files.wordpress.com\/2013\/11\/juan-barjoa.jpg?w=300\" data-large-file=\"https:\/\/albertogranados.files.wordpress.com\/2013\/11\/juan-barjoa.jpg?w=320\" \/><\/a><\/h3>\n<h3>Juan Barjoa<a href=\"https:\/\/albertogranados.files.wordpress.com\/2013\/11\/juan-miralles.jpg\"><img data-recalc-dims=\"1\" decoding=\"async\" class=\"aligncenter size-full wp-image-6155\" src=\"https:\/\/albertogranados.files.wordpress.com\/2013\/11\/juan-miralles.jpg?w=640\" sizes=\"(max-width: 300px) 100vw, 300px\" srcset=\"https:\/\/albertogranados.files.wordpress.com\/2013\/11\/juan-miralles.jpg 300w, https:\/\/albertogranados.files.wordpress.com\/2013\/11\/juan-miralles.jpg?w=113&amp;h=150 113w, https:\/\/albertogranados.files.wordpress.com\/2013\/11\/juan-miralles.jpg?w=225&amp;h=300 225w\" alt=\"Juan Miralles\" data-attachment-id=\"6155\" data-permalink=\"https:\/\/albertogranados.wordpress.com\/2013\/11\/03\/las-tres-gracias\/juan-miralles\/\" data-orig-file=\"https:\/\/albertogranados.files.wordpress.com\/2013\/11\/juan-miralles.jpg\" data-orig-size=\"300,400\" data-comments-opened=\"1\" data-image-meta=\"{&quot;aperture&quot;:&quot;0&quot;,&quot;credit&quot;:&quot;&quot;,&quot;camera&quot;:&quot;&quot;,&quot;caption&quot;:&quot;&quot;,&quot;created_timestamp&quot;:&quot;0&quot;,&quot;copyright&quot;:&quot;&quot;,&quot;focal_length&quot;:&quot;0&quot;,&quot;iso&quot;:&quot;0&quot;,&quot;shutter_speed&quot;:&quot;0&quot;,&quot;title&quot;:&quot;&quot;}\" data-image-title=\"Juan Miralles\" data-image-description=\"\" data-image-caption=\"\" data-medium-file=\"https:\/\/albertogranados.files.wordpress.com\/2013\/11\/juan-miralles.jpg?w=225\" data-large-file=\"https:\/\/albertogranados.files.wordpress.com\/2013\/11\/juan-miralles.jpg?w=300\" \/><\/a><\/h3>\n<h3>Juan Miralles<a href=\"https:\/\/albertogranados.files.wordpress.com\/2013\/11\/karl-hofer-badende-1945.jpg\"><img data-recalc-dims=\"1\" decoding=\"async\" class=\"aligncenter size-full wp-image-6156\" src=\"https:\/\/albertogranados.files.wordpress.com\/2013\/11\/karl-hofer-badende-1945.jpg?w=640\" sizes=\"(max-width: 435px) 100vw, 435px\" srcset=\"https:\/\/albertogranados.files.wordpress.com\/2013\/11\/karl-hofer-badende-1945.jpg 435w, https:\/\/albertogranados.files.wordpress.com\/2013\/11\/karl-hofer-badende-1945.jpg?w=119&amp;h=150 119w, https:\/\/albertogranados.files.wordpress.com\/2013\/11\/karl-hofer-badende-1945.jpg?w=237&amp;h=300 237w\" alt=\"Karl Hofer, Badende, 1945\" data-attachment-id=\"6156\" data-permalink=\"https:\/\/albertogranados.wordpress.com\/2013\/11\/03\/las-tres-gracias\/karl-hofer-badende-1945\/\" data-orig-file=\"https:\/\/albertogranados.files.wordpress.com\/2013\/11\/karl-hofer-badende-1945.jpg\" data-orig-size=\"435,550\" data-comments-opened=\"1\" data-image-meta=\"{&quot;aperture&quot;:&quot;0&quot;,&quot;credit&quot;:&quot;&quot;,&quot;camera&quot;:&quot;&quot;,&quot;caption&quot;:&quot;&quot;,&quot;created_timestamp&quot;:&quot;0&quot;,&quot;copyright&quot;:&quot;&quot;,&quot;focal_length&quot;:&quot;0&quot;,&quot;iso&quot;:&quot;0&quot;,&quot;shutter_speed&quot;:&quot;0&quot;,&quot;title&quot;:&quot;&quot;}\" data-image-title=\"Karl Hofer, Badende, 1945\" data-image-description=\"\" data-image-caption=\"\" data-medium-file=\"https:\/\/albertogranados.files.wordpress.com\/2013\/11\/karl-hofer-badende-1945.jpg?w=237\" data-large-file=\"https:\/\/albertogranados.files.wordpress.com\/2013\/11\/karl-hofer-badende-1945.jpg?w=435\" \/><\/a><\/h3>\n<h3>Karl Hofer, 1945<a href=\"https:\/\/albertogranados.files.wordpress.com\/2013\/11\/lucas-cranach.jpg\"><img data-recalc-dims=\"1\" decoding=\"async\" class=\"aligncenter size-full wp-image-6157\" src=\"https:\/\/albertogranados.files.wordpress.com\/2013\/11\/lucas-cranach.jpg?w=640\" sizes=\"(max-width: 360px) 100vw, 360px\" srcset=\"https:\/\/albertogranados.files.wordpress.com\/2013\/11\/lucas-cranach.jpg 360w, https:\/\/albertogranados.files.wordpress.com\/2013\/11\/lucas-cranach.jpg?w=99&amp;h=150 99w, https:\/\/albertogranados.files.wordpress.com\/2013\/11\/lucas-cranach.jpg?w=199&amp;h=300 199w\" alt=\"Lucas Cranach\" data-attachment-id=\"6157\" data-permalink=\"https:\/\/albertogranados.wordpress.com\/2013\/11\/03\/las-tres-gracias\/lucas-cranach\/\" data-orig-file=\"https:\/\/albertogranados.files.wordpress.com\/2013\/11\/lucas-cranach.jpg\" data-orig-size=\"360,544\" data-comments-opened=\"1\" data-image-meta=\"{&quot;aperture&quot;:&quot;0&quot;,&quot;credit&quot;:&quot;&quot;,&quot;camera&quot;:&quot;&quot;,&quot;caption&quot;:&quot;&quot;,&quot;created_timestamp&quot;:&quot;0&quot;,&quot;copyright&quot;:&quot;&quot;,&quot;focal_length&quot;:&quot;0&quot;,&quot;iso&quot;:&quot;0&quot;,&quot;shutter_speed&quot;:&quot;0&quot;,&quot;title&quot;:&quot;&quot;}\" data-image-title=\"Lucas Cranach\" data-image-description=\"\" data-image-caption=\"\" data-medium-file=\"https:\/\/albertogranados.files.wordpress.com\/2013\/11\/lucas-cranach.jpg?w=199\" data-large-file=\"https:\/\/albertogranados.files.wordpress.com\/2013\/11\/lucas-cranach.jpg?w=360\" \/><\/a><\/h3>\n<h3>Lucas Cranach<a href=\"https:\/\/albertogranados.files.wordpress.com\/2013\/11\/manolo-gallardo.jpg\"><img data-recalc-dims=\"1\" decoding=\"async\" class=\"aligncenter size-full wp-image-6159\" src=\"https:\/\/albertogranados.files.wordpress.com\/2013\/11\/manolo-gallardo.jpg?w=640\" sizes=\"(max-width: 368px) 100vw, 368px\" srcset=\"https:\/\/albertogranados.files.wordpress.com\/2013\/11\/manolo-gallardo.jpg 368w, https:\/\/albertogranados.files.wordpress.com\/2013\/11\/manolo-gallardo.jpg?w=99&amp;h=150 99w, https:\/\/albertogranados.files.wordpress.com\/2013\/11\/manolo-gallardo.jpg?w=199&amp;h=300 199w\" alt=\"Manolo Gallardo\" data-attachment-id=\"6159\" data-permalink=\"https:\/\/albertogranados.wordpress.com\/2013\/11\/03\/las-tres-gracias\/manolo-gallardo\/\" data-orig-file=\"https:\/\/albertogranados.files.wordpress.com\/2013\/11\/manolo-gallardo.jpg\" data-orig-size=\"368,556\" data-comments-opened=\"1\" data-image-meta=\"{&quot;aperture&quot;:&quot;0&quot;,&quot;credit&quot;:&quot;&quot;,&quot;camera&quot;:&quot;&quot;,&quot;caption&quot;:&quot;&quot;,&quot;created_timestamp&quot;:&quot;0&quot;,&quot;copyright&quot;:&quot;&quot;,&quot;focal_length&quot;:&quot;0&quot;,&quot;iso&quot;:&quot;0&quot;,&quot;shutter_speed&quot;:&quot;0&quot;,&quot;title&quot;:&quot;&quot;}\" data-image-title=\"Manolo Gallardo\" data-image-description=\"\" data-image-caption=\"\" data-medium-file=\"https:\/\/albertogranados.files.wordpress.com\/2013\/11\/manolo-gallardo.jpg?w=199\" data-large-file=\"https:\/\/albertogranados.files.wordpress.com\/2013\/11\/manolo-gallardo.jpg?w=368\" \/><\/a><\/h3>\n<h3>Manolo Gallardo<a href=\"https:\/\/albertogranados.files.wordpress.com\/2013\/11\/michael-parker.jpg\"><img data-recalc-dims=\"1\" decoding=\"async\" class=\"aligncenter size-full wp-image-6160\" src=\"https:\/\/albertogranados.files.wordpress.com\/2013\/11\/michael-parker.jpg?w=640\" sizes=\"(max-width: 425px) 100vw, 425px\" srcset=\"https:\/\/albertogranados.files.wordpress.com\/2013\/11\/michael-parker.jpg 425w, https:\/\/albertogranados.files.wordpress.com\/2013\/11\/michael-parker.jpg?w=116&amp;h=150 116w, https:\/\/albertogranados.files.wordpress.com\/2013\/11\/michael-parker.jpg?w=232&amp;h=300 232w\" alt=\"Michael Parker\" data-attachment-id=\"6160\" data-permalink=\"https:\/\/albertogranados.wordpress.com\/2013\/11\/03\/las-tres-gracias\/michael-parker\/\" data-orig-file=\"https:\/\/albertogranados.files.wordpress.com\/2013\/11\/michael-parker.jpg\" data-orig-size=\"425,550\" data-comments-opened=\"1\" data-image-meta=\"{&quot;aperture&quot;:&quot;0&quot;,&quot;credit&quot;:&quot;&quot;,&quot;camera&quot;:&quot;&quot;,&quot;caption&quot;:&quot;&quot;,&quot;created_timestamp&quot;:&quot;0&quot;,&quot;copyright&quot;:&quot;&quot;,&quot;focal_length&quot;:&quot;0&quot;,&quot;iso&quot;:&quot;0&quot;,&quot;shutter_speed&quot;:&quot;0&quot;,&quot;title&quot;:&quot;&quot;}\" data-image-title=\"Michael Parker\" data-image-description=\"\" data-image-caption=\"\" data-medium-file=\"https:\/\/albertogranados.files.wordpress.com\/2013\/11\/michael-parker.jpg?w=232\" data-large-file=\"https:\/\/albertogranados.files.wordpress.com\/2013\/11\/michael-parker.jpg?w=425\" \/><\/a><\/h3>\n<h3>Michael Parker<a href=\"https:\/\/albertogranados.files.wordpress.com\/2013\/11\/michel-simonidy-1870-1933.jpg\"><img data-recalc-dims=\"1\" decoding=\"async\" class=\"aligncenter size-full wp-image-6161\" src=\"https:\/\/albertogranados.files.wordpress.com\/2013\/11\/michel-simonidy-1870-1933.jpg?w=640\" sizes=\"(max-width: 375px) 100vw, 375px\" srcset=\"https:\/\/albertogranados.files.wordpress.com\/2013\/11\/michel-simonidy-1870-1933.jpg 375w, https:\/\/albertogranados.files.wordpress.com\/2013\/11\/michel-simonidy-1870-1933.jpg?w=117&amp;h=150 117w, https:\/\/albertogranados.files.wordpress.com\/2013\/11\/michel-simonidy-1870-1933.jpg?w=234&amp;h=300 234w\" alt=\"Michel Simonidy (1870-1933).\" data-attachment-id=\"6161\" data-permalink=\"https:\/\/albertogranados.wordpress.com\/2013\/11\/03\/las-tres-gracias\/michel-simonidy-1870-1933\/\" data-orig-file=\"https:\/\/albertogranados.files.wordpress.com\/2013\/11\/michel-simonidy-1870-1933.jpg\" data-orig-size=\"375,480\" data-comments-opened=\"1\" data-image-meta=\"{&quot;aperture&quot;:&quot;0&quot;,&quot;credit&quot;:&quot;&quot;,&quot;camera&quot;:&quot;&quot;,&quot;caption&quot;:&quot;&quot;,&quot;created_timestamp&quot;:&quot;0&quot;,&quot;copyright&quot;:&quot;&quot;,&quot;focal_length&quot;:&quot;0&quot;,&quot;iso&quot;:&quot;0&quot;,&quot;shutter_speed&quot;:&quot;0&quot;,&quot;title&quot;:&quot;&quot;}\" data-image-title=\"Michel Simonidy (1870-1933).\" data-image-description=\"\" data-image-caption=\"\" data-medium-file=\"https:\/\/albertogranados.files.wordpress.com\/2013\/11\/michel-simonidy-1870-1933.jpg?w=234\" data-large-file=\"https:\/\/albertogranados.files.wordpress.com\/2013\/11\/michel-simonidy-1870-1933.jpg?w=375\" \/><\/a><\/h3>\n<h3>Michel Simonidy<a href=\"https:\/\/albertogranados.files.wordpress.com\/2013\/11\/nicolc3a1s-cordier.jpg\"><img data-recalc-dims=\"1\" decoding=\"async\" class=\"aligncenter size-full wp-image-6162\" src=\"https:\/\/albertogranados.files.wordpress.com\/2013\/11\/nicolc3a1s-cordier.jpg?w=640\" sizes=\"(max-width: 430px) 100vw, 430px\" srcset=\"https:\/\/albertogranados.files.wordpress.com\/2013\/11\/nicolc3a1s-cordier.jpg 430w, https:\/\/albertogranados.files.wordpress.com\/2013\/11\/nicolc3a1s-cordier.jpg?w=125&amp;h=150 125w, https:\/\/albertogranados.files.wordpress.com\/2013\/11\/nicolc3a1s-cordier.jpg?w=251&amp;h=300 251w\" alt=\"Nicol\u00e1s Cordier\" data-attachment-id=\"6162\" data-permalink=\"https:\/\/albertogranados.wordpress.com\/2013\/11\/03\/las-tres-gracias\/nicolas-cordier\/\" data-orig-file=\"https:\/\/albertogranados.files.wordpress.com\/2013\/11\/nicolc3a1s-cordier.jpg\" data-orig-size=\"430,514\" data-comments-opened=\"1\" data-image-meta=\"{&quot;aperture&quot;:&quot;0&quot;,&quot;credit&quot;:&quot;&quot;,&quot;camera&quot;:&quot;&quot;,&quot;caption&quot;:&quot;&quot;,&quot;created_timestamp&quot;:&quot;0&quot;,&quot;copyright&quot;:&quot;&quot;,&quot;focal_length&quot;:&quot;0&quot;,&quot;iso&quot;:&quot;0&quot;,&quot;shutter_speed&quot;:&quot;0&quot;,&quot;title&quot;:&quot;&quot;}\" data-image-title=\"Nicol\u00e1s Cordier\" data-image-description=\"\" data-image-caption=\"\" data-medium-file=\"https:\/\/albertogranados.files.wordpress.com\/2013\/11\/nicolc3a1s-cordier.jpg?w=251\" data-large-file=\"https:\/\/albertogranados.files.wordpress.com\/2013\/11\/nicolc3a1s-cordier.jpg?w=430\" \/><\/a><\/h3>\n<h3>Nicol\u00e1s Cordier<a href=\"https:\/\/albertogranados.files.wordpress.com\/2013\/11\/c3b6nb-anno-austrian-newspaper-online.jpg\"><img data-recalc-dims=\"1\" decoding=\"async\" class=\"aligncenter size-full wp-image-6163\" src=\"https:\/\/albertogranados.files.wordpress.com\/2013\/11\/c3b6nb-anno-austrian-newspaper-online.jpg?w=640\" sizes=\"(max-width: 467px) 100vw, 467px\" srcset=\"https:\/\/albertogranados.files.wordpress.com\/2013\/11\/c3b6nb-anno-austrian-newspaper-online.jpg 467w, https:\/\/albertogranados.files.wordpress.com\/2013\/11\/c3b6nb-anno-austrian-newspaper-online.jpg?w=117&amp;h=150 117w, https:\/\/albertogranados.files.wordpress.com\/2013\/11\/c3b6nb-anno-austrian-newspaper-online.jpg?w=235&amp;h=300 235w\" alt=\"\u00d6NB ANNO AustriaN Newspaper Online\" data-attachment-id=\"6163\" data-permalink=\"https:\/\/albertogranados.wordpress.com\/2013\/11\/03\/las-tres-gracias\/onb-anno-austrian-newspaper-online\/\" data-orig-file=\"https:\/\/albertogranados.files.wordpress.com\/2013\/11\/c3b6nb-anno-austrian-newspaper-online.jpg\" data-orig-size=\"467,597\" data-comments-opened=\"1\" data-image-meta=\"{&quot;aperture&quot;:&quot;0&quot;,&quot;credit&quot;:&quot;&quot;,&quot;camera&quot;:&quot;&quot;,&quot;caption&quot;:&quot;&quot;,&quot;created_timestamp&quot;:&quot;0&quot;,&quot;copyright&quot;:&quot;&quot;,&quot;focal_length&quot;:&quot;0&quot;,&quot;iso&quot;:&quot;0&quot;,&quot;shutter_speed&quot;:&quot;0&quot;,&quot;title&quot;:&quot;&quot;}\" data-image-title=\"\u00d6NB ANNO AustriaN Newspaper Online\" data-image-description=\"\" data-image-caption=\"\" data-medium-file=\"https:\/\/albertogranados.files.wordpress.com\/2013\/11\/c3b6nb-anno-austrian-newspaper-online.jpg?w=235\" data-large-file=\"https:\/\/albertogranados.files.wordpress.com\/2013\/11\/c3b6nb-anno-austrian-newspaper-online.jpg?w=467\" \/><\/a><\/h3>\n<h3>Peri\u00f3dico austriaco ONB<a href=\"https:\/\/albertogranados.files.wordpress.com\/2013\/11\/pablo-ruiz-picasso.jpg\"><img data-recalc-dims=\"1\" decoding=\"async\" class=\"aligncenter size-full wp-image-6164\" src=\"https:\/\/albertogranados.files.wordpress.com\/2013\/11\/pablo-ruiz-picasso.jpg?w=640\" sizes=\"(max-width: 290px) 100vw, 290px\" srcset=\"https:\/\/albertogranados.files.wordpress.com\/2013\/11\/pablo-ruiz-picasso.jpg 290w, https:\/\/albertogranados.files.wordpress.com\/2013\/11\/pablo-ruiz-picasso.jpg?w=109&amp;h=150 109w\" alt=\"Pablo Ruiz Picasso\" data-attachment-id=\"6164\" data-permalink=\"https:\/\/albertogranados.wordpress.com\/2013\/11\/03\/las-tres-gracias\/pablo-ruiz-picasso\/\" data-orig-file=\"https:\/\/albertogranados.files.wordpress.com\/2013\/11\/pablo-ruiz-picasso.jpg\" data-orig-size=\"290,400\" data-comments-opened=\"1\" data-image-meta=\"{&quot;aperture&quot;:&quot;0&quot;,&quot;credit&quot;:&quot;Picasa 3.0&quot;,&quot;camera&quot;:&quot;&quot;,&quot;caption&quot;:&quot;&quot;,&quot;created_timestamp&quot;:&quot;0&quot;,&quot;copyright&quot;:&quot;&quot;,&quot;focal_length&quot;:&quot;0&quot;,&quot;iso&quot;:&quot;0&quot;,&quot;shutter_speed&quot;:&quot;0&quot;,&quot;title&quot;:&quot;&quot;}\" data-image-title=\"Pablo Ruiz Picasso\" data-image-description=\"\" data-image-caption=\"\" data-medium-file=\"https:\/\/albertogranados.files.wordpress.com\/2013\/11\/pablo-ruiz-picasso.jpg?w=218\" data-large-file=\"https:\/\/albertogranados.files.wordpress.com\/2013\/11\/pablo-ruiz-picasso.jpg?w=290\" \/><\/a><\/h3>\n<h3>Pablo Ruiz Picasso<a href=\"https:\/\/albertogranados.files.wordpress.com\/2013\/11\/paco-luque.jpg\"><img data-recalc-dims=\"1\" decoding=\"async\" class=\"aligncenter size-full wp-image-6165\" src=\"https:\/\/albertogranados.files.wordpress.com\/2013\/11\/paco-luque.jpg?w=640\" sizes=\"(max-width: 449px) 100vw, 449px\" srcset=\"https:\/\/albertogranados.files.wordpress.com\/2013\/11\/paco-luque.jpg 449w, https:\/\/albertogranados.files.wordpress.com\/2013\/11\/paco-luque.jpg?w=112&amp;h=150 112w, https:\/\/albertogranados.files.wordpress.com\/2013\/11\/paco-luque.jpg?w=225&amp;h=300 225w\" alt=\"Paco Luque\" data-attachment-id=\"6165\" data-permalink=\"https:\/\/albertogranados.wordpress.com\/2013\/11\/03\/las-tres-gracias\/paco-luque\/\" data-orig-file=\"https:\/\/albertogranados.files.wordpress.com\/2013\/11\/paco-luque.jpg\" data-orig-size=\"449,599\" data-comments-opened=\"1\" data-image-meta=\"{&quot;aperture&quot;:&quot;18&quot;,&quot;credit&quot;:&quot;&quot;,&quot;camera&quot;:&quot;NIKON D3&quot;,&quot;caption&quot;:&quot;????????????????????????????????????&quot;,&quot;created_timestamp&quot;:&quot;1221561398&quot;,&quot;copyright&quot;:&quot;&quot;,&quot;focal_length&quot;:&quot;105&quot;,&quot;iso&quot;:&quot;0&quot;,&quot;shutter_speed&quot;:&quot;0.00625&quot;,&quot;title&quot;:&quot;&quot;}\" data-image-title=\"Paco Luque\" data-image-description=\"&lt;p&gt;????????????????????????????????????&lt;\/p&gt;\n\" data-image-caption=\"\" data-medium-file=\"https:\/\/albertogranados.files.wordpress.com\/2013\/11\/paco-luque.jpg?w=225\" data-large-file=\"https:\/\/albertogranados.files.wordpress.com\/2013\/11\/paco-luque.jpg?w=449\" \/><\/a><\/h3>\n<h3>Paco Luque<a href=\"https:\/\/albertogranados.files.wordpress.com\/2013\/11\/rafael-sanzio-1501.jpg\"><img data-recalc-dims=\"1\" decoding=\"async\" class=\"aligncenter size-full wp-image-6166\" src=\"https:\/\/albertogranados.files.wordpress.com\/2013\/11\/rafael-sanzio-1501.jpg?w=640\" sizes=\"(max-width: 400px) 100vw, 400px\" srcset=\"https:\/\/albertogranados.files.wordpress.com\/2013\/11\/rafael-sanzio-1501.jpg 400w, https:\/\/albertogranados.files.wordpress.com\/2013\/11\/rafael-sanzio-1501.jpg?w=150&amp;h=147 150w, https:\/\/albertogranados.files.wordpress.com\/2013\/11\/rafael-sanzio-1501.jpg?w=300&amp;h=295 300w\" alt=\"Rafael Sanzio, 1501\" data-attachment-id=\"6166\" data-permalink=\"https:\/\/albertogranados.wordpress.com\/2013\/11\/03\/las-tres-gracias\/rafael-sanzio-1501\/\" data-orig-file=\"https:\/\/albertogranados.files.wordpress.com\/2013\/11\/rafael-sanzio-1501.jpg\" data-orig-size=\"400,393\" data-comments-opened=\"1\" data-image-meta=\"{&quot;aperture&quot;:&quot;0&quot;,&quot;credit&quot;:&quot;&quot;,&quot;camera&quot;:&quot;&quot;,&quot;caption&quot;:&quot;&quot;,&quot;created_timestamp&quot;:&quot;0&quot;,&quot;copyright&quot;:&quot;&quot;,&quot;focal_length&quot;:&quot;0&quot;,&quot;iso&quot;:&quot;0&quot;,&quot;shutter_speed&quot;:&quot;0&quot;,&quot;title&quot;:&quot;&quot;}\" data-image-title=\"Rafael Sanzio, 1501\" data-image-description=\"\" data-image-caption=\"\" data-medium-file=\"https:\/\/albertogranados.files.wordpress.com\/2013\/11\/rafael-sanzio-1501.jpg?w=300\" data-large-file=\"https:\/\/albertogranados.files.wordpress.com\/2013\/11\/rafael-sanzio-1501.jpg?w=400\" \/><\/a><\/h3>\n<h3>Rafael Sanzio, 1501<\/h3>\n<p data-adtags-visited=\"true\"><a href=\"https:\/\/albertogranados.files.wordpress.com\/2013\/11\/rafael-zabaleta.jpg\"><img data-recalc-dims=\"1\" decoding=\"async\" class=\"aligncenter size-full wp-image-6167\" src=\"https:\/\/albertogranados.files.wordpress.com\/2013\/11\/rafael-zabaleta.jpg?w=640\" sizes=\"(max-width: 409px) 100vw, 409px\" srcset=\"https:\/\/albertogranados.files.wordpress.com\/2013\/11\/rafael-zabaleta.jpg 409w, https:\/\/albertogranados.files.wordpress.com\/2013\/11\/rafael-zabaleta.jpg?w=122&amp;h=150 122w, https:\/\/albertogranados.files.wordpress.com\/2013\/11\/rafael-zabaleta.jpg?w=243&amp;h=300 243w\" alt=\"Rafael Sanzio, 1501\" data-attachment-id=\"6167\" data-permalink=\"https:\/\/albertogranados.wordpress.com\/2013\/11\/03\/las-tres-gracias\/rafael-zabaleta\/\" data-orig-file=\"https:\/\/albertogranados.files.wordpress.com\/2013\/11\/rafael-zabaleta.jpg\" data-orig-size=\"409,504\" data-comments-opened=\"1\" data-image-meta=\"{&quot;aperture&quot;:&quot;0&quot;,&quot;credit&quot;:&quot;&quot;,&quot;camera&quot;:&quot;&quot;,&quot;caption&quot;:&quot;&quot;,&quot;created_timestamp&quot;:&quot;0&quot;,&quot;copyright&quot;:&quot;&quot;,&quot;focal_length&quot;:&quot;0&quot;,&quot;iso&quot;:&quot;0&quot;,&quot;shutter_speed&quot;:&quot;0&quot;,&quot;title&quot;:&quot;&quot;}\" data-image-title=\"Rafael Sanzio, 1501\" data-image-description=\"\" data-image-caption=\"\" data-medium-file=\"https:\/\/albertogranados.files.wordpress.com\/2013\/11\/rafael-zabaleta.jpg?w=243\" data-large-file=\"https:\/\/albertogranados.files.wordpress.com\/2013\/11\/rafael-zabaleta.jpg?w=409\" \/><\/a><\/p>\n<h3>Rafael Zabaleta<a href=\"https:\/\/albertogranados.files.wordpress.com\/2013\/11\/rubens-1.jpg\"><img data-recalc-dims=\"1\" decoding=\"async\" class=\"aligncenter size-full wp-image-6168\" src=\"https:\/\/albertogranados.files.wordpress.com\/2013\/11\/rubens-1.jpg?w=640\" sizes=\"(max-width: 324px) 100vw, 324px\" srcset=\"https:\/\/albertogranados.files.wordpress.com\/2013\/11\/rubens-1.jpg 324w, https:\/\/albertogranados.files.wordpress.com\/2013\/11\/rubens-1.jpg?w=122&amp;h=150 122w, https:\/\/albertogranados.files.wordpress.com\/2013\/11\/rubens-1.jpg?w=243&amp;h=300 243w\" alt=\"Rubens 1\" data-attachment-id=\"6168\" data-permalink=\"https:\/\/albertogranados.wordpress.com\/2013\/11\/03\/las-tres-gracias\/rubens-1\/\" data-orig-file=\"https:\/\/albertogranados.files.wordpress.com\/2013\/11\/rubens-1.jpg\" data-orig-size=\"324,400\" data-comments-opened=\"1\" data-image-meta=\"{&quot;aperture&quot;:&quot;0&quot;,&quot;credit&quot;:&quot;&quot;,&quot;camera&quot;:&quot;&quot;,&quot;caption&quot;:&quot;&quot;,&quot;created_timestamp&quot;:&quot;0&quot;,&quot;copyright&quot;:&quot;&quot;,&quot;focal_length&quot;:&quot;0&quot;,&quot;iso&quot;:&quot;0&quot;,&quot;shutter_speed&quot;:&quot;0&quot;,&quot;title&quot;:&quot;&quot;}\" data-image-title=\"Rubens 1\" data-image-description=\"\" data-image-caption=\"\" data-medium-file=\"https:\/\/albertogranados.files.wordpress.com\/2013\/11\/rubens-1.jpg?w=243\" data-large-file=\"https:\/\/albertogranados.files.wordpress.com\/2013\/11\/rubens-1.jpg?w=324\" \/><\/a><\/h3>\n<h3>Rubens<a href=\"https:\/\/albertogranados.files.wordpress.com\/2013\/11\/vidriera-modernista.jpg\"><img data-recalc-dims=\"1\" decoding=\"async\" class=\"aligncenter size-full wp-image-6169\" src=\"https:\/\/albertogranados.files.wordpress.com\/2013\/11\/vidriera-modernista.jpg?w=640\" sizes=\"(max-width: 472px) 100vw, 472px\" srcset=\"https:\/\/albertogranados.files.wordpress.com\/2013\/11\/vidriera-modernista.jpg 472w, https:\/\/albertogranados.files.wordpress.com\/2013\/11\/vidriera-modernista.jpg?w=148&amp;h=150 148w, https:\/\/albertogranados.files.wordpress.com\/2013\/11\/vidriera-modernista.jpg?w=296&amp;h=300 296w\" alt=\"Vidriera modernista\" data-attachment-id=\"6169\" data-permalink=\"https:\/\/albertogranados.wordpress.com\/2013\/11\/03\/las-tres-gracias\/vidriera-modernista\/\" data-orig-file=\"https:\/\/albertogranados.files.wordpress.com\/2013\/11\/vidriera-modernista.jpg\" data-orig-size=\"472,478\" data-comments-opened=\"1\" data-image-meta=\"{&quot;aperture&quot;:&quot;0&quot;,&quot;credit&quot;:&quot;&quot;,&quot;camera&quot;:&quot;&quot;,&quot;caption&quot;:&quot;&quot;,&quot;created_timestamp&quot;:&quot;0&quot;,&quot;copyright&quot;:&quot;&quot;,&quot;focal_length&quot;:&quot;0&quot;,&quot;iso&quot;:&quot;0&quot;,&quot;shutter_speed&quot;:&quot;0&quot;,&quot;title&quot;:&quot;&quot;}\" data-image-title=\"Vidriera modernista\" data-image-description=\"\" data-image-caption=\"\" data-medium-file=\"https:\/\/albertogranados.files.wordpress.com\/2013\/11\/vidriera-modernista.jpg?w=296\" data-large-file=\"https:\/\/albertogranados.files.wordpress.com\/2013\/11\/vidriera-modernista.jpg?w=472\" \/><\/a><\/h3>\n<h3>Vidriera modernista<a href=\"https:\/\/albertogranados.files.wordpress.com\/2013\/11\/william-etty-c-1835.jpg\"><img data-recalc-dims=\"1\" decoding=\"async\" class=\"aligncenter size-full wp-image-6170\" src=\"https:\/\/albertogranados.files.wordpress.com\/2013\/11\/william-etty-c-1835.jpg?w=640\" sizes=\"(max-width: 460px) 100vw, 460px\" srcset=\"https:\/\/albertogranados.files.wordpress.com\/2013\/11\/william-etty-c-1835.jpg 460w, https:\/\/albertogranados.files.wordpress.com\/2013\/11\/william-etty-c-1835.jpg?w=124&amp;h=150 124w, https:\/\/albertogranados.files.wordpress.com\/2013\/11\/william-etty-c-1835.jpg?w=249&amp;h=300 249w\" alt=\"William Etty c 1835\" data-attachment-id=\"6170\" data-permalink=\"https:\/\/albertogranados.wordpress.com\/2013\/11\/03\/las-tres-gracias\/william-etty-c-1835\/\" data-orig-file=\"https:\/\/albertogranados.files.wordpress.com\/2013\/11\/william-etty-c-1835.jpg\" data-orig-size=\"460,555\" data-comments-opened=\"1\" data-image-meta=\"{&quot;aperture&quot;:&quot;0&quot;,&quot;credit&quot;:&quot;asha's&quot;,&quot;camera&quot;:&quot;&quot;,&quot;caption&quot;:&quot;&quot;,&quot;created_timestamp&quot;:&quot;1339424694&quot;,&quot;copyright&quot;:&quot;&quot;,&quot;focal_length&quot;:&quot;0&quot;,&quot;iso&quot;:&quot;0&quot;,&quot;shutter_speed&quot;:&quot;0&quot;,&quot;title&quot;:&quot;&quot;}\" data-image-title=\"William Etty c 1835\" data-image-description=\"\" data-image-caption=\"\" data-medium-file=\"https:\/\/albertogranados.files.wordpress.com\/2013\/11\/william-etty-c-1835.jpg?w=249\" data-large-file=\"https:\/\/albertogranados.files.wordpress.com\/2013\/11\/william-etty-c-1835.jpg?w=460\" \/><\/a><\/h3>\n<h3>William Etty c 1835<a href=\"https:\/\/albertogranados.files.wordpress.com\/2013\/11\/wolfgang-mattheuer-three-graces-and-minotaur-1993.jpg\"><img data-recalc-dims=\"1\" decoding=\"async\" class=\"aligncenter size-full wp-image-6171\" src=\"https:\/\/albertogranados.files.wordpress.com\/2013\/11\/wolfgang-mattheuer-three-graces-and-minotaur-1993.jpg?w=640\" sizes=\"(max-width: 553px) 100vw, 553px\" srcset=\"https:\/\/albertogranados.files.wordpress.com\/2013\/11\/wolfgang-mattheuer-three-graces-and-minotaur-1993.jpg 553w, https:\/\/albertogranados.files.wordpress.com\/2013\/11\/wolfgang-mattheuer-three-graces-and-minotaur-1993.jpg?w=150&amp;h=150 150w, https:\/\/albertogranados.files.wordpress.com\/2013\/11\/wolfgang-mattheuer-three-graces-and-minotaur-1993.jpg?w=300&amp;h=300 300w\" alt=\"Wolfgang Mattheuer. Three Graces and Minotaur, 1993.\" data-attachment-id=\"6171\" data-permalink=\"https:\/\/albertogranados.wordpress.com\/2013\/11\/03\/las-tres-gracias\/wolfgang-mattheuer-three-graces-and-minotaur-1993\/\" data-orig-file=\"https:\/\/albertogranados.files.wordpress.com\/2013\/11\/wolfgang-mattheuer-three-graces-and-minotaur-1993.jpg\" data-orig-size=\"553,555\" data-comments-opened=\"1\" data-image-meta=\"{&quot;aperture&quot;:&quot;0&quot;,&quot;credit&quot;:&quot;&quot;,&quot;camera&quot;:&quot;&quot;,&quot;caption&quot;:&quot;?????????????????????????????????????????????????????????&quot;,&quot;created_timestamp&quot;:&quot;0&quot;,&quot;copyright&quot;:&quot;&quot;,&quot;focal_length&quot;:&quot;0&quot;,&quot;iso&quot;:&quot;0&quot;,&quot;shutter_speed&quot;:&quot;0&quot;,&quot;title&quot;:&quot;&quot;}\" data-image-title=\"Wolfgang Mattheuer. Three Graces and Minotaur, 1993.\" data-image-description=\"&lt;p&gt;?????????????????????????????????????????????????????????&lt;\/p&gt;\n\" data-image-caption=\"\" data-medium-file=\"https:\/\/albertogranados.files.wordpress.com\/2013\/11\/wolfgang-mattheuer-three-graces-and-minotaur-1993.jpg?w=300\" data-large-file=\"https:\/\/albertogranados.files.wordpress.com\/2013\/11\/wolfgang-mattheuer-three-graces-and-minotaur-1993.jpg?w=553\" \/><\/a><\/h3>\n<h3>Wolfgang Mattheuer. Las tres Gracias y el Minotauro, 1993.<\/h3>\n<h3>\u00a0<\/h3>\n<p>Toda una gama de est\u00e9ticas, t\u00e9cnicas, nombres y nacionalidades, lo que prueba la pervivencia del mito, tal vez uno de los m\u00e1s presentes en la pl\u00e1stica de todos los tiempos. Si la b\u00fasqueda se ampl\u00eda a la fotograf\u00eda galante, el n\u00famero de im\u00e1genes crece exponencialmente: basta un fot\u00f3grafo inspirado, tres modelos desinhibidas y un paraje solitario para multiplicar las gracias de este mito, pero \u00e9ste trata de ser un blog serio.<\/p>\n<h3>Alberto Granados<\/h3>\n<blockquote class=\"wp-embedded-content\" data-secret=\"BRVHg5DW2z\"><p><a href=\"https:\/\/albertogranados.wordpress.com\/2013\/11\/03\/las-tres-gracias\/\">Las tres Gracias<\/a><\/p><\/blockquote>\n<p><iframe loading=\"lazy\" class=\"wp-embedded-content\" sandbox=\"allow-scripts\" security=\"restricted\" style=\"position: absolute; visibility: hidden;\" title=\"\u00abLas tres Gracias\u00bb \u2014 Alberto Granados\" src=\"https:\/\/albertogranados.wordpress.com\/2013\/11\/03\/las-tres-gracias\/embed\/#?secret=c9rCO044Xr#?secret=BRVHg5DW2z\" data-secret=\"BRVHg5DW2z\" width=\"600\" height=\"338\" frameborder=\"0\" marginwidth=\"0\" marginheight=\"0\" scrolling=\"no\"><\/iframe><\/p>\n<div id=\"jp-post-flair\" class=\"sharedaddy sd-rating-enabled sd-like-enabled sd-sharing-enabled\">\n<div id=\"jp-relatedposts\" class=\"jp-relatedposts\">\u00a0<\/div>\n<\/div>\n","protected":false},"excerpt":{"rendered":"<p>J. Humbert, en su \u201dMitolog\u00eda griega y romana\u201d (Editorial G. Gili, M\u00e9jico D. F., 1978),&#8230;<\/p>\n","protected":false},"author":1,"featured_media":65574,"comment_status":"closed","ping_status":"closed","sticky":false,"template":"","format":"standard","meta":{"_coblocks_attr":"","_coblocks_dimensions":"","_coblocks_responsive_height":"","_coblocks_accordion_ie_support":"","jetpack_post_was_ever_published":false,"_jetpack_newsletter_access":"","_jetpack_dont_email_post_to_subs":false,"_jetpack_newsletter_tier_id":0,"_jetpack_memberships_contains_paywalled_content":false,"_jetpack_memberships_contains_paid_content":false,"footnotes":"","jetpack_publicize_message":"","jetpack_publicize_feature_enabled":true,"jetpack_social_post_already_shared":true,"jetpack_social_options":{"image_generator_settings":{"template":"highway","default_image_id":0,"enabled":false},"version":2}},"categories":[39,44,10],"tags":[],"class_list":["post-65573","post","type-post","status-publish","format-standard","has-post-thumbnail","hentry","category-opinion-de-alberto-granados","category-noticias-de-hoy","category-salud"],"jetpack_publicize_connections":[],"jetpack_featured_media_url":"https:\/\/i0.wp.com\/miradordeatarfe.es\/wp-content\/uploads\/2023\/12\/3700.jpg?fit=500%2C333&ssl=1","jetpack_likes_enabled":true,"jetpack_sharing_enabled":true,"_links":{"self":[{"href":"https:\/\/miradordeatarfe.es\/index.php?rest_route=\/wp\/v2\/posts\/65573","targetHints":{"allow":["GET"]}}],"collection":[{"href":"https:\/\/miradordeatarfe.es\/index.php?rest_route=\/wp\/v2\/posts"}],"about":[{"href":"https:\/\/miradordeatarfe.es\/index.php?rest_route=\/wp\/v2\/types\/post"}],"author":[{"embeddable":true,"href":"https:\/\/miradordeatarfe.es\/index.php?rest_route=\/wp\/v2\/users\/1"}],"replies":[{"embeddable":true,"href":"https:\/\/miradordeatarfe.es\/index.php?rest_route=%2Fwp%2Fv2%2Fcomments&post=65573"}],"version-history":[{"count":2,"href":"https:\/\/miradordeatarfe.es\/index.php?rest_route=\/wp\/v2\/posts\/65573\/revisions"}],"predecessor-version":[{"id":65576,"href":"https:\/\/miradordeatarfe.es\/index.php?rest_route=\/wp\/v2\/posts\/65573\/revisions\/65576"}],"wp:featuredmedia":[{"embeddable":true,"href":"https:\/\/miradordeatarfe.es\/index.php?rest_route=\/wp\/v2\/media\/65574"}],"wp:attachment":[{"href":"https:\/\/miradordeatarfe.es\/index.php?rest_route=%2Fwp%2Fv2%2Fmedia&parent=65573"}],"wp:term":[{"taxonomy":"category","embeddable":true,"href":"https:\/\/miradordeatarfe.es\/index.php?rest_route=%2Fwp%2Fv2%2Fcategories&post=65573"},{"taxonomy":"post_tag","embeddable":true,"href":"https:\/\/miradordeatarfe.es\/index.php?rest_route=%2Fwp%2Fv2%2Ftags&post=65573"}],"curies":[{"name":"wp","href":"https:\/\/api.w.org\/{rel}","templated":true}]}}