{"id":65583,"date":"2023-12-09T10:35:18","date_gmt":"2023-12-09T09:35:18","guid":{"rendered":"https:\/\/miradordeatarfe.es\/?p=65583"},"modified":"2023-12-08T22:40:00","modified_gmt":"2023-12-08T21:40:00","slug":"alumnado-neae-y-la-constitucion-por-juan-de-dios-villanueva-roa","status":"publish","type":"post","link":"https:\/\/miradordeatarfe.es\/?p=65583","title":{"rendered":"\u00abAlumnado NEAE y la Constituci\u00f3n\u00bb por Juan de Dios Villanueva Roa"},"content":{"rendered":"<h3 style=\"text-align: justify;\">Hoy se deber\u00eda celebrar que este pa\u00eds puso en marcha hace ya muchos a\u00f1os una Constituci\u00f3n que vino a poner negro sobre blanco en las reglas de nuestra convivencia.<\/h3>\n<p style=\"text-align: justify;\">Lejos de ello, pasa a ser el primer d\u00eda de un puente sobre un ancho y seco cauce. As\u00ed somos. Hace m\u00e1s de cuarenta a\u00f1os a un servidor lo apearon del \u00faltimo examen de oposiciones (eran cuatro), seg\u00fan me chiv\u00f3 despu\u00e9s alguien, por programar entre las actividades del alumnado de cuarto de EGB la visita al ayuntamiento del pueblo para conocer su funcionamiento. Fue aquello tachado por alg\u00fan celestial miembro del tribunal poco menos que acto izquierdoso, antipedag\u00f3gico.<\/p>\n<p style=\"text-align: justify;\">A\u00fan recuerdo a este individuo y sus ideas. Todo se sabe tarde o temprano. Hoy en la inmensa mayor\u00eda de nuestros colegios se habla de la Constituci\u00f3n, y las visitas a las instituciones son de lo m\u00e1s corriente. Las cosas han cambiado, aunque algunos usan la Constituci\u00f3n para justificar sus luchas e inoperancia. Como es lo de ser absolutamente ineficaces, siguiendo en la escuela, con el hecho de no ofrecer a quienes tienen Necesidades Educativas Diferentes, Especiales, de Atenci\u00f3n Especial, los recursos precisos, en materiales y en profesorado para su integraci\u00f3n y docencia, y en facilitar los caminos a recorrer para llegar al mismo sitio que todos.<\/p>\n<p style=\"text-align: justify;\">Parece mentira que quienes legislan sobre educaci\u00f3n a\u00fan, despu\u00e9s de tantos a\u00f1os, no conozcan esta realidad, vivan en otro mundo, en el de quienes siempre justifican sus prisas y sus carencias por el exceso de trabajo, cuando tal vez sea por el exceso de incompetencia. Luego pondr\u00e1n cifras sobre la mesa.<\/p>\n<p style=\"text-align: justify;\">Qui\u00e9n sabe, Miguel, qui\u00e9n sabe.<\/p>\n<p style=\"text-align: justify;\">https:\/\/www.lavozdelsur.es\/actualidad\/educacion\/trebujena-lucha-parche-junta-compartir-monitor-educacion-especial_266795_102.html<\/p>\n","protected":false},"excerpt":{"rendered":"<p>Hoy se deber\u00eda celebrar que este pa\u00eds puso en marcha hace ya muchos a\u00f1os una&#8230;<\/p>\n","protected":false},"author":1,"featured_media":65584,"comment_status":"closed","ping_status":"closed","sticky":false,"template":"","format":"standard","meta":{"_coblocks_attr":"","_coblocks_dimensions":"","_coblocks_responsive_height":"","_coblocks_accordion_ie_support":"","jetpack_post_was_ever_published":false,"_jetpack_newsletter_access":"","_jetpack_dont_email_post_to_subs":false,"_jetpack_newsletter_tier_id":0,"_jetpack_memberships_contains_paywalled_content":false,"_jetpack_memberships_contains_paid_content":false,"footnotes":"","jetpack_publicize_message":"","jetpack_publicize_feature_enabled":true,"jetpack_social_post_already_shared":true,"jetpack_social_options":{"image_generator_settings":{"template":"highway","default_image_id":0,"enabled":false},"version":2}},"categories":[187,9772,44,7671],"tags":[],"class_list":["post-65583","post","type-post","status-publish","format-standard","has-post-thumbnail","hentry","category-centros-educativos","category-opinion-de-juan-de-dios-villanueva","category-noticias-de-hoy","category-politica"],"jetpack_publicize_connections":[],"jetpack_featured_media_url":"https:\/\/i0.wp.com\/miradordeatarfe.es\/wp-content\/uploads\/2023\/12\/concentracion-colegios-trebujena-1.jpeg?fit=1200%2C801&ssl=1","jetpack_likes_enabled":true,"jetpack_sharing_enabled":true,"_links":{"self":[{"href":"https:\/\/miradordeatarfe.es\/index.php?rest_route=\/wp\/v2\/posts\/65583","targetHints":{"allow":["GET"]}}],"collection":[{"href":"https:\/\/miradordeatarfe.es\/index.php?rest_route=\/wp\/v2\/posts"}],"about":[{"href":"https:\/\/miradordeatarfe.es\/index.php?rest_route=\/wp\/v2\/types\/post"}],"author":[{"embeddable":true,"href":"https:\/\/miradordeatarfe.es\/index.php?rest_route=\/wp\/v2\/users\/1"}],"replies":[{"embeddable":true,"href":"https:\/\/miradordeatarfe.es\/index.php?rest_route=%2Fwp%2Fv2%2Fcomments&post=65583"}],"version-history":[{"count":1,"href":"https:\/\/miradordeatarfe.es\/index.php?rest_route=\/wp\/v2\/posts\/65583\/revisions"}],"predecessor-version":[{"id":65585,"href":"https:\/\/miradordeatarfe.es\/index.php?rest_route=\/wp\/v2\/posts\/65583\/revisions\/65585"}],"wp:featuredmedia":[{"embeddable":true,"href":"https:\/\/miradordeatarfe.es\/index.php?rest_route=\/wp\/v2\/media\/65584"}],"wp:attachment":[{"href":"https:\/\/miradordeatarfe.es\/index.php?rest_route=%2Fwp%2Fv2%2Fmedia&parent=65583"}],"wp:term":[{"taxonomy":"category","embeddable":true,"href":"https:\/\/miradordeatarfe.es\/index.php?rest_route=%2Fwp%2Fv2%2Fcategories&post=65583"},{"taxonomy":"post_tag","embeddable":true,"href":"https:\/\/miradordeatarfe.es\/index.php?rest_route=%2Fwp%2Fv2%2Ftags&post=65583"}],"curies":[{"name":"wp","href":"https:\/\/api.w.org\/{rel}","templated":true}]}}